{"id":16856,"date":"2013-10-09T10:38:20","date_gmt":"2013-10-09T16:38:20","guid":{"rendered":"http:\/\/www.eloriente.net\/home\/?p=16856"},"modified":"2013-10-09T10:38:20","modified_gmt":"2013-10-09T16:38:20","slug":"derechos-humanos-en-oaxaca-compromete-estudio-sobre-pueblos-en-defensa-del-agua","status":"publish","type":"post","link":"http:\/\/www.eloriente.net\/home\/2013\/10\/09\/derechos-humanos-en-oaxaca-compromete-estudio-sobre-pueblos-en-defensa-del-agua\/","title":{"rendered":"Derechos Humanos en Oaxaca compromete estudio sobre pueblos en defensa del agua"},"content":{"rendered":"<p>eloriente.net\/<a href=\"http:\/\/www.derechoshumanosoaxaca.org\/\" target=\"_blank\">DDHPO*<\/a><\/p>\n<p>9 de octubre de 2013<\/p>\n<p>La Defensor\u00eda de los Derechos Humanos del Pueblo de Oaxaca (DDHPO) celebra que comunidades ind\u00edgenas zapotecas \u00a0de los distritos de Ocotl\u00e1n de Morelos \u00a0y Zimatl\u00e1n de \u00c1lvarez, en la regi\u00f3n de Valles Centrales, \u00a0\u00a0hayan obtenido una resoluci\u00f3n a su favor del Tribunal Colegiado en Materia Administrativa del Primer Circuito, para hacer vigente el derecho a la consulta, luego de un proceso jur\u00eddico de reconocimiento de los derechos colectivos y en particular para reivindicar su derecho humano \u00a0al uso del agua.<\/p>\n<p>Se trata de 17 comunidades \u00a0que \u00a0conforman la Coordinadora de Pueblos Unidos por el Cuidado y la Defensa del Agua, \u00a0cuyos representantes, al lado de la asociaci\u00f3n civil Flor y Canto, \u00a0\u00a0el d\u00eda 3 de septiembre pasado acudieron ante la DDHPO para dar a conocer\u00a0distintos hechos que pueden constituir violaciones a sus derechos colectivos e individuales, con motivo del uso y aprovechamiento del agua, \u00a0con lo que se dio inicio al Cuaderno de Antecedentes DDHPO\/ 761\/ (01)\/OAX\/2013.<\/p>\n<p>Este organismo p\u00fablico, aut\u00f3nomo y ciudadanizado, defensor de los derechos humanos del pueblo de Oaxaca, elaborar\u00e1\u00a0un informe especial, en el que se abordar\u00e1 de manera integral la situaci\u00f3n a la que se enfrentan las comunidades que conforman \u00a0dicha coordinadora, \u00a0que permita visibilizar la problem\u00e1tica y propuestas de soluci\u00f3n a la misma.<\/p>\n<p>Para la Defensor\u00eda de los Derechos Humanos del Pueblo de Oaxaca, la\u00a0\u00a0consulta \u00a0adem\u00e1s de ser un derecho, es una herramienta que permitir\u00e1 establecer un di\u00e1logo intercultural, y la adopci\u00f3n de medidas democr\u00e1ticas y \u00a0respetuosas de los derechos colectivos y ante ello,\u00a0 acompa\u00f1ar\u00e1 a estas comunidades en el proceso de consulta que se genere para dar cumplimiento a la resoluci\u00f3n judicial con la finalidad de que sean las mismas comunidades quienes participen en la toma de decisiones sobre el uso y aprovechamiento del agua.<\/p>\n<p>El 28 de julio de 2010, a trav\u00e9s de la Resoluci\u00f3n 64\/292, la Asamblea General de las Naciones Unidas se reconoci\u00f3 expl\u00edcitamente el derecho humano al agua y al saneamiento, reafirmando que el agua potable limpia y el saneamiento son esenciales para la realizaci\u00f3n de todos los derechos humanos.<\/p>\n<p>En este mismo sentido, desde el a\u00f1o 2002, el Comit\u00e9 de Derechos Econ\u00f3micos, Sociales y Culturales adopt\u00f3 la Observaci\u00f3n General n\u00famero 15 sobre el derecho al agua, en la que se establece que \u00abEl derecho humano al agua es indispensable para una vida humana digna\u00bb. La Observaci\u00f3n n\u00famero 15 tambi\u00e9n define el derecho al agua como el derecho de cada uno a disponer de agua suficiente, saludable, aceptable, f\u00edsicamente accesible y asequible para su uso personal y dom\u00e9stico.<\/p>\n<p>En el presente caso, como un elemento adicional es importante tambi\u00e9n considerar que se est\u00e1 frente al ejercicio de derechos colectivos reclamados por comunidades zapotecas, quienes guardan con sus recursos naturales existentes en sus territorios una relaci\u00f3n especial de profundo respeto con la naturaleza, y de manera especial sobre el uso y conservaci\u00f3n del agua y los suelos, mismas\u00a0 que est\u00e1n basadas en pr\u00e1cticas milenarias relacionadas con su identidad cultural.<\/p>\n<p>Para hacer vigente el respeto a los derechos colectivos relacionados con el uso y aprovechamiento de los recursos naturales, los pueblos y comunidades ind\u00edgenas han adoptado la consulta como un derecho fundamental.<\/p>\n<p>Hoy en d\u00eda, este derecho \u00a0se ha desarrollado de manera impresionante en el \u00e1mbito internacional de los derechos humanos, cobrando en consecuencia una vigencia real como un instrumento jur\u00eddico de observancia obligatoria en todas aquellas acciones que puedan afectar los intereses y derechos de los pueblos ind\u00edgenas.<\/p>\n<p>*Comunicado<\/p>\n<p><a href=\"http:\/\/www.eloriente.net\/home\/wp-content\/uploads\/2013\/10\/Templo-de-Zimatla\u0301n-Atribucio\u0301nCompartir-bajo-la-misma-licencia-Algunos-derechos-reservados-por-no-rain-corp.-.jpg\"><img loading=\"lazy\" decoding=\"async\" class=\"alignnone size-medium wp-image-16857\" title=\"Templo de Zimatla\u0301n      Atribucio\u0301nCompartir bajo la misma licencia Algunos derechos reservados por no rain corp.\" src=\"http:\/\/www.eloriente.net\/home\/wp-content\/uploads\/2013\/10\/Templo-de-Zimatla\u0301n-Atribucio\u0301nCompartir-bajo-la-misma-licencia-Algunos-derechos-reservados-por-no-rain-corp.--300x200.jpg\" alt=\"\" width=\"300\" height=\"200\" srcset=\"http:\/\/www.eloriente.net\/home\/wp-content\/uploads\/2013\/10\/Templo-de-Zimatla\u0301n-Atribucio\u0301nCompartir-bajo-la-misma-licencia-Algunos-derechos-reservados-por-no-rain-corp.--300x200.jpg 300w, http:\/\/www.eloriente.net\/home\/wp-content\/uploads\/2013\/10\/Templo-de-Zimatla\u0301n-Atribucio\u0301nCompartir-bajo-la-misma-licencia-Algunos-derechos-reservados-por-no-rain-corp.-.jpg 1024w\" sizes=\"(max-width: 300px) 100vw, 300px\" \/><\/a><\/p>\n<p>Templo de Zimatl\u00e1n de \u00c1lvarez:<\/p>\n<dl id=\"yui_3_11_0_3_1381336433259_305\">\n<dd id=\"yui_3_11_0_3_1381336433259_304\"><a href=\"http:\/\/creativecommons.org\/licenses\/by-sa\/2.0\/\"><img decoding=\"async\" title=\"Atribuci\u00f3n\" src=\"http:\/\/l.yimg.com\/g\/images\/cc_icon_attribution_small.gif\" alt=\"Atribuci\u00f3n\" border=\"0\" \/><img decoding=\"async\" title=\"Compartir bajo la misma licencia\" src=\"http:\/\/l.yimg.com\/g\/images\/cc_icon_sharealike_small.gif\" alt=\"Compartir bajo la misma licencia\" border=\"0\" \/><\/a> <a title=\"Attribution-ShareAlike License\" href=\"http:\/\/creativecommons.org\/licenses\/by-sa\/2.0\/\">Algunos derechos reservados<\/a> por <a id=\"yui_3_11_0_3_1381336433259_303\" href=\"http:\/\/www.flickr.com\/photos\/reyperezoso\/\">no rain corp.<\/a><\/dd>\n<\/dl>\n<p>&nbsp;<\/p>\n<p>Entradas anteriores:<\/p>\n<p><a title=\"Permalink to Por primera vez, \u201cMagistrados fallan a favor de ind\u00edgenas\u201d: Flor y Canto\/Copuda\" href=\"http:\/\/www.eloriente.net\/home\/2013\/08\/26\/por-primera-vez-magistrados-fallan-a-favor-de-indigenas-flor-y-cantocopuda\/\" rel=\"bookmark\">Por primera vez, \u201cMagistrados fallan a favor de ind\u00edgenas\u201d: Flor y Canto\/Copuda<\/a><\/p>\n<p>eloriente.net \/ 26 de agosto de 2013 POR PRIMERA VEZ MANDATA EL TRIBUNAL FEDERAL DE JUSTICIA A\u00a0 LA CONAGUA CONSULTAR A LOS PUEBLOS ZAPOTECAS SOBRE EL ACU\u00cdFERO DE VALLES CENTRALES EN OAXACA. La Coordinadora de Pueblos Unidos por la Defensa y el Cuidado del Agua (COPUDA) y el Centro de Derechos Ind\u00edgenas\u00a0 \u201cFlor y Canto\u201d [&#8230;]<\/p>\n<p>August 26, 2013<\/p>\n<div id=\"post-16785\">\n<p><a title=\"Permalink to Parto en patio de hospital en Jalapa; CNDH se traslada al lugar\" href=\"http:\/\/www.eloriente.net\/home\/2013\/10\/04\/parto-en-patio-de-hospital-en-jalapa-cndh-se-traslada-al-lugar\/\" rel=\"bookmark\">Parto en patio de hospital en Jalapa; CNDH se traslada al lugar<\/a><\/p>\n<p><a href=\"http:\/\/www.eloriente.net\/home\/2013\/10\/04\/parto-en-patio-de-hospital-en-jalapa-cndh-se-traslada-al-lugar\/\" rel=\"bookmark\"><img decoding=\"async\" title=\"Parto en patio de hospital en Jalapa; CNDH se traslada al lugar\" src=\"http:\/\/www.eloriente.net\/home\/wp-content\/themes\/city-desk\/timthumb.php?src=http%3A%2F%2Fwww.eloriente.net%2Fhome%2Fwp-content%2Fuploads%2F2013%2F10%2FJalapa-de-Di%CC%81az-google-eloriente.net_.png&amp;q=90&amp;w=160&amp;h=106&amp;zc=1\" alt=\"Parto en patio de hospital en Jalapa; CNDH se traslada al lugar\" \/><\/a>eloriente.net 4 de octubre de 2013 Comunicado Oficial Comisi\u00f3n Nacional de Derechos Humanos Por instrucciones del Ombudsman nacional, doctor Ra\u00fal Plascencia Villanueva, la Comisi\u00f3n Nacional de los Derechos Humanos, inici\u00f3 una queja de oficio para investigar presuntas violaciones a derechos humanos cometidas contra una mujer ind\u00edgena mazateca quien dio a luz en el patio del [&#8230;]<\/p>\n<p>October 4, 2013<\/p>\n<\/div>\n<div id=\"post-16780\">\n<p><a title=\"Permalink to Se instala primera Sala Constitucional en Oaxaca\" href=\"http:\/\/www.eloriente.net\/home\/2013\/10\/03\/se-instala-primera-sala-constitucional-en-oaxaca\/\" rel=\"bookmark\">Se instala primera Sala Constitucional en Oaxaca<\/a><\/p>\n<p><a href=\"http:\/\/www.eloriente.net\/home\/2013\/10\/03\/se-instala-primera-sala-constitucional-en-oaxaca\/\" rel=\"bookmark\"><img decoding=\"async\" title=\"Se instala primera Sala Constitucional en Oaxaca\" src=\"http:\/\/www.eloriente.net\/home\/wp-content\/themes\/city-desk\/timthumb.php?src=http%3A%2F%2Fwww.eloriente.net%2Fhome%2Fwp-content%2Fuploads%2F2013%2F10%2FTOMA-PROTESTA-01-sala-constitucional-oaxaca-eloriente.net_.jpg&amp;q=90&amp;w=160&amp;h=106&amp;zc=1\" alt=\"Se instala primera Sala Constitucional en Oaxaca\" \/><\/a>eloriente.net\/TSJEO 3 de octubre de 2013 \u00a0 \u00a0 \u00a0Este jueves los magistrados integrantes del nuevo \u00f3rgano tomaron protesta en Sesi\u00f3n Solemne presidida por el titular del Poder Judicial, magistrado Alfredo Lagunas Al instalar formalmente la Sala Constitucional del Tribunal Superior de Justicia, el titular del Poder Judicial, magistrado Alfredo Lagunas Rivera, afirm\u00f3 que\u00a0\u00a0ello no s\u00f3lo [&#8230;]<\/p>\n<p>October 3, 2013<\/p>\n<\/div>\n<p><a title=\"Permalink to \u00bfQu\u00e9 es la objeci\u00f3n de conciencia?\" href=\"http:\/\/www.eloriente.net\/home\/2013\/10\/03\/que-es-la-objecion-de-conciencia\/\" rel=\"bookmark\">\u00bfQu\u00e9 es la objeci\u00f3n de conciencia?<\/a><\/p>\n<p>eloriente.net 3 de octubre de 2013 \u201cDi\u00e1logos con Carbonell\u201d es una serie de c\u00e1psulas destinadas a contribuir en la formaci\u00f3n de las y los j\u00f3venes, dando impulso a los valores, el civismo, la \u00e9tica y la cultura de la legalidad. C\u00e1psulas grabadas por la Comisi\u00f3n Estatal de Derechos Humanos de Chihuahua. 2013.<\/p>\n<p>October 3, 2013<\/p>\n\n\t\t\t  <div \n\t\t\t  \tclass = \"fb-comments\" \n\t\t\t  \tdata-href = \"http:\/\/www.eloriente.net\/home\/2013\/10\/09\/derechos-humanos-en-oaxaca-compromete-estudio-sobre-pueblos-en-defensa-del-agua\/\"\n\t\t\t  \tdata-numposts = \"10\"\n\t\t\t\tdata-colorscheme = \"dark\"\n\t\t\t\tdata-order-by = \"social\"\n\t\t\t\tdata-mobile=true>\n\t\t\t  <\/div>\n\t\t  <style>\n\t\t\t.fb_iframe_widget_fluid_desktop iframe {\n\t\t\t    width: 100% !important;\n\t\t\t}\n\t\t  <\/style>\n\t\t  ","protected":false},"excerpt":{"rendered":"<p>eloriente.net\/DDHPO* 9 de octubre de 2013 La Defensor\u00eda de los Derechos Humanos del Pueblo de Oaxaca (DDHPO) celebra que comunidades ind\u00edgenas zapotecas \u00a0de los distritos de Ocotl\u00e1n de Morelos \u00a0y Zimatl\u00e1n de \u00c1lvarez, en la regi\u00f3n de Valles Centrales, \u00a0\u00a0hayan obtenido una resoluci\u00f3n a su favor del Tribunal Colegiado en Materia Administrativa del Primer Circuito, [&hellip;]<\/p>\n","protected":false},"author":1,"featured_media":16857,"comment_status":"open","ping_status":"open","sticky":false,"template":"","format":"standard","meta":{"_jetpack_memberships_contains_paid_content":false,"footnotes":""},"categories":[49,32,63,10,23],"tags":[],"class_list":["post-16856","post","type-post","status-publish","format-standard","has-post-thumbnail","hentry","category-destacadas","category-entradas","category-estados","category-lo-mas-reciente","category-municipios"],"jetpack_featured_media_url":"http:\/\/www.eloriente.net\/home\/wp-content\/uploads\/2013\/10\/Templo-de-Zimatla\u0301n-Atribucio\u0301nCompartir-bajo-la-misma-licencia-Algunos-derechos-reservados-por-no-rain-corp.-.jpg","jetpack_sharing_enabled":true,"_links":{"self":[{"href":"http:\/\/www.eloriente.net\/home\/wp-json\/wp\/v2\/posts\/16856"}],"collection":[{"href":"http:\/\/www.eloriente.net\/home\/wp-json\/wp\/v2\/posts"}],"about":[{"href":"http:\/\/www.eloriente.net\/home\/wp-json\/wp\/v2\/types\/post"}],"author":[{"embeddable":true,"href":"http:\/\/www.eloriente.net\/home\/wp-json\/wp\/v2\/users\/1"}],"replies":[{"embeddable":true,"href":"http:\/\/www.eloriente.net\/home\/wp-json\/wp\/v2\/comments?post=16856"}],"version-history":[{"count":2,"href":"http:\/\/www.eloriente.net\/home\/wp-json\/wp\/v2\/posts\/16856\/revisions"}],"predecessor-version":[{"id":16860,"href":"http:\/\/www.eloriente.net\/home\/wp-json\/wp\/v2\/posts\/16856\/revisions\/16860"}],"wp:featuredmedia":[{"embeddable":true,"href":"http:\/\/www.eloriente.net\/home\/wp-json\/wp\/v2\/media\/16857"}],"wp:attachment":[{"href":"http:\/\/www.eloriente.net\/home\/wp-json\/wp\/v2\/media?parent=16856"}],"wp:term":[{"taxonomy":"category","embeddable":true,"href":"http:\/\/www.eloriente.net\/home\/wp-json\/wp\/v2\/categories?post=16856"},{"taxonomy":"post_tag","embeddable":true,"href":"http:\/\/www.eloriente.net\/home\/wp-json\/wp\/v2\/tags?post=16856"}],"curies":[{"name":"wp","href":"https:\/\/api.w.org\/{rel}","templated":true}]}}