{"id":16858,"date":"2013-10-09T11:04:12","date_gmt":"2013-10-09T17:04:12","guid":{"rendered":"http:\/\/www.eloriente.net\/home\/?p=16858"},"modified":"2013-10-09T11:13:01","modified_gmt":"2013-10-09T17:13:01","slug":"10oct13-en-vivo-anuncio-de-premio-nobel-de-literatura-2013-por-canal-2-el_oriente","status":"publish","type":"post","link":"http:\/\/www.eloriente.net\/home\/2013\/10\/09\/10oct13-en-vivo-anuncio-de-premio-nobel-de-literatura-2013-por-canal-2-el_oriente\/","title":{"rendered":"10\/Oct\/13 En Vivo: Anuncio de Premio Nobel de Literatura 2013, por Canal 2 @El_Oriente"},"content":{"rendered":"<p>eloriente.net\/<a href=\"http:\/\/www.nobelprize.org\" target=\"_blank\">Nobelprize.org<\/a><\/p>\n<p>9 de octubre de 2013<\/p>\n<p>Este 10 de octubre a las 13 horas tiempo del Centro de Europa (6:00 tiempo del Centro de M\u00e9xico), ser\u00e1 anunciado el escritor o escritora ganadora del Premio Nobel de Literatura 2013.<\/p>\n<p>El anunci\u00f3 se efectuar\u00e1 en el edificio de <a href=\"http:\/\/www.svenskaakademien.se\/en\" target=\"_blank\">La Academia Sueca<\/a>, en K\u00e4largr\u00e4nd 4, Gamla Stand, en Estocolmo, Suecia, y ser\u00e1 ofrecido por Peter Englund, Secretario Permanente de la organizaci\u00f3n.<\/p>\n<p>En ELORIENTE.NET consideramos muy significativo el premio en cuanto puede ayudar a promover y difundir el gusto por las letras, el pensamiento y la obra de los galardonados. Por ello, puedes seguir aqu\u00ed en vivo el anuncio respectivo, a la hora indicada:<br \/>\n<iframe loading=\"lazy\" src=\"\/\/www.youtube.com\/embed\/XZahN6TtKgA\" frameborder=\"0\" width=\"560\" height=\"315\"><\/iframe><\/p>\n<p>&nbsp;<\/p>\n<p>En la imagen Mo Yan, ganador del premio en edici\u00f3n 2012:<\/p>\n<p><a href=\"http:\/\/www.eloriente.net\/home\/wp-content\/uploads\/2013\/10\/Mo-Yan-Nobel-Literatura-2012-Atribucio\u0301n-Algunos-derechos-reservados-por-Bengt-Nyman-.jpg\"><img loading=\"lazy\" decoding=\"async\" class=\"alignnone size-medium wp-image-16861\" title=\"Mo Yan Nobel Literatura 2012      Atribucio\u0301n Algunos derechos reservados por Bengt Nyman\" src=\"http:\/\/www.eloriente.net\/home\/wp-content\/uploads\/2013\/10\/Mo-Yan-Nobel-Literatura-2012-Atribucio\u0301n-Algunos-derechos-reservados-por-Bengt-Nyman--300x238.jpg\" alt=\"\" width=\"300\" height=\"238\" srcset=\"http:\/\/www.eloriente.net\/home\/wp-content\/uploads\/2013\/10\/Mo-Yan-Nobel-Literatura-2012-Atribucio\u0301n-Algunos-derechos-reservados-por-Bengt-Nyman--300x238.jpg 300w, http:\/\/www.eloriente.net\/home\/wp-content\/uploads\/2013\/10\/Mo-Yan-Nobel-Literatura-2012-Atribucio\u0301n-Algunos-derechos-reservados-por-Bengt-Nyman-.jpg 1024w\" sizes=\"(max-width: 300px) 100vw, 300px\" \/><\/a><\/p>\n<dl>\n<dd><a href=\"http:\/\/creativecommons.org\/licenses\/by\/2.0\/\"><img decoding=\"async\" title=\"Atribuci\u00f3n\" src=\"http:\/\/l.yimg.com\/g\/images\/cc_icon_attribution_small.gif\" alt=\"Atribuci\u00f3n\" border=\"0\" \/><\/a> <a title=\"Attribution License\" href=\"http:\/\/creativecommons.org\/licenses\/by\/2.0\/\">Algunos derechos reservados<\/a> por <a href=\"http:\/\/www.flickr.com\/photos\/bnsd\/\">Bengt Nyman<\/a><\/dd>\n<dd><\/dd>\n<dd>Entradas anteriores:<\/dd>\n<dd><\/dd>\n<dd>\n<div id=\"post-11886\">\n<p><a title=\"Permalink to Carlos Fuentes fue el mejor embajador de M\u00e9xico en el mundo\" href=\"http:\/\/www.eloriente.net\/home\/2013\/05\/14\/carlos-fuentes-fue-el-mejor-embajador-de-mexico-en-el-mundo\/\" rel=\"bookmark\">Carlos Fuentes fue el mejor embajador de M\u00e9xico en el mundo<\/a><\/p>\n<p><a href=\"http:\/\/www.eloriente.net\/home\/2013\/05\/14\/carlos-fuentes-fue-el-mejor-embajador-de-mexico-en-el-mundo\/\" rel=\"bookmark\"><img decoding=\"async\" title=\"Carlos Fuentes fue el mejor embajador de M\u00e9xico en el mundo\" src=\"http:\/\/www.eloriente.net\/home\/wp-content\/themes\/city-desk\/timthumb.php?src=http%3A%2F%2Fwww.eloriente.net%2Fhome%2Fwp-content%2Fuploads%2F2013%2F05%2FAlgunos-derechos-reservados-por-Casa-de-Am%C3%A9rica-CARLOS-FUENTES.jpg&amp;q=90&amp;w=160&amp;h=106&amp;zc=1\" alt=\"Carlos Fuentes fue el mejor embajador de M\u00e9xico en el mundo\" \/><\/a>eloriente.net \/ Agencia de Noticias de Canal 22 14 de mayo de 2013 \u201cEra un hombre muy trabajador, se levantaba muy temprano, escrib\u00eda -digamos- desde el amanecer, era muy disciplinado. Camin\u00f3 Londres como pocos, conoci\u00f3 Londres como muy pocos, y era un hombre muy generoso (\u2026), lo que le interesaba era que todos escribi\u00e9ramos\u201d, as\u00ed [&#8230;]<\/p>\n<p>May 14, 2013<\/p>\n<\/div>\n<div id=\"post-10942\">\n<p><a title=\"Permalink to \u201cOctavio Paz, recuento de una vida\u201d, por Canal 4\" href=\"http:\/\/www.eloriente.net\/home\/2013\/04\/18\/octavio-paz-recuento-de-una-vida-por-canal-4\/\" rel=\"bookmark\">\u201cOctavio Paz, recuento de una vida\u201d, por Canal 4<\/a><\/p>\n<p><a href=\"http:\/\/www.eloriente.net\/home\/2013\/04\/18\/octavio-paz-recuento-de-una-vida-por-canal-4\/\" rel=\"bookmark\"><img decoding=\"async\" title=\"\u201cOctavio Paz, recuento de una vida\u201d, por Canal 4\" src=\"http:\/\/www.eloriente.net\/home\/wp-content\/themes\/city-desk\/timthumb.php?src=http%3A%2F%2Fwww.eloriente.net%2Fhome%2Fwp-content%2Fuploads%2F2013%2F04%2FCaptura-de-pantalla-2013-04-18-a-las-16.30.54.png&amp;q=90&amp;w=160&amp;h=106&amp;zc=1\" alt=\"\u201cOctavio Paz, recuento de una vida\u201d, por Canal 4\" \/><\/a>eloriente.net 18 de abril de 2013 El 19 de abril de 2013 se cumplen 15 a\u00f1os del fallecimiento de uno de los grandes escritores y poetas de M\u00e9xico: Octavio Paz. Nacido en la Ciudad de M\u00e9xico el\u00a0 31 de marzo de 1914, Paz fue el poeta, ensayista y pol\u00edtico que dio a M\u00e9xico el Primer [&#8230;]<\/p>\n<p>April 18, 2013<\/p>\n<\/div>\n<div id=\"post-10519\">\n<p><a title=\"Permalink to Exhuman Restos de Neruda, sus restos son llevados a Santiago para analizarlos\" href=\"http:\/\/www.eloriente.net\/home\/2013\/04\/08\/exhuman-restos-de-neruda-sus-restos-son-llevados-a-santiago-para-analizarlos\/\" rel=\"bookmark\">Exhuman Restos de Neruda, sus restos son llevados a Santiago para analizarlos<\/a><\/p>\n<p><a href=\"http:\/\/www.eloriente.net\/home\/2013\/04\/08\/exhuman-restos-de-neruda-sus-restos-son-llevados-a-santiago-para-analizarlos\/\" rel=\"bookmark\"><img decoding=\"async\" title=\"Exhuman Restos de Neruda, sus restos son llevados a Santiago para analizarlos\" src=\"http:\/\/www.eloriente.net\/home\/wp-content\/themes\/city-desk\/timthumb.php?src=http%3A%2F%2Fwww.eloriente.net%2Fhome%2Fwp-content%2Fuploads%2F2013%2F04%2FCaptura-de-pantalla-2013-04-08-a-las-10.04.01.png&amp;q=90&amp;w=160&amp;h=106&amp;zc=1\" alt=\"Exhuman Restos de Neruda, sus restos son llevados a Santiago para analizarlos\" \/><\/a>eloriente.net 8 de abril de 2013 eloriente.net (Oaxaca, Oax.) 8 de abril de 2013.- La ma\u00f1ana de este lunes 8 de abril de 2013 se llev\u00f3 a cabo la exhumaci\u00f3n de los restos de Pablo Neruda, a fin de determinar si el Premio Nobel de Literatura falleci\u00f3 de muerte natural o fue asesinado. Gracias a [&#8230;]<\/p>\n<p>April 8, 2013<\/p>\n<\/div>\n<\/dd>\n<\/dl>\n\n\t\t\t  <div \n\t\t\t  \tclass = \"fb-comments\" \n\t\t\t  \tdata-href = \"http:\/\/www.eloriente.net\/home\/2013\/10\/09\/10oct13-en-vivo-anuncio-de-premio-nobel-de-literatura-2013-por-canal-2-el_oriente\/\"\n\t\t\t  \tdata-numposts = \"10\"\n\t\t\t\tdata-colorscheme = \"dark\"\n\t\t\t\tdata-order-by = \"social\"\n\t\t\t\tdata-mobile=true>\n\t\t\t  <\/div>\n\t\t  <style>\n\t\t\t.fb_iframe_widget_fluid_desktop iframe {\n\t\t\t    width: 100% !important;\n\t\t\t}\n\t\t  <\/style>\n\t\t  ","protected":false},"excerpt":{"rendered":"<p>eloriente.net\/Nobelprize.org 9 de octubre de 2013 Este 10 de octubre a las 13 horas tiempo del Centro de Europa (6:00 tiempo del Centro de M\u00e9xico), ser\u00e1 anunciado el escritor o escritora ganadora del Premio Nobel de Literatura 2013. El anunci\u00f3 se efectuar\u00e1 en el edificio de La Academia Sueca, en K\u00e4largr\u00e4nd 4, Gamla Stand, en [&hellip;]<\/p>\n","protected":false},"author":1,"featured_media":16863,"comment_status":"open","ping_status":"open","sticky":false,"template":"","format":"standard","meta":{"_jetpack_memberships_contains_paid_content":false,"footnotes":""},"categories":[4,18,32,13,24,31],"tags":[],"class_list":["post-16858","post","type-post","status-publish","format-standard","has-post-thumbnail","hentry","category-canal-2-en-vivo","category-educacion-y-cultura","category-entradas","category-especiales","category-mexico-y-el-mundo","category-principal"],"jetpack_featured_media_url":"http:\/\/www.eloriente.net\/home\/wp-content\/uploads\/2013\/10\/Algunos-derechos-reservados-por-Bengt-Nyman-MO-YAN.jpg","jetpack_sharing_enabled":true,"_links":{"self":[{"href":"http:\/\/www.eloriente.net\/home\/wp-json\/wp\/v2\/posts\/16858"}],"collection":[{"href":"http:\/\/www.eloriente.net\/home\/wp-json\/wp\/v2\/posts"}],"about":[{"href":"http:\/\/www.eloriente.net\/home\/wp-json\/wp\/v2\/types\/post"}],"author":[{"embeddable":true,"href":"http:\/\/www.eloriente.net\/home\/wp-json\/wp\/v2\/users\/1"}],"replies":[{"embeddable":true,"href":"http:\/\/www.eloriente.net\/home\/wp-json\/wp\/v2\/comments?post=16858"}],"version-history":[{"count":4,"href":"http:\/\/www.eloriente.net\/home\/wp-json\/wp\/v2\/posts\/16858\/revisions"}],"predecessor-version":[{"id":16866,"href":"http:\/\/www.eloriente.net\/home\/wp-json\/wp\/v2\/posts\/16858\/revisions\/16866"}],"wp:featuredmedia":[{"embeddable":true,"href":"http:\/\/www.eloriente.net\/home\/wp-json\/wp\/v2\/media\/16863"}],"wp:attachment":[{"href":"http:\/\/www.eloriente.net\/home\/wp-json\/wp\/v2\/media?parent=16858"}],"wp:term":[{"taxonomy":"category","embeddable":true,"href":"http:\/\/www.eloriente.net\/home\/wp-json\/wp\/v2\/categories?post=16858"},{"taxonomy":"post_tag","embeddable":true,"href":"http:\/\/www.eloriente.net\/home\/wp-json\/wp\/v2\/tags?post=16858"}],"curies":[{"name":"wp","href":"https:\/\/api.w.org\/{rel}","templated":true}]}}