{"id":16891,"date":"2013-10-11T07:57:28","date_gmt":"2013-10-11T13:57:28","guid":{"rendered":"http:\/\/www.eloriente.net\/home\/?p=16891"},"modified":"2013-10-11T07:57:28","modified_gmt":"2013-10-11T13:57:28","slug":"eduardo-lizalde-obtiene-premio-internacional-de-poesia-federico-garcia-lorca","status":"publish","type":"post","link":"http:\/\/www.eloriente.net\/home\/2013\/10\/11\/eduardo-lizalde-obtiene-premio-internacional-de-poesia-federico-garcia-lorca\/","title":{"rendered":"Eduardo Lizalde obtiene Premio Internacional de Poes\u00eda Federico Garc\u00eda Lorca"},"content":{"rendered":"<p>eloriente.net<\/p>\n<p>11 de octubre de 2013<\/p>\n<p>eloriente.net (Oaxaca, M\u00e9xico).- El inmenso poeta mexicano Eduardo Lizalde fue anunciado esta ma\u00f1ana (medio d\u00eda en Espa\u00f1a) como el poeta reconocido por el Premio Internacional de Poes\u00eda Ciudad de Granada \u00abFederico Garc\u00eda Lorca\u00bb 2013.<\/p>\n<p>Luego de un debate entre el jurado del Premio, en el cual participan miembros de: Real Academia de las Buenas Letras de Granada, Huerta San Vicente, Universidad de Granada, Fundaci\u00f3n Federico Garc\u00eda Lorca, Residencia de Estudiantes, Centro Generaci\u00f3n del 27, Casa de Am\u00e9rica, y el propio Alcalde de Granada, <a href=\"http:\/\/www.abc.es\/cultura\/libros\/20131011\/abci-premio-poesia-federico-garcia-201310111150.html\" target=\"_blank\">se ha hecho p\u00fablico el galard\u00f3n<\/a> para el autor de \u00abEl Tigre en la Casa\u00bb.<\/p>\n<p>Al premio concurrieron este a\u00f1o 44 autores de 16 nacionalidades propuestos por 72 instituciones, y tiene un monto de 30,000 euros.<\/p>\n<p>Hay que recordar que <a href=\"http:\/\/www.edicionescalyarena.com.mx\/?P=bio&amp;autid=71\" target=\"_blank\">Lizalde naci\u00f3 el 14 de julio de 1929<\/a> en la Ciudad de M\u00e9xico y ha recibido entre otros galardones el Premio Xavier Villaurrutia en 1970 por El Tigre en la Casa; el Premio Nacional de Poes\u00eda Aguascalientes por La Zorra Enferma en 1974; el Premio Nacional de Literatura en 1988; y el Premio Iberoamericano Ram\u00f3n L\u00f3pez Velarde en 2012.<\/p>\n<p>Estudi\u00f3 Filosof\u00eda y Letras en la UNAM y M\u00fasica en la Escuela Superior de M\u00fasica.<\/p>\n<p>Se suma a partir de ahora a una<a href=\"http:\/\/www.premiogarcialorca.es\/actividades.htm\" target=\"_blank\"> lista de galardonados<\/a> con el Garc\u00eda Lorca, en la que figuran Pablo Garc\u00eda Baena en 2012, y antes Tom\u00e1s Segovia, Jos\u00e9 Emilio Pacheco, Caballero Bonald y \u00c1ngel Gonz\u00e1lez.<\/p>\n<p>A continuaci\u00f3n algunas notas sobre el poeta mexicano:<\/p>\n<p><a href=\"http:\/\/www.materialdelectura.unam.mx\/index.php?option=com_content&amp;task=view&amp;id=297&amp;Itemid=1&amp;limit=1&amp;limitstart=1\" target=\"_blank\">MATERIAL DE LECTURA DE EDUARDO LIZALDE<\/a><\/p>\n<p>&nbsp;<br \/>\n<iframe loading=\"lazy\" src=\"\/\/www.youtube.com\/embed\/CoAaZQrZo4k\" frameborder=\"0\" width=\"560\" height=\"315\"><\/iframe><br \/>\n<iframe loading=\"lazy\" src=\"\/\/www.youtube.com\/embed\/iw6pYTG-HcU\" frameborder=\"0\" width=\"420\" height=\"315\"><\/iframe><br \/>\n<a href=\"http:\/\/www.eloriente.net\/home\/wp-content\/uploads\/2013\/10\/Granada-Algunos-derechos-reservados-por-jiangkeren.jpg\"><img loading=\"lazy\" decoding=\"async\" class=\"alignnone size-medium wp-image-16892\" title=\"Granada Algunos derechos reservados por jiangkeren\" src=\"http:\/\/www.eloriente.net\/home\/wp-content\/uploads\/2013\/10\/Granada-Algunos-derechos-reservados-por-jiangkeren-300x200.jpg\" alt=\"\" width=\"300\" height=\"200\" srcset=\"http:\/\/www.eloriente.net\/home\/wp-content\/uploads\/2013\/10\/Granada-Algunos-derechos-reservados-por-jiangkeren-300x200.jpg 300w, http:\/\/www.eloriente.net\/home\/wp-content\/uploads\/2013\/10\/Granada-Algunos-derechos-reservados-por-jiangkeren.jpg 1024w\" sizes=\"(max-width: 300px) 100vw, 300px\" \/><\/a><\/p>\n<p>Foto: Catedral de Granada. En la foto cr\u00e9dito.<\/p>\n<p><a title=\"Permalink to Mar\u00eda Chuzena\" href=\"http:\/\/www.eloriente.net\/home\/2013\/08\/30\/16110\/\" rel=\"bookmark\">Mar\u00eda Chuzena<\/a><\/p>\n<p><a href=\"http:\/\/www.eloriente.net\/home\/2013\/08\/30\/16110\/\" rel=\"bookmark\"><img decoding=\"async\" title=\"Mar\u00eda Chuzena\" src=\"http:\/\/www.eloriente.net\/home\/wp-content\/themes\/city-desk\/timthumb.php?src=http%3A%2F%2Fwww.eloriente.net%2Fhome%2Fwp-content%2Fuploads%2F2013%2F08%2FChuzena-Omar-Alejandro.jpg&amp;q=90&amp;w=160&amp;h=106&amp;zc=1\" alt=\"Mar\u00eda Chuzena\" \/><\/a><\/p>\n<p>eloriente.net 30 de agosto de 2013 Por: Omar Alejandro \u00c1ngel MAR\u00cdA CHUZENA Mar\u00eda Chuzena techaba su choza. Un techador que por all\u00ed pasaba, le dijo: -Mar\u00eda Chuzena, \u00bft\u00fa techas tu choza o techas la ajena? -No techo mi choza ni techo la ajena. Yo techo la choza de Mar\u00eda Chuzena. Hab\u00eda vuelto a la ciudad. [&#8230;]<\/p>\n<p>August 30, 2013<\/p>\n<div id=\"post-16024\">\n<p><a title=\"Permalink to Docente Intelectual: gestor de la reflexi\u00f3n cr\u00edtica\" href=\"http:\/\/www.eloriente.net\/home\/2013\/08\/27\/docente-intelectual-gestor-de-la-reflexion-critica\/\" rel=\"bookmark\">Docente Intelectual: gestor de la reflexi\u00f3n cr\u00edtica<\/a><\/p>\n<p>eloriente.net \/ Scielo 27 de agosto de 2013 \u00a0Por:\u00a0Mar\u00eda Evelinda Santiago Jim\u00e9nez*, Jos\u00e9 Bernardo Parra Victorino**, Misael Murillo Murillo*** * Doctora en Ciencias en Planificaci\u00f3n de Empresas y Desarrollo Regional por el Instituto Tecnol\u00f3gico de Oaxaca. Investigadora Nacional Nivel I (SNI). Profesora\u2013investigadora de la Divisi\u00f3n de Estudios de Posgrado e Investigaci\u00f3n y docente invitada en [&#8230;]<\/p>\n<p>August 27, 2013<\/p>\n<p>&nbsp;<\/p>\n<\/div>\n<div id=\"post-15986\">\n<p><a title=\"Permalink to Recordando a Jorge Luis Borges en su aniversario: 24 de agosto\" href=\"http:\/\/www.eloriente.net\/home\/2013\/08\/24\/recordando-a-jorge-luis-borges-en-su-aniversario-24-de-agosto\/\" rel=\"bookmark\">Recordando a Jorge Luis Borges en su aniversario: 24 de agosto<\/a><\/p>\n<p><a href=\"http:\/\/www.eloriente.net\/home\/2013\/08\/24\/recordando-a-jorge-luis-borges-en-su-aniversario-24-de-agosto\/\" rel=\"bookmark\"><img decoding=\"async\" title=\"Recordando a Jorge Luis Borges en su aniversario: 24 de agosto\" src=\"http:\/\/www.eloriente.net\/home\/wp-content\/themes\/city-desk\/timthumb.php?src=http%3A%2F%2Fwww.eloriente.net%2Fhome%2Fwp-content%2Fuploads%2F2013%2F08%2FBorges.-Algunos-derechos-por-Carlos-Adampol.jpg&amp;q=90&amp;w=160&amp;h=106&amp;zc=1\" alt=\"Recordando a Jorge Luis Borges en su aniversario: 24 de agosto\" \/><\/a>eloriente.net 24 de agosto de 2013 Jorge Luis Borges es una de las referencias m\u00e1s importantes de la literatura mundial. Su narrativa, poes\u00eda y ensayo se registran entre los indiscutibles antecedentes de las nuevas generaciones de escritoras y escritoras, y adem\u00e1s, de quienes desean adentrarse en la reflexi\u00f3n de numeros temas: desde la religi\u00f3n hasta [&#8230;]<\/p>\n<p>August 24, 2013<\/p>\n<\/div>\n\n\t\t\t  <div \n\t\t\t  \tclass = \"fb-comments\" \n\t\t\t  \tdata-href = \"http:\/\/www.eloriente.net\/home\/2013\/10\/11\/eduardo-lizalde-obtiene-premio-internacional-de-poesia-federico-garcia-lorca\/\"\n\t\t\t  \tdata-numposts = \"10\"\n\t\t\t\tdata-colorscheme = \"dark\"\n\t\t\t\tdata-order-by = \"social\"\n\t\t\t\tdata-mobile=true>\n\t\t\t  <\/div>\n\t\t  <style>\n\t\t\t.fb_iframe_widget_fluid_desktop iframe {\n\t\t\t    width: 100% !important;\n\t\t\t}\n\t\t  <\/style>\n\t\t  ","protected":false},"excerpt":{"rendered":"<p>eloriente.net 11 de octubre de 2013 eloriente.net (Oaxaca, M\u00e9xico).- El inmenso poeta mexicano Eduardo Lizalde fue anunciado esta ma\u00f1ana (medio d\u00eda en Espa\u00f1a) como el poeta reconocido por el Premio Internacional de Poes\u00eda Ciudad de Granada \u00abFederico Garc\u00eda Lorca\u00bb 2013. Luego de un debate entre el jurado del Premio, en el cual participan miembros de: [&hellip;]<\/p>\n","protected":false},"author":1,"featured_media":16892,"comment_status":"open","ping_status":"open","sticky":false,"template":"","format":"standard","meta":{"_jetpack_memberships_contains_paid_content":false,"footnotes":""},"categories":[18,32,10,31],"tags":[],"class_list":["post-16891","post","type-post","status-publish","format-standard","has-post-thumbnail","hentry","category-educacion-y-cultura","category-entradas","category-lo-mas-reciente","category-principal"],"jetpack_featured_media_url":"http:\/\/www.eloriente.net\/home\/wp-content\/uploads\/2013\/10\/Granada-Algunos-derechos-reservados-por-jiangkeren.jpg","jetpack_sharing_enabled":true,"_links":{"self":[{"href":"http:\/\/www.eloriente.net\/home\/wp-json\/wp\/v2\/posts\/16891"}],"collection":[{"href":"http:\/\/www.eloriente.net\/home\/wp-json\/wp\/v2\/posts"}],"about":[{"href":"http:\/\/www.eloriente.net\/home\/wp-json\/wp\/v2\/types\/post"}],"author":[{"embeddable":true,"href":"http:\/\/www.eloriente.net\/home\/wp-json\/wp\/v2\/users\/1"}],"replies":[{"embeddable":true,"href":"http:\/\/www.eloriente.net\/home\/wp-json\/wp\/v2\/comments?post=16891"}],"version-history":[{"count":2,"href":"http:\/\/www.eloriente.net\/home\/wp-json\/wp\/v2\/posts\/16891\/revisions"}],"predecessor-version":[{"id":16894,"href":"http:\/\/www.eloriente.net\/home\/wp-json\/wp\/v2\/posts\/16891\/revisions\/16894"}],"wp:featuredmedia":[{"embeddable":true,"href":"http:\/\/www.eloriente.net\/home\/wp-json\/wp\/v2\/media\/16892"}],"wp:attachment":[{"href":"http:\/\/www.eloriente.net\/home\/wp-json\/wp\/v2\/media?parent=16891"}],"wp:term":[{"taxonomy":"category","embeddable":true,"href":"http:\/\/www.eloriente.net\/home\/wp-json\/wp\/v2\/categories?post=16891"},{"taxonomy":"post_tag","embeddable":true,"href":"http:\/\/www.eloriente.net\/home\/wp-json\/wp\/v2\/tags?post=16891"}],"curies":[{"name":"wp","href":"https:\/\/api.w.org\/{rel}","templated":true}]}}