{"id":16900,"date":"2013-10-11T11:46:47","date_gmt":"2013-10-11T17:46:47","guid":{"rendered":"http:\/\/www.eloriente.net\/home\/?p=16900"},"modified":"2013-10-11T11:46:47","modified_gmt":"2013-10-11T17:46:47","slug":"abre-conferencia-mundial-de-periodismo-de-investigacion-en-rio","status":"publish","type":"post","link":"http:\/\/www.eloriente.net\/home\/2013\/10\/11\/abre-conferencia-mundial-de-periodismo-de-investigacion-en-rio\/","title":{"rendered":"Abre Conferencia Mundial de Periodismo de Investigaci\u00f3n en R\u00edo"},"content":{"rendered":"<p>eloriente.net\/<a href=\"http:\/\/www.unesco.org\/\" target=\"_blank\">UNESCO<\/a><\/p>\n<p>11 de octubre de 2013<\/p>\n<h4>Desde este s\u00e1bado 12 de octubre, hasta el pr\u00f3ximo martes 15, R\u00edo de Janeiro, Brasil, ser\u00e1 la sede de la denominada Copa Mundial de Periodismo de Investigaci\u00f3n. Durante cuatro d\u00edas, cientos de periodistas de investigaci\u00f3n, estudiantes de periodismo, acad\u00e9micos, expertos, organismos de la ONU y medios de comunicaci\u00f3n profesionales del desarrollo debatir\u00e1n acerca de los desaf\u00edos, logros y el futuro del periodismo de investigaci\u00f3n.<\/h4>\n<div>\n<p>La\u00a0<a href=\"http:\/\/gijc2013.org\/\" target=\"_blank\">Conferencia Mundial de Periodismo de Investigaci\u00f3n<\/a>\u00a0se llevar\u00e1 a cabo simult\u00e1neamente con Conferencia de Am\u00e9rica Latina y el Brasil y es coorganizada por la Red Mundial de Periodismo de Investigaci\u00f3n, IPYS y , Abraji con el apoyo de varios socios , entre ellos la UNESCO.<\/p>\n<p>La UNESCO resalta la importancia del periodismo de investigaci\u00f3n para el fomento de las democracias y el desarrollo. Estos periodistas son elementos centrales para garantizar la rendici\u00f3n de cuentas de los gobiernos y otras partes interesadas , lo cual es fundamental para fortalecer los controles y procesos de rendici\u00f3n de cuentas, que son cruciales para la democracia y el desarrollo.<\/p>\n<p>Durante este evento, la UNESCO apoyar\u00e1 un n\u00famero de debates clave bajo el tema de Periodismo de Investigaci\u00f3n.<\/p>\n<p>El domingo 13, la UNESCO, junto a Frank La Rue y Catalina Botero, Relatores Especiales para la Libertad de Expresi\u00f3n de la ONU y de la OEA , debatir\u00e1 sobre el Plan de Acci\u00f3n de la ONU de seguridad de los periodistas y la Lucha contra la Impunidad.<\/p>\n<p>Ese mismo d\u00eda, conjuntamente con Transparencia Internacional, la OCDE y la ONUDD, discutiremos sobre el reportaje de investigaci\u00f3n, sobre la corrupci\u00f3n y el crimen.<\/p>\n<p>El martes 15, Mark Lee Hunter presentar\u00e1 el exitoso libro \u00abStory-Based Inquiry. A Manual for Investigative Journalists\u00bb (La investigaci\u00f3n a partir de historias. Manual para periodistas de investigaci\u00f3n), que se lanzar\u00e1 tambi\u00e9n en espa\u00f1ol y portugu\u00e9s (versi\u00f3n en PDF).<\/p>\n<p>Durante el lunes, las discusiones se centrar\u00e1n en la libertad de informaci\u00f3n . UNESCO, moderar\u00e1 un debate con el Ministro brasile\u00f1o Jorge Hage , a cargo de la implementaci\u00f3n de la ley brasilera de Libertad de Informaci\u00f3n.<\/p>\n<p>Por \u00faltimo, se celebrar\u00e1 un coloquio sobre las medidas nacionales e internacionales para proteger a los periodistas , en colaboraci\u00f3n con el Ministerio de Derechos Humanos y el Centro de las Naciones Unidas en R\u00edo de Janeiro, Brasil, en la tarde del martes, d\u00eda 15.<\/p>\n<p>Toda la conferencia ofrecer\u00e1 numerosas de oportunidades para la creaci\u00f3n de capacidades , el debate y la creaci\u00f3n de redes en esta reuni\u00f3n global y diversa de periodistas de investigaci\u00f3n en todo el mundo.<\/p>\n<p>Dentro de este contexto, la UNESCO ha colaborado en la organizaci\u00f3n de estas varias sesiones , y ha apoyado la presencia de varios periodistas de investigaci\u00f3n de Am\u00e9rica Latina en la conferencia.<\/p>\n<p><a href=\"http:\/\/www.eloriente.net\/home\/wp-content\/uploads\/2012\/07\/c\u00e1mara.jpeg\"><img loading=\"lazy\" decoding=\"async\" class=\"alignnone size-medium wp-image-734\" title=\"c\u00e1mara\" src=\"http:\/\/www.eloriente.net\/home\/wp-content\/uploads\/2012\/07\/c\u00e1mara-300x200.jpeg\" alt=\"\" width=\"300\" height=\"200\" srcset=\"http:\/\/www.eloriente.net\/home\/wp-content\/uploads\/2012\/07\/c\u00e1mara-300x200.jpeg 300w, http:\/\/www.eloriente.net\/home\/wp-content\/uploads\/2012\/07\/c\u00e1mara.jpeg 640w\" sizes=\"(max-width: 300px) 100vw, 300px\" \/><\/a><\/p>\n<p>&nbsp;<\/p>\n<p><strong>Otras entradas:<\/strong><\/p>\n<p><a title=\"Permalink to Educaci\u00f3n podr\u00eda evitar muertes de mujeres: Informe UNESCO \u201cEducaci\u00f3n para Todos\u201d\" href=\"http:\/\/www.eloriente.net\/home\/2013\/09\/26\/educacion-podria-evitar-muertes-de-mujeres-informe-unesco-educacion-para-todos\/\" rel=\"bookmark\">Educaci\u00f3n podr\u00eda evitar muertes de mujeres: Informe UNESCO \u201cEducaci\u00f3n para Todos\u201d<\/a><\/p>\n<p><a href=\"http:\/\/www.eloriente.net\/home\/2013\/09\/26\/educacion-podria-evitar-muertes-de-mujeres-informe-unesco-educacion-para-todos\/\" rel=\"bookmark\"><img decoding=\"async\" title=\"Educaci\u00f3n podr\u00eda evitar muertes de mujeres: Informe UNESCO \u201cEducaci\u00f3n para Todos\u201d\" src=\"http:\/\/www.eloriente.net\/home\/wp-content\/themes\/city-desk\/timthumb.php?src=http%3A%2F%2Fwww.eloriente.net%2Fhome%2Fwp-content%2Fuploads%2F2013%2F09%2FNin%CC%83a-escribiendo-Wolrd-Bank-Shezad-Noorani.jpg&amp;q=90&amp;w=160&amp;h=106&amp;zc=1\" alt=\"Educaci\u00f3n podr\u00eda evitar muertes de mujeres: Informe UNESCO \u201cEducaci\u00f3n para Todos\u201d\" \/><\/a><\/p>\n<p>eloriente.net\/UNESCO 26 de septiembre de 2013 La educaci\u00f3n posee la capacidad incomparable de reducir la pobreza extrema y potenciar objetivos de desarrollo de m\u00e1s amplio espectro, seg\u00fan datos preliminares del Informe de Seguimiento de la Educaci\u00f3n para Todos en el Mundo que ha dado a conocer la UNESCO con miras a los pr\u00f3ximos debates de [&#8230;]<\/p>\n<p>September 26, 2013<\/p>\n<div id=\"post-15588\">\n<p><a title=\"Permalink to El Estado de la Juventud en Oaxaca: INEGI (Parte 1)\" href=\"http:\/\/www.eloriente.net\/home\/2013\/08\/09\/el-estado-de-la-juventud-en-oaxaca-inegi-parte-1\/\" rel=\"bookmark\">El Estado de la Juventud en Oaxaca: INEGI (Parte 1)<\/a><\/p>\n<p><a href=\"http:\/\/www.eloriente.net\/home\/2013\/08\/09\/el-estado-de-la-juventud-en-oaxaca-inegi-parte-1\/\" rel=\"bookmark\"><img decoding=\"async\" title=\"El Estado de la Juventud en Oaxaca: INEGI (Parte 1)\" src=\"http:\/\/www.eloriente.net\/home\/wp-content\/themes\/city-desk\/timthumb.php?src=http%3A%2F%2Fwww.eloriente.net%2Fhome%2Fwp-content%2Fuploads%2F2013%2F08%2F%40inegiinforma-juventud-familia-e1376147871835.jpg&amp;q=90&amp;w=160&amp;h=106&amp;zc=1\" alt=\"El Estado de la Juventud en Oaxaca: INEGI (Parte 1)\" \/><\/a>eloriente.net \/INEGI 9 de agosto de 2013 eloriente.net (Oaxaca, Oax. a 9 de agosto de 2013).- En ocasi\u00f3n del D\u00eda Internacional de la Juventud a celebrarse el 12 de agosto, el Instituto Nacional de Geograf\u00eda y Estad\u00edstica (INEGI) ha hecho p\u00fablico un exhaustivo documento sobre el estado de la juventud en Oaxaca. Este documento, que [&#8230;]<\/p>\n<p>August 9, 2013<\/p>\n<\/div>\n<div id=\"post-15322\">\n<p><a title=\"Permalink to UNESCO entrega a M\u00e9xico Diploma del Pinacate y Gran Desierto de Altar\" href=\"http:\/\/www.eloriente.net\/home\/2013\/07\/30\/unesco-entrega-a-mexico-diploma-del-pinacate-y-gran-desierto-de-altar\/\" rel=\"bookmark\">UNESCO entrega a M\u00e9xico Diploma del Pinacate y Gran Desierto de Altar<\/a><\/p>\n<p><a href=\"http:\/\/www.eloriente.net\/home\/2013\/07\/30\/unesco-entrega-a-mexico-diploma-del-pinacate-y-gran-desierto-de-altar\/\" rel=\"bookmark\"><img decoding=\"async\" title=\"UNESCO entrega a M\u00e9xico Diploma del Pinacate y Gran Desierto de Altar\" src=\"http:\/\/www.eloriente.net\/home\/wp-content\/themes\/city-desk\/timthumb.php?src=http%3A%2F%2Fwww.eloriente.net%2Fhome%2Fwp-content%2Fuploads%2F2013%2F07%2FCertificado-de-Patrimonio-Mundial.jpg&amp;q=90&amp;w=160&amp;h=106&amp;zc=1\" alt=\"UNESCO entrega a M\u00e9xico Diploma del Pinacate y Gran Desierto de Altar\" \/><\/a>eloriente.net\/ CINU 30 de julio de 2013 eloriente.net (Oaxaca, Oax.) 30 de julio de 2013.- En una ceremonia celebrada en Los Pinos, la representante de la Organizaci\u00f3n de las Naciones Unidas para la Educaci\u00f3n, la Ciencia y la Cultura (UNESCO) en M\u00e9xico, la Sra. Nuria Sanz, entreg\u00f3 ayer al presidente Enrique Pe\u00f1a Nieto, el Diploma [&#8230;]<\/p>\n<p>July 30, 2013<\/p>\n<\/div>\n<\/div>\n\n\t\t\t  <div \n\t\t\t  \tclass = \"fb-comments\" \n\t\t\t  \tdata-href = \"http:\/\/www.eloriente.net\/home\/2013\/10\/11\/abre-conferencia-mundial-de-periodismo-de-investigacion-en-rio\/\"\n\t\t\t  \tdata-numposts = \"10\"\n\t\t\t\tdata-colorscheme = \"dark\"\n\t\t\t\tdata-order-by = \"social\"\n\t\t\t\tdata-mobile=true>\n\t\t\t  <\/div>\n\t\t  <style>\n\t\t\t.fb_iframe_widget_fluid_desktop iframe {\n\t\t\t    width: 100% !important;\n\t\t\t}\n\t\t  <\/style>\n\t\t  ","protected":false},"excerpt":{"rendered":"<p>eloriente.net\/UNESCO 11 de octubre de 2013 Desde este s\u00e1bado 12 de octubre, hasta el pr\u00f3ximo martes 15, R\u00edo de Janeiro, Brasil, ser\u00e1 la sede de la denominada Copa Mundial de Periodismo de Investigaci\u00f3n. Durante cuatro d\u00edas, cientos de periodistas de investigaci\u00f3n, estudiantes de periodismo, acad\u00e9micos, expertos, organismos de la ONU y medios de comunicaci\u00f3n profesionales [&hellip;]<\/p>\n","protected":false},"author":1,"featured_media":734,"comment_status":"open","ping_status":"open","sticky":false,"template":"","format":"standard","meta":{"_jetpack_memberships_contains_paid_content":false,"footnotes":""},"categories":[22,18,32,10,24],"tags":[],"class_list":["post-16900","post","type-post","status-publish","format-standard","has-post-thumbnail","hentry","category-derechos-humanos","category-educacion-y-cultura","category-entradas","category-lo-mas-reciente","category-mexico-y-el-mundo"],"jetpack_featured_media_url":"http:\/\/www.eloriente.net\/home\/wp-content\/uploads\/2012\/07\/c\u00e1mara.jpeg","jetpack_sharing_enabled":true,"_links":{"self":[{"href":"http:\/\/www.eloriente.net\/home\/wp-json\/wp\/v2\/posts\/16900"}],"collection":[{"href":"http:\/\/www.eloriente.net\/home\/wp-json\/wp\/v2\/posts"}],"about":[{"href":"http:\/\/www.eloriente.net\/home\/wp-json\/wp\/v2\/types\/post"}],"author":[{"embeddable":true,"href":"http:\/\/www.eloriente.net\/home\/wp-json\/wp\/v2\/users\/1"}],"replies":[{"embeddable":true,"href":"http:\/\/www.eloriente.net\/home\/wp-json\/wp\/v2\/comments?post=16900"}],"version-history":[{"count":2,"href":"http:\/\/www.eloriente.net\/home\/wp-json\/wp\/v2\/posts\/16900\/revisions"}],"predecessor-version":[{"id":16902,"href":"http:\/\/www.eloriente.net\/home\/wp-json\/wp\/v2\/posts\/16900\/revisions\/16902"}],"wp:featuredmedia":[{"embeddable":true,"href":"http:\/\/www.eloriente.net\/home\/wp-json\/wp\/v2\/media\/734"}],"wp:attachment":[{"href":"http:\/\/www.eloriente.net\/home\/wp-json\/wp\/v2\/media?parent=16900"}],"wp:term":[{"taxonomy":"category","embeddable":true,"href":"http:\/\/www.eloriente.net\/home\/wp-json\/wp\/v2\/categories?post=16900"},{"taxonomy":"post_tag","embeddable":true,"href":"http:\/\/www.eloriente.net\/home\/wp-json\/wp\/v2\/tags?post=16900"}],"curies":[{"name":"wp","href":"https:\/\/api.w.org\/{rel}","templated":true}]}}