{"id":16906,"date":"2013-10-12T08:56:08","date_gmt":"2013-10-12T14:56:08","guid":{"rendered":"http:\/\/www.eloriente.net\/home\/?p=16906"},"modified":"2013-10-12T08:56:08","modified_gmt":"2013-10-12T14:56:08","slug":"maestrias-para-cirujanos-dentistas-en-uabjo-cierran-inscripciones-el-15","status":"publish","type":"post","link":"http:\/\/www.eloriente.net\/home\/2013\/10\/12\/maestrias-para-cirujanos-dentistas-en-uabjo-cierran-inscripciones-el-15\/","title":{"rendered":"Maestr\u00edas para cirujanos dentistas en UABJO: cierran inscripciones el 15"},"content":{"rendered":"<p>eloriente.net\/<a href=\"http:\/\/www.uabjo.mx\/\">UABJO<\/a><\/p>\n<p>12 de octubre de 2013<\/p>\n<p>La Facultad de Odontolog\u00eda de la Universidad Aut\u00f3noma \u201cBenito Ju\u00e1rez\u201d de Oaxaca (UABJO), a trav\u00e9s de la Coordinaci\u00f3n General de Posgrado, invita a los cirujanos dentistas que deseen cursar la Maestr\u00eda en Odontopediatr\u00eda, Maestr\u00eda en Ortodoncia o la Maestr\u00eda en Endodoncia para que participen de la convocatoria vigente del 02 de Septiembre al 15 de Octubre del a\u00f1o en curso.<\/p>\n<p>La recepci\u00f3n de documentos se realizar\u00e1 en el edificio de postgrado de la facultad de Odontolog\u00eda, ubicado en Av. Universidad s\/n Ciudad Universitaria, Ex \u2013 Hacienda de 5 se\u00f1ores, en un horario de 08:00 a 13:00 horas.<\/p>\n<p>Los interesados deber\u00e1n presentar en original y copia los siguientes requisitos: certificado de licenciatura en cirujano dentista o equivalente, t\u00edtulo y c\u00e9dula profesional de la licenciatura, acata de nacimiento, carta de exposici\u00f3n de motivos, curriculum viate, 6 fotograf\u00edas tama\u00f1o infantil de frente, CURP y RFC.<\/p>\n<p>El inicio de clases ser\u00e1 el 15 de febrero de 2014 en el edificio de posgrado. Para mayores informes comunicarse a la Coordinaci\u00f3n de Estudios de Posgrado de la Facultad de Odontolog\u00eda al tel\u00e9fono 951 144 82 76 o al correo postgrado_odonto@hotmail.com<\/p>\n<p><a href=\"http:\/\/www.eloriente.net\/home\/wp-content\/uploads\/2013\/10\/Odontologi\u0301a-UABJO-ELORIENTE.NET-.jpg\"><img loading=\"lazy\" decoding=\"async\" class=\"alignnone size-medium wp-image-16907\" title=\"Odontologi\u0301a UABJO ELORIENTE.NET\" src=\"http:\/\/www.eloriente.net\/home\/wp-content\/uploads\/2013\/10\/Odontologi\u0301a-UABJO-ELORIENTE.NET--300x200.jpg\" alt=\"\" width=\"300\" height=\"200\" srcset=\"http:\/\/www.eloriente.net\/home\/wp-content\/uploads\/2013\/10\/Odontologi\u0301a-UABJO-ELORIENTE.NET--300x200.jpg 300w, http:\/\/www.eloriente.net\/home\/wp-content\/uploads\/2013\/10\/Odontologi\u0301a-UABJO-ELORIENTE.NET--1024x683.jpg 1024w\" sizes=\"(max-width: 300px) 100vw, 300px\" \/><\/a><\/p>\n<p>FOTO: Uabjo<\/p>\n<p><strong>Otras entradas:<\/strong><\/p>\n<div id=\"post-15999\">\n<p><a title=\"Permalink to Abre Diplomado en Derecho Notarial y Registral en Oaxaca\" href=\"http:\/\/www.eloriente.net\/home\/2013\/08\/26\/abre-diplomado-en-derecho-notarial-y-registral-en-oaxaca\/\" rel=\"bookmark\">Abre Diplomado en Derecho Notarial y Registral en Oaxaca<\/a><\/p>\n<p><a href=\"http:\/\/www.eloriente.net\/home\/2013\/08\/26\/abre-diplomado-en-derecho-notarial-y-registral-en-oaxaca\/\" rel=\"bookmark\"><img decoding=\"async\" title=\"Abre Diplomado en Derecho Notarial y Registral en Oaxaca\" src=\"http:\/\/www.eloriente.net\/home\/wp-content\/themes\/city-desk\/timthumb.php?src=http%3A%2F%2Fwww.eloriente.net%2Fhome%2Fwp-content%2Fuploads%2F2013%2F08%2FINAUGURACION-DIPLOMADO-t01.jpg&amp;q=90&amp;w=160&amp;h=106&amp;zc=1\" alt=\"Abre Diplomado en Derecho Notarial y Registral en Oaxaca\" \/><\/a>eloriente.net \/ TSJEO 26 de agosto de 2013 \u00b7\u00a0\u00a0\u00a0\u00a0\u00a0\u00a0\u00a0\u00a0\u00a0El titular del Poder Judicial, magistrado Alfredo Lagunas Rivera reconoci\u00f3 la valiosa labor de los profesionales del derecho y fedatarios A invitaci\u00f3n de la Universidad Aut\u00f3noma \u201cBenito Ju\u00e1rez\u201d de Oaxaca (UABJO), el titular del Poder Judicial, magistrado Alfredo Lagunas Rivera, inaugur\u00f3 los trabajos del Diplomado en Derecho [&#8230;]<\/p>\n<p>August 26, 2013<\/p>\n<\/div>\n<div id=\"post-16315\">\n<p><a title=\"Permalink to Licenciatura en Entrenamiento Deportivo en UABJO inagura edificio\" href=\"http:\/\/www.eloriente.net\/home\/2013\/08\/22\/licenciatura-en-entrenamiento-deportivo-en-uabjo-inagura-edificio\/\" rel=\"bookmark\">Licenciatura en Entrenamiento Deportivo en UABJO inagura edificio<\/a><\/p>\n<p><a href=\"http:\/\/www.eloriente.net\/home\/2013\/08\/22\/licenciatura-en-entrenamiento-deportivo-en-uabjo-inagura-edificio\/\" rel=\"bookmark\"><img decoding=\"async\" title=\"Licenciatura en Entrenamiento Deportivo en UABJO inagura edificio\" src=\"http:\/\/www.eloriente.net\/home\/wp-content\/themes\/city-desk\/timthumb.php?src=http%3A%2F%2Fwww.eloriente.net%2Fhome%2Fwp-content%2Fuploads%2F2013%2F09%2FEdificio-en-licenciatura-deportiva-UABJO.jpg&amp;q=90&amp;w=160&amp;h=106&amp;zc=1\" alt=\"Licenciatura en Entrenamiento Deportivo en UABJO inagura edificio\" \/><\/a>eloriente.net\/UABJO 22 de agosto de 2013 Al encabezar la ceremonia inaugural de la primera parte del edificio \u201cH\u201d de la Licenciatura en Entrenamiento Deportivo de la Universidad Aut\u00f3noma \u201cBenito Ju\u00e1rez\u201d de Oaxaca (UABJO), el rector Eduardo Mart\u00ednez Helmes se dijo orgulloso de que se cumpla una meta m\u00e1s, se ha consolidado este sue\u00f1o por medio [&#8230;]<\/p>\n<p>August 22, 2013<\/p>\n<\/div>\n<p><a title=\"Permalink to Bachilleratos de la UABJO tienen nuevo plan de estudios\" href=\"http:\/\/www.eloriente.net\/home\/2013\/08\/21\/bachilleratos-de-la-uabjo-tienen-nuevo-plan-de-estudios\/\" rel=\"bookmark\">Bachilleratos de la UABJO tienen nuevo plan de estudios<\/a><\/p>\n<p><a href=\"http:\/\/www.eloriente.net\/home\/2013\/08\/21\/bachilleratos-de-la-uabjo-tienen-nuevo-plan-de-estudios\/\" rel=\"bookmark\"><img decoding=\"async\" title=\"Bachilleratos de la UABJO tienen nuevo plan de estudios\" src=\"http:\/\/www.eloriente.net\/home\/wp-content\/themes\/city-desk\/timthumb.php?src=http%3A%2F%2Fwww.eloriente.net%2Fhome%2Fwp-content%2Fuploads%2F2013%2F09%2FInicia-ciclo-escolar-en-Prepa-UABJO.jpg&amp;q=90&amp;w=160&amp;h=106&amp;zc=1\" alt=\"Bachilleratos de la UABJO tienen nuevo plan de estudios\" \/><\/a><\/p>\n<p>eloriente.net\/UABJO 21 de agosto de 2012 Presentan nuevo Plan de Estudios para Bachilleratos de la Universidad Inauguran modulo sanitario Congregados en la explanada de la Escuela Preparatoria n\u00famero 1 y ante \u00a0estudiantes y docentes, el rector de la Universidad Aut\u00f3noma \u201cBenito Ju\u00e1rez\u201d de Oaxaca (UABJO), Eduardo Mart\u00ednez Helmes, acompa\u00f1ado de la doctora Isabel Gra\u00f1\u00e9n Porr\u00faa, [&#8230;]<\/p>\n<p>August 21, 2013<\/p>\n\n\t\t\t  <div \n\t\t\t  \tclass = \"fb-comments\" \n\t\t\t  \tdata-href = \"http:\/\/www.eloriente.net\/home\/2013\/10\/12\/maestrias-para-cirujanos-dentistas-en-uabjo-cierran-inscripciones-el-15\/\"\n\t\t\t  \tdata-numposts = \"10\"\n\t\t\t\tdata-colorscheme = \"dark\"\n\t\t\t\tdata-order-by = \"social\"\n\t\t\t\tdata-mobile=true>\n\t\t\t  <\/div>\n\t\t  <style>\n\t\t\t.fb_iframe_widget_fluid_desktop iframe {\n\t\t\t    width: 100% !important;\n\t\t\t}\n\t\t  <\/style>\n\t\t  ","protected":false},"excerpt":{"rendered":"<p>eloriente.net\/UABJO 12 de octubre de 2013 La Facultad de Odontolog\u00eda de la Universidad Aut\u00f3noma \u201cBenito Ju\u00e1rez\u201d de Oaxaca (UABJO), a trav\u00e9s de la Coordinaci\u00f3n General de Posgrado, invita a los cirujanos dentistas que deseen cursar la Maestr\u00eda en Odontopediatr\u00eda, Maestr\u00eda en Ortodoncia o la Maestr\u00eda en Endodoncia para que participen de la convocatoria vigente del [&hellip;]<\/p>\n","protected":false},"author":1,"featured_media":16907,"comment_status":"open","ping_status":"open","sticky":false,"template":"","format":"standard","meta":{"_jetpack_memberships_contains_paid_content":false,"footnotes":""},"categories":[18,32,10,84],"tags":[],"class_list":["post-16906","post","type-post","status-publish","format-standard","has-post-thumbnail","hentry","category-educacion-y-cultura","category-entradas","category-lo-mas-reciente","category-universidades"],"jetpack_featured_media_url":"http:\/\/www.eloriente.net\/home\/wp-content\/uploads\/2013\/10\/Odontologi\u0301a-UABJO-ELORIENTE.NET-.jpg","jetpack_sharing_enabled":true,"_links":{"self":[{"href":"http:\/\/www.eloriente.net\/home\/wp-json\/wp\/v2\/posts\/16906"}],"collection":[{"href":"http:\/\/www.eloriente.net\/home\/wp-json\/wp\/v2\/posts"}],"about":[{"href":"http:\/\/www.eloriente.net\/home\/wp-json\/wp\/v2\/types\/post"}],"author":[{"embeddable":true,"href":"http:\/\/www.eloriente.net\/home\/wp-json\/wp\/v2\/users\/1"}],"replies":[{"embeddable":true,"href":"http:\/\/www.eloriente.net\/home\/wp-json\/wp\/v2\/comments?post=16906"}],"version-history":[{"count":2,"href":"http:\/\/www.eloriente.net\/home\/wp-json\/wp\/v2\/posts\/16906\/revisions"}],"predecessor-version":[{"id":16909,"href":"http:\/\/www.eloriente.net\/home\/wp-json\/wp\/v2\/posts\/16906\/revisions\/16909"}],"wp:featuredmedia":[{"embeddable":true,"href":"http:\/\/www.eloriente.net\/home\/wp-json\/wp\/v2\/media\/16907"}],"wp:attachment":[{"href":"http:\/\/www.eloriente.net\/home\/wp-json\/wp\/v2\/media?parent=16906"}],"wp:term":[{"taxonomy":"category","embeddable":true,"href":"http:\/\/www.eloriente.net\/home\/wp-json\/wp\/v2\/categories?post=16906"},{"taxonomy":"post_tag","embeddable":true,"href":"http:\/\/www.eloriente.net\/home\/wp-json\/wp\/v2\/tags?post=16906"}],"curies":[{"name":"wp","href":"https:\/\/api.w.org\/{rel}","templated":true}]}}