{"id":16910,"date":"2013-10-12T09:10:57","date_gmt":"2013-10-12T15:10:57","guid":{"rendered":"http:\/\/www.eloriente.net\/home\/?p=16910"},"modified":"2013-10-12T09:10:57","modified_gmt":"2013-10-12T15:10:57","slug":"escucha-a-rafael-cid-y-alberto-ortiz-en-todo-oaxaca-radio-del-8oct13","status":"publish","type":"post","link":"http:\/\/www.eloriente.net\/home\/2013\/10\/12\/escucha-a-rafael-cid-y-alberto-ortiz-en-todo-oaxaca-radio-del-8oct13\/","title":{"rendered":"Escucha a Rafael Cid y Alberto Ortiz en Todo Oaxaca Radio del 8\/Oct\/13"},"content":{"rendered":"<p>todooaxacaradio.com<\/p>\n<p>10 de octubre de 2013<\/p>\n<p>Como cada martes, a las 17:00, Todo Oaxaca Radio se transmiti\u00f3 completamente en vivo desde la Ciudad de Oaxaca de Ju\u00e1rez, a trav\u00e9s de las frecuencias abiertas 570AM y 94.9FM, y para todo el mundo a trav\u00e9s de www.todooaxacaradio.com.<\/p>\n<p>El programa es conducido por Rub\u00e9n Vasconcelos Beltr\u00e1n, Cronista de la Ciudad de Oaxaca, as\u00ed como por Guadalupe Zarza Brise\u00f1o, reconocida empresaria y representante de la sociedad civil.<\/p>\n<p><strong>Nuestros temas e invitados del 8 de octubre de 2013<\/strong><\/p>\n<p>El inicio del mes de octubre es especial para Oaxaca porque conmemoramos el 7 de octubre de 1884 se declara a Huajuapan y a Santa Mar\u00eda Asunci\u00f3n Tlaxiaco como ciudades heroicas, por lo cual el Cronista Vasconcelos Beltr\u00e1n coment\u00f3 sobre dichos antecedentes y la importancia de este hecho. Adem\u00e1s, se le dio categor\u00eda de villas a otras poblaciones com Huatla y Teposcolula, entre otras.<\/p>\n<p><a href=\"http:\/\/www.todooaxacaradio.com\/wp-content\/uploads\/2013\/10\/Rafael-Cid-TOR-081013.jpg\"><img loading=\"lazy\" decoding=\"async\" class=\"aligncenter size-medium wp-image-14337\" title=\"Rafael Cid TOR 081013\" src=\"http:\/\/www.todooaxacaradio.com\/wp-content\/uploads\/2013\/10\/Rafael-Cid-TOR-081013-300x200.jpg\" alt=\"\" width=\"300\" height=\"200\" \/><\/a><\/p>\n<p><strong>Minuto 5&#8242;<\/strong>: Rafael Cid S\u00e1nchez, Director de la Agencia de Publicidad Fusi\u00f3n Creativa nos coment\u00f3 todos los detalles del Congreso Nacional de Publicidad Fusiona 2013, a realizarse en Huatulco, Oaxaca, lo d\u00edas 11 y 12 de octubre de 2013. Estar\u00e1n all\u00ed publicistas de primer nivel, conviviendo con estudiantes y profesionales de la publicidad y el dise\u00f1o.<\/p>\n<p>\u00abEl objetivo es poderles acercar a estudiantes, profesionistas y empresarios, casos de \u00e9xito y cosas importantes en la publicidad nacional e internacional. El Congreso de 2012 fue muy importante porque reunimos a los 6 publicistas m\u00e1s premiados del mundo. Hacemos un gran esfuerzo\u00bb, dijo Cid.<\/p>\n<p><strong>Min. 16&#8242; aprox.: Vladimir Garc\u00eda<\/strong> nos coment\u00f3 sobre su participaci\u00f3n como experto de Oaxaca en el Cuarto Congreso Internacional de Acuaponia en Toluca, Estado de M\u00e9xico.<\/p>\n<p>Convers\u00f3 sobre los avances que en 9 pa\u00edses se est\u00e1n dando en la materia y el desarrollo de proyectos sustentables espec\u00edficamente en Oaxaca.<\/p>\n<p>Min. 37&#8242; Aprox.: Inmediatamente despu\u00e9s, tuvimos el honor de recibir a <strong>Alberto Ortiz Casta\u00f1eda, Director Ejecutivo de la Fundaci\u00f3n Universidad Aut\u00f3noma Benito Ju\u00e1rez de Oaxaca<\/strong> (<a href=\"http:\/\/www.fundacion.uabjo.mx\/indexs.php\" target=\"_blank\">Fundaci\u00f3n UABJO<\/a>), quien coment\u00f3 sobre los programas de esa instituci\u00f3n, haciendo \u00e9nfasis al esperado concierto de Pablo Milan\u00e9s en Oaxaca, para el pr\u00f3ximo 18 de octubre.<\/p>\n<p><a href=\"http:\/\/www.todooaxacaradio.com\/wp-content\/uploads\/2013\/10\/Pablo-Milan\u00e9s-UABJO.jpg\"><img loading=\"lazy\" decoding=\"async\" class=\"aligncenter  wp-image-14355\" title=\"Pablo Milan\u00e9s UABJO\" src=\"http:\/\/www.todooaxacaradio.com\/wp-content\/uploads\/2013\/10\/Pablo-Milan\u00e9s-UABJO-300x257.jpg\" alt=\"\" width=\"300\" height=\"257\" \/><\/a><\/p>\n<p>Todos los detalles del concierto y de la Fundaci\u00f3n, puedes escucharlos escuchando el programa a continuaci\u00f3n:<br \/>\n<iframe loading=\"lazy\" src=\"http:\/\/www.ivoox.com\/player_ek_2438626_1.html\" frameborder=\"0\" scrolling=\"no\" width=\"238\" height=\"48\"><\/iframe><br \/>\nEntradas anteriores:<\/p>\n<div id=\"post-16757\">\n<p><a title=\"Permalink to Las 10+ Vistas de ELORIENTE.NET en Septiembre\/2013\" href=\"http:\/\/www.eloriente.net\/home\/2013\/10\/03\/las-10-vistas-de-eloriente-net-en-septiembre2013\/\" rel=\"bookmark\">Las 10+ Vistas de ELORIENTE.NET en Septiembre\/2013<\/a><\/p>\n<p><a href=\"http:\/\/www.eloriente.net\/home\/2013\/10\/03\/las-10-vistas-de-eloriente-net-en-septiembre2013\/\" rel=\"bookmark\"><img decoding=\"async\" title=\"Las 10+ Vistas de ELORIENTE.NET en Septiembre\/2013\" src=\"http:\/\/www.eloriente.net\/home\/wp-content\/themes\/city-desk\/timthumb.php?src=http%3A%2F%2Fwww.eloriente.net%2Fhome%2Fwp-content%2Fuploads%2F2013%2F10%2FRichard-Kalvar-La-Louvi%C3%A8re-Belgique-1979-%40MaisonEuropeennePhotographie.jpg&amp;q=90&amp;w=160&amp;h=106&amp;zc=1\" alt=\"Las 10+ Vistas de ELORIENTE.NET en Septiembre\/2013\" \/><\/a>eloriente.net 3 de octubre de 2013 Cada mes, El Oriente publicar\u00e1 esta lista de los contenidos m\u00e1s visitados por nuestros usuarios. Esto, para que aquellos que se han perdido una buena recomendaci\u00f3n, una buena nota, tengan la oportunidad de volver sobre ella, aprender, regocijarse, disfrutar. Hay que recordar que el objetivo de El Oriente es [&#8230;]<\/p>\n<p>October 3, 2013<\/p>\n<\/div>\n<div id=\"post-16471\">\n<p><a title=\"Permalink to Egresan alumnos de Contadur\u00eda-UABJO; reciben reconocimiento\" href=\"http:\/\/www.eloriente.net\/home\/2013\/09\/17\/egresan-alumnos-de-contaduria-uabjo-reciben-reconocimiento\/\" rel=\"bookmark\">Egresan alumnos de Contadur\u00eda-UABJO; reciben reconocimiento<\/a><\/p>\n<p><a href=\"http:\/\/www.eloriente.net\/home\/2013\/09\/17\/egresan-alumnos-de-contaduria-uabjo-reciben-reconocimiento\/\" rel=\"bookmark\"><img decoding=\"async\" title=\"Egresan alumnos de Contadur\u00eda-UABJO; reciben reconocimiento\" src=\"http:\/\/www.eloriente.net\/home\/wp-content\/themes\/city-desk\/timthumb.php?src=http%3A%2F%2Fwww.eloriente.net%2Fhome%2Fwp-content%2Fuploads%2F2013%2F09%2FUABJO-reconocimientos-contaduri%CC%81a-pu%CC%81blica-eloriente.net_.jpg&amp;q=90&amp;w=160&amp;h=106&amp;zc=1\" alt=\"Egresan alumnos de Contadur\u00eda-UABJO; reciben reconocimiento\" \/><\/a>eloriente.net\/UABJO 17 de septiembre de 2013 El rector de la Universidad Aut\u00f3noma \u201cBenito Ju\u00e1rez\u201d de Oaxaca (UABJO), Eduardo Mart\u00ednez Helmes en compa\u00f1\u00eda del titular de la Facultad de Contadur\u00eda y Administraci\u00f3n (FCA), Abel Antonio Morales Santiago, encabezaron la ceremonia de entrega de reconocimientos a los alumnos hoy egresados de la Licenciatura en Contadur\u00eda P\u00fablica, de [&#8230;]<\/p>\n<p>September 17, 2013<\/p>\n<\/div>\n<div id=\"post-16330\">\n<p><a title=\"Permalink to 18 de octubre, Pablo Milan\u00e9s ofrece concierto en Oaxaca\" href=\"http:\/\/www.eloriente.net\/home\/2013\/09\/10\/18-de-octubre-pablo-milanes-ofrece-concierto-en-oaxaca\/\" rel=\"bookmark\">18 de octubre, Pablo Milan\u00e9s ofrece concierto en Oaxaca<\/a><\/p>\n<p><a href=\"http:\/\/www.eloriente.net\/home\/2013\/09\/10\/18-de-octubre-pablo-milanes-ofrece-concierto-en-oaxaca\/\" rel=\"bookmark\"><img decoding=\"async\" title=\"18 de octubre, Pablo Milan\u00e9s ofrece concierto en Oaxaca\" src=\"http:\/\/www.eloriente.net\/home\/wp-content\/themes\/city-desk\/timthumb.php?src=http%3A%2F%2Fwww.eloriente.net%2Fhome%2Fwp-content%2Fuploads%2F2013%2F09%2FFundacion-UABJO-Pablo-Milan%C3%A9s.jpg&amp;q=90&amp;w=160&amp;h=106&amp;zc=1\" alt=\"18 de octubre, Pablo Milan\u00e9s ofrece concierto en Oaxaca\" \/><\/a>eloriente.net Actualizaci\u00f3n: 23 de septiembre de 2013 En seguimiento a la informaci\u00f3n publicada por ELORIENTE.NET, la Fundaci\u00f3n UABJO nos informa puntualmente los lugares en los cuales pueden adquirirse los boletos para este esperado concierto de Pablo Milan\u00e9s: Tienda Fundaci\u00f3n UABJO Ubicada en Dalias 100, Colonia Reforma, a s\u00f3lo media cuadra de la Iglesia de Nuestra [&#8230;]<\/p>\n<p>September 10, 2013<\/p>\n<\/div>\n\n\t\t\t  <div \n\t\t\t  \tclass = \"fb-comments\" \n\t\t\t  \tdata-href = \"http:\/\/www.eloriente.net\/home\/2013\/10\/12\/escucha-a-rafael-cid-y-alberto-ortiz-en-todo-oaxaca-radio-del-8oct13\/\"\n\t\t\t  \tdata-numposts = \"10\"\n\t\t\t\tdata-colorscheme = \"dark\"\n\t\t\t\tdata-order-by = \"social\"\n\t\t\t\tdata-mobile=true>\n\t\t\t  <\/div>\n\t\t  <style>\n\t\t\t.fb_iframe_widget_fluid_desktop iframe {\n\t\t\t    width: 100% !important;\n\t\t\t}\n\t\t  <\/style>\n\t\t  ","protected":false},"excerpt":{"rendered":"<p>todooaxacaradio.com 10 de octubre de 2013 Como cada martes, a las 17:00, Todo Oaxaca Radio se transmiti\u00f3 completamente en vivo desde la Ciudad de Oaxaca de Ju\u00e1rez, a trav\u00e9s de las frecuencias abiertas 570AM y 94.9FM, y para todo el mundo a trav\u00e9s de www.todooaxacaradio.com. El programa es conducido por Rub\u00e9n Vasconcelos Beltr\u00e1n, Cronista de [&hellip;]<\/p>\n","protected":false},"author":1,"featured_media":16331,"comment_status":"open","ping_status":"open","sticky":false,"template":"","format":"standard","meta":{"_jetpack_memberships_contains_paid_content":false,"footnotes":""},"categories":[32,12,84],"tags":[],"class_list":["post-16910","post","type-post","status-publish","format-standard","has-post-thumbnail","hentry","category-entradas","category-todo-oaxaca-radio","category-universidades"],"jetpack_featured_media_url":"http:\/\/www.eloriente.net\/home\/wp-content\/uploads\/2013\/09\/Fundacion-UABJO-Pablo-Milan\u00e9s.jpg","jetpack_sharing_enabled":true,"_links":{"self":[{"href":"http:\/\/www.eloriente.net\/home\/wp-json\/wp\/v2\/posts\/16910"}],"collection":[{"href":"http:\/\/www.eloriente.net\/home\/wp-json\/wp\/v2\/posts"}],"about":[{"href":"http:\/\/www.eloriente.net\/home\/wp-json\/wp\/v2\/types\/post"}],"author":[{"embeddable":true,"href":"http:\/\/www.eloriente.net\/home\/wp-json\/wp\/v2\/users\/1"}],"replies":[{"embeddable":true,"href":"http:\/\/www.eloriente.net\/home\/wp-json\/wp\/v2\/comments?post=16910"}],"version-history":[{"count":2,"href":"http:\/\/www.eloriente.net\/home\/wp-json\/wp\/v2\/posts\/16910\/revisions"}],"predecessor-version":[{"id":16912,"href":"http:\/\/www.eloriente.net\/home\/wp-json\/wp\/v2\/posts\/16910\/revisions\/16912"}],"wp:featuredmedia":[{"embeddable":true,"href":"http:\/\/www.eloriente.net\/home\/wp-json\/wp\/v2\/media\/16331"}],"wp:attachment":[{"href":"http:\/\/www.eloriente.net\/home\/wp-json\/wp\/v2\/media?parent=16910"}],"wp:term":[{"taxonomy":"category","embeddable":true,"href":"http:\/\/www.eloriente.net\/home\/wp-json\/wp\/v2\/categories?post=16910"},{"taxonomy":"post_tag","embeddable":true,"href":"http:\/\/www.eloriente.net\/home\/wp-json\/wp\/v2\/tags?post=16910"}],"curies":[{"name":"wp","href":"https:\/\/api.w.org\/{rel}","templated":true}]}}