{"id":16919,"date":"2013-10-13T09:44:29","date_gmt":"2013-10-13T15:44:29","guid":{"rendered":"http:\/\/www.eloriente.net\/home\/?p=16919"},"modified":"2013-10-13T09:44:29","modified_gmt":"2013-10-13T15:44:29","slug":"el-12-de-octubre-521-anos-no-son-suficientes","status":"publish","type":"post","link":"http:\/\/www.eloriente.net\/home\/2013\/10\/13\/el-12-de-octubre-521-anos-no-son-suficientes\/","title":{"rendered":"El 12 de octubre: 521 a\u00f1os no son suficientes"},"content":{"rendered":"<p>eloriente.net<\/p>\n<p>13 de octubre de 2013<\/p>\n<p style=\"text-align: right\">Por: <a href=\"http:\/\/almargenoaxaca.wordpress.com\/author\/almargenoaxaca\/\" target=\"_blank\">Adri\u00e1n Ortiz Romero<\/a><\/p>\n<p><strong>+ El 12 de octubre: 521 a\u00f1os no son suficientes<\/strong><\/p>\n<p><strong>+ Descubrimiento de Am\u00e9rica; \u00bfya sin dolores?<\/strong><\/p>\n<p>En Am\u00e9rica, los nacionales de no todos los pa\u00edses se sienten conquistados. Hay pa\u00edses en los que, a diferencia del nuestro, cuando se refieren al descubrimiento y colonizaci\u00f3n del llamado Nuevo Mundo, no dicen como los mexicanos \u201cnos conquistaron\u201d o \u201cnos descubrieron\u201d; m\u00e1s bien, dicen \u201clos conquistamos\u201d o \u201clos descubrimos\u201d. Ese sentido de pertenencia sobre lo originario, a los mexicanos nos ha provocado muchos problemas esencialmente porque siempre hemos asumido que nuestros males vienen de afuera. Hoy, que se conmemoran 521 a\u00f1os del descubrimiento de Am\u00e9rica, vale la pena hacer una reflexi\u00f3n sencilla sobre ese asunto.<\/p>\n<p>En efecto, sobre el descubrimiento de Am\u00e9rica y la empresa emprendida por el navegante genov\u00e9s Crist\u00f3bal Col\u00f3n, se dicen muchas historias que no son tan ciertas en realidad. Una de ellas, por ejemplo, dice que la Reina Isabel de Castilla, esposa de Fernando de Arag\u00f3n, empe\u00f1\u00f3 sus joyas personales para poder financiar la traves\u00eda con la que Col\u00f3n intentaba encontrar una nueva ruta de comercio con oriente; otra, se\u00f1ala que Col\u00f3n era un gran navegante; una m\u00e1s, apunta a que con el solo descubrimiento del nuevo mundo Col\u00f3n se convirti\u00f3 en un hombre adinerado porque cumpli\u00f3 con los fines que buscaba. Lo primero que debe quedarnos claro, en ese sentido, es que si las casualidades y los errores afortunados existen, muchas de ellos ocurrieron cuando Col\u00f3n equivoc\u00f3 la ruta y se enfil\u00f3 hacia aguas que hasta entonces nadie hab\u00eda navegado.<\/p>\n<p>Dicen los historiadores, como el afamado ingl\u00e9s Felipe Fern\u00e1ndez Armesto, que en realidad los Reyes Cat\u00f3licos no invirtieron dinero de la corona, o riquezas personales, en la empresa de Col\u00f3n. Sostiene que, m\u00e1s bien, el financiamiento de la traves\u00eda fue conseguido con usureros y personajes interesados en hallar una ruta hacia oriente, y que la ruta fue delineada en gran medida a partir de datos err\u00f3neos interpretados por el propio Col\u00f3n, quien antes hab\u00eda sido aficionado a las historias de caballer\u00eda pero que luego se interes\u00f3 por las rutas mar\u00edtimas, que s\u00f3lo conoc\u00eda como comerciante y transportador de insumos como el az\u00facar.<\/p>\n<p>\u201cAs\u00ed pues \u2013dice Fern\u00e1ndez Armesto en el libro \u201c1492, El nacimiento de la Modernidad, Editorial Debate, p\u00e1gina 203 y siguientes-, tras muchos fracasos y cambios de enfoque, el proyecto que finalmente logr\u00f3 vender (Col\u00f3n) era el de una traves\u00eda hacia el oeste con rumbo a China, tal vez con escala en Jap\u00f3n o \u201cCipango\u201d, que es como se le llamaba desde que Marco Polo lo situara, de forma exagerada, a unos dos mil cuatrocientos kil\u00f3metros oc\u00e9ano adentro desde China. Seg\u00fan su versi\u00f3n de las \u00faltimas negociaciones con los patronos, Col\u00f3n subray\u00f3 la evidencia hist\u00f3rica de que, desde tiempos remotos, los mandatarios de China, a los que nombraba con el t\u00edtulo de Gran Kan, adoptado por una dinast\u00eda destronada en 1368, escrb\u00edan a los papas manifestando su inter\u00e9s por el cristianismo. La piedad religiosa envolv\u00eda ahora la promesa de los beneficios comerciales y pol\u00edticos que Col\u00f3n anunciara en otros tiempos. Utilizando el t\u00e9rmino \u201cIndia\u201d para referirse a Asia, seg\u00fan era costumbre en la \u00e9poca\u201d.<\/p>\n<p>Luego, Fern\u00e1ndez Armesto se pregunta: \u00bfSecundaban el plan Fernando e Isabel? Ning\u00fan documento los compromet\u00eda con el objetivo que Col\u00f3n se fij\u00f3, responde. El encargo, abunda, alud\u00eda \u00fanicamente a \u201cislas y tierra firme de la mar oceana\u201d. Sin embargo, a los monarcas les inquietaban los beneficios que Portugal estaba teniendo gracias a la exploraci\u00f3n atl\u00e1ntica. As\u00ed, dice Fern\u00e1ndez Armesto, los principales inversores del viaje (un grupo de banqueros radicados en Sevilla y algunas autoridades de las cortes de Castilla y Arag\u00f3n) ya hab\u00edan colaborado en la financiaci\u00f3n de una serie de expediciones de las islas Canarias, y disfrutaban de una posici\u00f3n id\u00f3nea para supervisar los beneficios de la empresa transatl\u00e1nticas.<\/p>\n<p>Luego, sobre las tres carabelas que utiliz\u00f3 Col\u00f3n, Fern\u00e1ndez Armesto sostiene que las tres peque\u00f1as naves y sus tripulaciones proced\u00edan del puerto de Palos de la Frontera, gracias a la colaboraci\u00f3n de Mart\u00edn Alonso Y\u00e1\u00f1ez Pinz\u00f3n, un armador local que, adem\u00e1s, fue piloto de Col\u00f3n y un rival potencial en la traves\u00eda. As\u00ed, Mart\u00edn Alonso se puso al mando de La Ni\u00f1a, su hermano Vicente Y\u00e1\u00f1ez fue capit\u00e1n de la Pinta, y el buque insignia, la Santa Mar\u00eda, qued\u00f3 para Col\u00f3n\u2026 quien a partir de entonces, y s\u00f3lo entonces, se hizo llamar \u201cel almirante\u201d con cierta grandilocuencia.<\/p>\n<p><strong>FRACASO COMERCIAL<\/strong><\/p>\n<p>Col\u00f3n no s\u00f3lo no sab\u00eda navegar (hasta entonces cre\u00edan que s\u00f3lo un loco pod\u00eda lanzarse con rumbo a occidente en el Atl\u00e1ntico, sin saber si en realidad la tierra era redonda o cu\u00e1l era la extensi\u00f3n exacta de mar que ten\u00eda que navegarse para llegar a Asia, e incluso tampoco hab\u00eda rutas definidas) sino que tampoco se sinti\u00f3 exitoso cuando, en su camino de Espa\u00f1a a China, se top\u00f3 con Am\u00e9rica.<\/p>\n<p>Los fines del viaje, como se dice en l\u00edneas anteriores, era eminentemente comercial pero, en esa tesitura, todo era un fracaso. \u201cDesde el punto de vista de Col\u00f3n \u2013dice Fern\u00e1ndez Armesto- las perspectivas comerciales parec\u00edan decepcionantes y poco halag\u00fce\u00f1as. Uno de los grabados que ilustra su primer diario impreso muestra lo que iba buscando: a sotavento de una de las islas que descubri\u00f3 se ve una valiosa galera mercante, mientras unos mercaderes con tocados y t\u00fanicas orientales intercambian curiosidades con los ind\u00edgenas tierra adentro. La escena era fabulosa, pero Col\u00f3n confiaba en encontrar esa perspectiva desplegada realmente ante sus ojos, prueba de la cercan\u00eda de las econom\u00edas pr\u00f3speras de Asia. Por el contrario, parec\u00eda haberse topado con un obst\u00e1culo ubicado cronol\u00f3gicamente en la Edad de Piedra, donde nadie manufacturaba nada para lo que \u00e9l pudiera encontrar un mercado\u201d.<\/p>\n<p><strong>PURAS COINCIDENCIAS<\/strong><\/p>\n<p>A Col\u00f3n podr\u00eda caricaturiz\u00e1rsele con la estampa del cl\u00e1sico gallego. En realidad \u00e9l vio coronado no sus esfuerzos, sino sus errores afortunados, s\u00f3lo hasta tiempo despu\u00e9s cuando otros navegantes llegaron a la conclusi\u00f3n de que en medio del camino de la Pen\u00ednsula Ib\u00e9rica hasta tierras orientales, hab\u00eda una porci\u00f3n de tierra que si bien era un obst\u00e1culo, tambi\u00e9n ser\u00eda la mayor fortuna para todos los pa\u00edses europeos que participaron en la colonizaci\u00f3n. En esos mismos a\u00f1os se firm\u00f3 el Tratado de Tordesillas, por el cual el Papa dividi\u00f3 los territorios que se descubrieran. Y ah\u00ed se marc\u00f3 el destino de la mitad del mundo. El 12 de octubre y el descubrimiento de Am\u00e9rica, son hechos que deber\u00edamos conocer m\u00e1s a fondo. Es nuestra historia, lo aceptemos o no.<\/p>\n<p>&nbsp;<\/p>\n<p>Otras entradas:<\/p>\n<p><a title=\"Permalink to Casa de Cultura Jur\u00eddica en Chetumal avanza destacado programa acad\u00e9mico\" href=\"http:\/\/www.eloriente.net\/home\/2013\/09\/06\/casa-de-cultura-juridica-en-chetumal-avanza-destacado-programa-academico\/\" rel=\"bookmark\">Casa de Cultura Jur\u00eddica en Chetumal avanza destacado programa acad\u00e9mico<\/a><\/p>\n<p><a href=\"http:\/\/www.eloriente.net\/home\/2013\/09\/06\/casa-de-cultura-juridica-en-chetumal-avanza-destacado-programa-academico\/\" rel=\"bookmark\"><img decoding=\"async\" src=\"http:\/\/www.eloriente.net\/home\/wp-content\/themes\/city-desk\/timthumb.php?src=http%3A%2F%2Fwww.eloriente.net%2Fhome%2Fwp-content%2Fuploads%2F2013%2F09%2FAlgunos-derechos-reservados-por-eutrophicationhypoxia-.jpg&amp;q=90&amp;w=160&amp;h=106&amp;zc=1\" alt=\"Casa de Cultura Jur\u00eddica en Chetumal avanza destacado programa acad\u00e9mico\" \/><\/a><\/p>\n<p>eloriente.net 5 de septiembre de 2013 eloriente.net (Oaxaca, Oax. a 5 de septiembre de 2013).- Con un cuatrimestre final de 2013 que contempla seminarios, conferencias magistrales y talleres, la Casa de la Cultura Jur\u00eddica de Chetumal abre un \u00e1rea de oportunidad para la formaci\u00f3n jur\u00eddica en la regi\u00f3n peninsular de M\u00e9xico. La directora de esta [&#8230;]<\/p>\n<p>September 6, 2013<\/p>\n<div>\n<p><a title=\"Permalink to Reforma educativa, \u00bfde veras nos beneficia?\" href=\"http:\/\/www.eloriente.net\/home\/2013\/09\/05\/reforma-educativa-de-veras-nos-beneficia\/\" rel=\"bookmark\">Reforma educativa, \u00bfde veras nos beneficia?<\/a><\/p>\n<p>eloriente.net\/Adri\u00e1n Ortiz Romero 5 de septiembre de 2013 Por: Adri\u00e1n Ortiz Romero + Sin respaldo federal, Oaxaca padecer\u00e1 m\u00e1s \u00a0En Oaxaca debemos ser muy cautos al suponer que la reforma constitucional en materia educativa, y las leyes secundarias que se han aprobado recientemente, pueden terminar con el problema que representa para la gobernabilidad, para la [&#8230;]<\/p>\n<p>September 5, 2013<\/p>\n<\/div>\n<div>\n<p><a title=\"Permalink to Aprueban Diputados Ley del Servicio Profesional Docente\" href=\"http:\/\/www.eloriente.net\/home\/2013\/09\/02\/aprueban-diputados-ley-del-servicio-profesional-docente\/\" rel=\"bookmark\">Aprueban Diputados Ley del Servicio Profesional Docente<\/a><\/p>\n<p><a href=\"http:\/\/www.eloriente.net\/home\/2013\/09\/02\/aprueban-diputados-ley-del-servicio-profesional-docente\/\" rel=\"bookmark\"><img decoding=\"async\" src=\"http:\/\/www.eloriente.net\/home\/wp-content\/themes\/city-desk\/timthumb.php?src=http%3A%2F%2Fwww.eloriente.net%2Fhome%2Fwp-content%2Fuploads%2F2012%2F08%2Fpalacio-de-san-lazaro-flickr.jpg&amp;q=90&amp;w=160&amp;h=106&amp;zc=1\" alt=\"Aprueban Diputados Ley del Servicio Profesional Docente\" \/><\/a>eloriente.net \/ C\u00e1mara de Diputados 2 de septiembre de 2013 Nota Previa de ELORIENTE.NET: Para ver minuta aprobada y detalles de votaci\u00f3n, consultar AQU\u00cd, la Gaceta Parlamentaria respectiva. La C\u00e1mara de Diputados aprob\u00f3 con 390 votos a favor, 69 en contra y 4 abstenciones, el dictamen con proyecto de decreto que expide la Ley General [&#8230;]<\/p>\n<p>September 2, 2013<\/p>\n<\/div>\n\n\t\t\t  <div \n\t\t\t  \tclass = \"fb-comments\" \n\t\t\t  \tdata-href = \"http:\/\/www.eloriente.net\/home\/2013\/10\/13\/el-12-de-octubre-521-anos-no-son-suficientes\/\"\n\t\t\t  \tdata-numposts = \"10\"\n\t\t\t\tdata-colorscheme = \"dark\"\n\t\t\t\tdata-order-by = \"social\"\n\t\t\t\tdata-mobile=true>\n\t\t\t  <\/div>\n\t\t  <style>\n\t\t\t.fb_iframe_widget_fluid_desktop iframe {\n\t\t\t    width: 100% !important;\n\t\t\t}\n\t\t  <\/style>\n\t\t  ","protected":false},"excerpt":{"rendered":"<p>eloriente.net 13 de octubre de 2013 Por: Adri\u00e1n Ortiz Romero + El 12 de octubre: 521 a\u00f1os no son suficientes + Descubrimiento de Am\u00e9rica; \u00bfya sin dolores? En Am\u00e9rica, los nacionales de no todos los pa\u00edses se sienten conquistados. Hay pa\u00edses en los que, a diferencia del nuestro, cuando se refieren al descubrimiento y colonizaci\u00f3n [&hellip;]<\/p>\n","protected":false},"author":2,"featured_media":0,"comment_status":"open","ping_status":"open","sticky":false,"template":"","format":"standard","meta":{"_jetpack_memberships_contains_paid_content":false,"footnotes":""},"categories":[38,11,32,10,21],"tags":[],"class_list":["post-16919","post","type-post","status-publish","format-standard","hentry","category-adrian-ortiz-romero","category-colaboradores","category-entradas","category-lo-mas-reciente","category-politica-y-gobierno"],"jetpack_featured_media_url":"","jetpack_sharing_enabled":true,"_links":{"self":[{"href":"http:\/\/www.eloriente.net\/home\/wp-json\/wp\/v2\/posts\/16919"}],"collection":[{"href":"http:\/\/www.eloriente.net\/home\/wp-json\/wp\/v2\/posts"}],"about":[{"href":"http:\/\/www.eloriente.net\/home\/wp-json\/wp\/v2\/types\/post"}],"author":[{"embeddable":true,"href":"http:\/\/www.eloriente.net\/home\/wp-json\/wp\/v2\/users\/2"}],"replies":[{"embeddable":true,"href":"http:\/\/www.eloriente.net\/home\/wp-json\/wp\/v2\/comments?post=16919"}],"version-history":[{"count":2,"href":"http:\/\/www.eloriente.net\/home\/wp-json\/wp\/v2\/posts\/16919\/revisions"}],"predecessor-version":[{"id":16921,"href":"http:\/\/www.eloriente.net\/home\/wp-json\/wp\/v2\/posts\/16919\/revisions\/16921"}],"wp:attachment":[{"href":"http:\/\/www.eloriente.net\/home\/wp-json\/wp\/v2\/media?parent=16919"}],"wp:term":[{"taxonomy":"category","embeddable":true,"href":"http:\/\/www.eloriente.net\/home\/wp-json\/wp\/v2\/categories?post=16919"},{"taxonomy":"post_tag","embeddable":true,"href":"http:\/\/www.eloriente.net\/home\/wp-json\/wp\/v2\/tags?post=16919"}],"curies":[{"name":"wp","href":"https:\/\/api.w.org\/{rel}","templated":true}]}}