{"id":16966,"date":"2013-10-15T08:25:11","date_gmt":"2013-10-15T14:25:11","guid":{"rendered":"http:\/\/www.eloriente.net\/home\/?p=16966"},"modified":"2013-10-15T08:25:11","modified_gmt":"2013-10-15T14:25:11","slug":"entrevista-a-luis-eduardo-aute-desde-xalapa-octubre13","status":"publish","type":"post","link":"http:\/\/www.eloriente.net\/home\/2013\/10\/15\/entrevista-a-luis-eduardo-aute-desde-xalapa-octubre13\/","title":{"rendered":"Entrevista a Luis Eduardo Aute desde Xalapa, Octubre\/13"},"content":{"rendered":"<p>eloriente.net\/<a href=\"http:\/\/agencian22.blogspot.mx\/\" target=\"_blank\">Agencia de Noticias de Canal 22<\/a><\/p>\n<p>15 de octubre de 2013<\/p>\n<p>La Agencia N22 realiz\u00f3 esta entrevista al extraordinario cantante e int\u00e9rprete Luis Eduardo Aute, nacido en Filipinas y residente en Espa\u00f1a desde los once a\u00f1os.<\/p>\n<p>Autor de \u00abAlevos\u00eda\u00bb, se present\u00f3 en Xalapa en el marco de la tercera edici\u00f3n del Hay Festival 2013.<br \/>\n<iframe loading=\"lazy\" src=\"\/\/www.youtube.com\/embed\/DU7OIrbCIuQ\" frameborder=\"0\" width=\"420\" height=\"315\"><\/iframe><\/p>\n<p>&nbsp;<\/p>\n<p>Antecedentes:<\/p>\n<p><a title=\"Permalink to Abre Hay Festival Xalapa el 2 de octubre de 2013\" href=\"http:\/\/www.eloriente.net\/home\/2013\/10\/01\/abre-hay-festival-xalapa-el-2-de-octubre-de-2013\/\" rel=\"bookmark\">Abre Hay Festival Xalapa el 2 de octubre de 2013<\/a><\/p>\n<p><a href=\"http:\/\/www.eloriente.net\/home\/2013\/10\/01\/abre-hay-festival-xalapa-el-2-de-octubre-de-2013\/\" rel=\"bookmark\"><img decoding=\"async\" title=\"Abre Hay Festival Xalapa el 2 de octubre de 2013\" src=\"http:\/\/www.eloriente.net\/home\/wp-content\/themes\/city-desk\/timthumb.php?src=http%3A%2F%2Fwww.eloriente.net%2Fhome%2Fwp-content%2Fuploads%2F2013%2F10%2FAlgunos-derechos-reservados-por-%40outis9366-Luis-Eduardo-Aute.jpg&amp;q=90&amp;w=160&amp;h=106&amp;zc=1\" alt=\"Abre Hay Festival Xalapa el 2 de octubre de 2013\" \/><\/a><\/p>\n<p>eloriente.net\/Hay Festival Xalapa 1 de octubre de 2013 eloriente.net (Oaxaca, Oax. a 1 de octubre de 2013).- Con un concierto de la multiinstrumentista Julieta Venegas en Gimnasio de los Halcones, abre el mi\u00e9rcoles 2 de octubre el Hay Festival Xalapa, que cubre actividades hasta el d\u00eda 6 de este mes, bajo la premisa \u201cImagina el [&#8230;]<\/p>\n<p>October 1, 2013<\/p>\n<div id=\"post-13873\">\n<p><a title=\"Permalink to Escribir bien, mi mayor ambici\u00f3n: Jos\u00e9 Emilio Pacheco\" href=\"http:\/\/www.eloriente.net\/home\/2013\/07\/01\/escribir-bien-mi-mayor-ambicion-jose-emilio-pacheco\/\" rel=\"bookmark\">Escribir bien, mi mayor ambici\u00f3n: Jos\u00e9 Emilio Pacheco<\/a><\/p>\n<p><a href=\"http:\/\/www.eloriente.net\/home\/2013\/07\/01\/escribir-bien-mi-mayor-ambicion-jose-emilio-pacheco\/\" rel=\"bookmark\"><img decoding=\"async\" title=\"Escribir bien, mi mayor ambici\u00f3n: Jos\u00e9 Emilio Pacheco\" src=\"http:\/\/www.eloriente.net\/home\/wp-content\/themes\/city-desk\/timthumb.php?src=http%3A%2F%2Fwww.eloriente.net%2Fhome%2Fwp-content%2Fuploads%2F2013%2F07%2FJose-Emilio-Pacheco-rtve.png&amp;q=90&amp;w=160&amp;h=106&amp;zc=1\" alt=\"Escribir bien, mi mayor ambici\u00f3n: Jos\u00e9 Emilio Pacheco\" \/><\/a>eloriente.net\/ Conaculta 1 de julio de 2013 Este 30 de junio se celebr\u00f3 el cumplea\u00f1os 74 del escritor que se dio a conocer a los 20 a\u00f1os con su libro de cuentos La sangre de la medusa Jos\u00e9 Emilio Pacheco es figura central de la poes\u00eda en espa\u00f1ol de los \u00faltimos 50 a\u00f1os. Ha desarrollado [&#8230;]<\/p>\n<p>July 1, 2013<\/p>\n<p>Otras referencias:<br \/>\n<iframe loading=\"lazy\" src=\"\/\/www.youtube.com\/embed\/bfJ5TGRZkYc\" frameborder=\"0\" width=\"420\" height=\"315\"><\/iframe><\/p>\n<p><a href=\"http:\/\/www.eloriente.net\/home\/wp-content\/uploads\/2013\/10\/Algunos-derechos-reservados-por-@outis9366-Luis-Eduardo-Aute.jpg\"><img loading=\"lazy\" decoding=\"async\" class=\"alignnone size-medium wp-image-16729\" title=\"Algunos derechos reservados por @outis9366 Luis Eduardo Aute\" src=\"http:\/\/www.eloriente.net\/home\/wp-content\/uploads\/2013\/10\/Algunos-derechos-reservados-por-@outis9366-Luis-Eduardo-Aute-300x200.jpg\" alt=\"\" width=\"300\" height=\"200\" srcset=\"http:\/\/www.eloriente.net\/home\/wp-content\/uploads\/2013\/10\/Algunos-derechos-reservados-por-@outis9366-Luis-Eduardo-Aute-300x200.jpg 300w, http:\/\/www.eloriente.net\/home\/wp-content\/uploads\/2013\/10\/Algunos-derechos-reservados-por-@outis9366-Luis-Eduardo-Aute.jpg 1024w\" sizes=\"(max-width: 300px) 100vw, 300px\" \/><\/a><\/p>\n<p>Algunos derechos reservados por @outis9366 Luis Eduardo Aute<\/p>\n<\/div>\n\n\t\t\t  <div \n\t\t\t  \tclass = \"fb-comments\" \n\t\t\t  \tdata-href = \"http:\/\/www.eloriente.net\/home\/2013\/10\/15\/entrevista-a-luis-eduardo-aute-desde-xalapa-octubre13\/\"\n\t\t\t  \tdata-numposts = \"10\"\n\t\t\t\tdata-colorscheme = \"dark\"\n\t\t\t\tdata-order-by = \"social\"\n\t\t\t\tdata-mobile=true>\n\t\t\t  <\/div>\n\t\t  <style>\n\t\t\t.fb_iframe_widget_fluid_desktop iframe {\n\t\t\t    width: 100% !important;\n\t\t\t}\n\t\t  <\/style>\n\t\t  ","protected":false},"excerpt":{"rendered":"<p>eloriente.net\/Agencia de Noticias de Canal 22 15 de octubre de 2013 La Agencia N22 realiz\u00f3 esta entrevista al extraordinario cantante e int\u00e9rprete Luis Eduardo Aute, nacido en Filipinas y residente en Espa\u00f1a desde los once a\u00f1os. Autor de \u00abAlevos\u00eda\u00bb, se present\u00f3 en Xalapa en el marco de la tercera edici\u00f3n del Hay Festival 2013. &nbsp; [&hellip;]<\/p>\n","protected":false},"author":1,"featured_media":16729,"comment_status":"open","ping_status":"open","sticky":false,"template":"","format":"standard","meta":{"_jetpack_memberships_contains_paid_content":false,"footnotes":""},"categories":[5,18,32,10,83],"tags":[],"class_list":["post-16966","post","type-post","status-publish","format-standard","has-post-thumbnail","hentry","category-canal-3-musica","category-educacion-y-cultura","category-entradas","category-lo-mas-reciente","category-musica-de-oaxaca"],"jetpack_featured_media_url":"http:\/\/www.eloriente.net\/home\/wp-content\/uploads\/2013\/10\/Algunos-derechos-reservados-por-@outis9366-Luis-Eduardo-Aute.jpg","jetpack_sharing_enabled":true,"_links":{"self":[{"href":"http:\/\/www.eloriente.net\/home\/wp-json\/wp\/v2\/posts\/16966"}],"collection":[{"href":"http:\/\/www.eloriente.net\/home\/wp-json\/wp\/v2\/posts"}],"about":[{"href":"http:\/\/www.eloriente.net\/home\/wp-json\/wp\/v2\/types\/post"}],"author":[{"embeddable":true,"href":"http:\/\/www.eloriente.net\/home\/wp-json\/wp\/v2\/users\/1"}],"replies":[{"embeddable":true,"href":"http:\/\/www.eloriente.net\/home\/wp-json\/wp\/v2\/comments?post=16966"}],"version-history":[{"count":2,"href":"http:\/\/www.eloriente.net\/home\/wp-json\/wp\/v2\/posts\/16966\/revisions"}],"predecessor-version":[{"id":16968,"href":"http:\/\/www.eloriente.net\/home\/wp-json\/wp\/v2\/posts\/16966\/revisions\/16968"}],"wp:featuredmedia":[{"embeddable":true,"href":"http:\/\/www.eloriente.net\/home\/wp-json\/wp\/v2\/media\/16729"}],"wp:attachment":[{"href":"http:\/\/www.eloriente.net\/home\/wp-json\/wp\/v2\/media?parent=16966"}],"wp:term":[{"taxonomy":"category","embeddable":true,"href":"http:\/\/www.eloriente.net\/home\/wp-json\/wp\/v2\/categories?post=16966"},{"taxonomy":"post_tag","embeddable":true,"href":"http:\/\/www.eloriente.net\/home\/wp-json\/wp\/v2\/tags?post=16966"}],"curies":[{"name":"wp","href":"https:\/\/api.w.org\/{rel}","templated":true}]}}