{"id":16974,"date":"2013-10-16T06:12:31","date_gmt":"2013-10-16T12:12:31","guid":{"rendered":"http:\/\/www.eloriente.net\/home\/?p=16974"},"modified":"2013-10-15T18:24:07","modified_gmt":"2013-10-16T00:24:07","slug":"sesiona-el-consejo-para-la-implementacion-del-sistema-acusatorio-en-oaxaca","status":"publish","type":"post","link":"http:\/\/www.eloriente.net\/home\/2013\/10\/16\/sesiona-el-consejo-para-la-implementacion-del-sistema-acusatorio-en-oaxaca\/","title":{"rendered":"Sesiona el Consejo para la Implementaci\u00f3n del Sistema Acusatorio en Oaxaca"},"content":{"rendered":"<p>eloriente.net\/<a href=\"http:\/\/www.tribunaloax.gob.mx\/\" target=\"_blank\">Tribunal Superior de Justicia de Oaxaca<\/a><\/p>\n<p>16 de octubre de 2013<\/p>\n<p>El gobernador Gabino Cu\u00e9 Monteagudo encabez\u00f3, el pasado lunes, la Segunda Sesi\u00f3n Ordinaria del Consejo de Coordinaci\u00f3n para la Implementaci\u00f3n del Sistema Acusatorio Adversarial, modelo de impartici\u00f3n de justicia basado en los juicios orales que opera en Oaxaca en las regiones del Istmo de Tehuantepec, Mixteca, Costa y Cuenca del Papaloapan.<\/p>\n<p>Durante la reuni\u00f3n se present\u00f3 un informe de los avances de las acciones emprendidas con el subsidio federal y recursos estatales, para la entrada en vigor de este nuevo esquema de justicia en la Cuenca y se revis\u00f3 el proyecto de construcci\u00f3n del edificio que albergar\u00e1 a los Juzgados de Garant\u00eda que se abrir\u00e1n el pr\u00f3ximo a\u00f1o en los Valles Centrales.<\/p>\n<p>A la sesi\u00f3n, efectuada en el Sal\u00f3n Escudos del Palacio de Gobierno, asistieron\u00a0el titular del Poder Judicial del Estado y presidente del Consejo, magistrado Alfredo Lagunas Rivera y\u00a0 el presidente de la Junta de Coordinaci\u00f3n Pol\u00edtica del Congreso del Estado, diputado Alejandro L\u00f3pez Jarqu\u00edn.<\/p>\n<p>As\u00ed tambi\u00e9n participaron el procurador General de Justicia, Manuel de Jes\u00fas L\u00f3pez L\u00f3pez; el secretario de Seguridad P\u00fablica, Marco Tulio L\u00f3pez Escamilla y la procuradora para la Defensa del Ind\u00edgena, Bertha Ruth Arreola Ruiz, entre otros funcionarios estatales.<\/p>\n<p>Entre otros puntos, el mandatario oaxaque\u00f1o y los titulares de las diferentes \u00e1reas analizaron la reestructuraci\u00f3n del Consejo y el fortalecimiento del \u00d3rgano Implementador (OISA), responsable de coordinar y ejecutar los trabajos correspondientes de seguimiento y evaluaci\u00f3n sobre la materia y que trabaja conjuntamente con las instituciones involucradas en el sistema.<\/p>\n<p>En su intervenci\u00f3n, el presidente del Consejo, magistrado Lagunas Rivera, dio a conocer los avances del\u00a0Plan Estrat\u00e9gico de Difusi\u00f3n del Sistema de Justicia Penal en Oaxaca, que a trav\u00e9s de charlas informativas, una obra de teatro, tr\u00edpticos, carteles, un documental y otras acciones, busca sensibilizar a la poblaci\u00f3n sobre el tema.<\/p>\n<p>De esta manera, los tres poderes del Estado trabajan de manera conjunta para lograr con \u00e9xito que los oaxaque\u00f1os cuenten con un sistema de justicia penal que les garantice una justicia, \u00e1gil, transparente y de calidad.<\/p>\n<p><a href=\"http:\/\/www.eloriente.net\/home\/wp-content\/uploads\/2013\/10\/sesion-consejo01.jpg\"><img loading=\"lazy\" decoding=\"async\" class=\"alignnone size-medium wp-image-16975\" title=\"sesion consejo OISA\" src=\"http:\/\/www.eloriente.net\/home\/wp-content\/uploads\/2013\/10\/sesion-consejo01-300x200.jpg\" alt=\"\" width=\"300\" height=\"200\" srcset=\"http:\/\/www.eloriente.net\/home\/wp-content\/uploads\/2013\/10\/sesion-consejo01-300x200.jpg 300w, http:\/\/www.eloriente.net\/home\/wp-content\/uploads\/2013\/10\/sesion-consejo01.jpg 1024w\" sizes=\"(max-width: 300px) 100vw, 300px\" \/><\/a><\/p>\n<p>Foto: TSJEO<\/p>\n<p>&nbsp;<\/p>\n<p><strong>Otras entradas:<\/strong><\/p>\n<p><a title=\"Permalink to Derechos Humanos en Oaxaca compromete estudio sobre pueblos en defensa del agua\" href=\"http:\/\/www.eloriente.net\/home\/2013\/10\/09\/derechos-humanos-en-oaxaca-compromete-estudio-sobre-pueblos-en-defensa-del-agua\/\" rel=\"bookmark\">Derechos Humanos en Oaxaca compromete estudio sobre pueblos en defensa del agua<\/a><\/p>\n<p><a href=\"http:\/\/www.eloriente.net\/home\/2013\/10\/09\/derechos-humanos-en-oaxaca-compromete-estudio-sobre-pueblos-en-defensa-del-agua\/\" rel=\"bookmark\"><img decoding=\"async\" title=\"Derechos Humanos en Oaxaca compromete estudio sobre pueblos en defensa del agua\" src=\"http:\/\/www.eloriente.net\/home\/wp-content\/themes\/city-desk\/timthumb.php?src=http%3A%2F%2Fwww.eloriente.net%2Fhome%2Fwp-content%2Fuploads%2F2013%2F10%2FTemplo-de-Zimatla%CC%81n-Atribucio%CC%81nCompartir-bajo-la-misma-licencia-Algunos-derechos-reservados-por-no-rain-corp.-.jpg&amp;q=90&amp;w=160&amp;h=106&amp;zc=1\" alt=\"Derechos Humanos en Oaxaca compromete estudio sobre pueblos en defensa del agua\" \/><\/a><\/p>\n<p>eloriente.net\/DDHPO* 9 de octubre de 2013 La Defensor\u00eda de los Derechos Humanos del Pueblo de Oaxaca (DDHPO) celebra que comunidades ind\u00edgenas zapotecas \u00a0de los distritos de Ocotl\u00e1n de Morelos \u00a0y Zimatl\u00e1n de \u00c1lvarez, en la regi\u00f3n de Valles Centrales, \u00a0\u00a0hayan obtenido una resoluci\u00f3n a su favor del Tribunal Colegiado en Materia Administrativa del Primer Circuito, [&#8230;]<\/p>\n<p>October 9, 2013<\/p>\n<div id=\"post-16852\">\n<p><a title=\"Permalink to Convocar\u00e1n a 50 nuevas plazas de jueces en Sistema Acusatorio Adversarial\" href=\"http:\/\/www.eloriente.net\/home\/2013\/10\/09\/convocaran-a-50-nuevas-plazas-de-jueces-en-sistema-acusatorio-adversarial\/\" rel=\"bookmark\">Convocar\u00e1n a 50 nuevas plazas de jueces en Sistema Acusatorio Adversarial<\/a><\/p>\n<p><a href=\"http:\/\/www.eloriente.net\/home\/2013\/10\/09\/convocaran-a-50-nuevas-plazas-de-jueces-en-sistema-acusatorio-adversarial\/\" rel=\"bookmark\"><img decoding=\"async\" title=\"Convocar\u00e1n a 50 nuevas plazas de jueces en Sistema Acusatorio Adversarial\" src=\"http:\/\/www.eloriente.net\/home\/wp-content\/themes\/city-desk\/timthumb.php?src=http%3A%2F%2Fwww.eloriente.net%2Fhome%2Fwp-content%2Fuploads%2F2013%2F10%2FReunion-regional-TSJEO-eloriente.net_.jpg&amp;q=90&amp;w=160&amp;h=106&amp;zc=1\" alt=\"Convocar\u00e1n a 50 nuevas plazas de jueces en Sistema Acusatorio Adversarial\" \/><\/a>eloriente.net\/Tribunal Superior de Justicia de Oaxaca 9 de octubre de 2013 Se realiz\u00f3 la quinta y \u00faltima Reuni\u00f3n Regional de trabajo con jueces y servidores p\u00fablicos judiciales El titular del Poder Judicial del Estado, magistrado Alfredo Lagunas Rivera, presidi\u00f3 este martes la quinta Reuni\u00f3n Regional de trabajo del Consejo de la Judicatura con jueces y [&#8230;]<\/p>\n<p>October 9, 2013<\/p>\n<\/div>\n<div id=\"post-16819\">\n<p><a title=\"Permalink to Por primera vez en Tuxtepec, se explica casa por casa nuevo Sistema de Justicia Penal\" href=\"http:\/\/www.eloriente.net\/home\/2013\/10\/07\/por-primera-vez-en-tuxtepec-se-explica-casa-por-casa-nuevo-sistema-de-justicia-penal\/\" rel=\"bookmark\">Por primera vez en Tuxtepec, se explica casa por casa nuevo Sistema de Justicia Penal<\/a><\/p>\n<p><a href=\"http:\/\/www.eloriente.net\/home\/2013\/10\/07\/por-primera-vez-en-tuxtepec-se-explica-casa-por-casa-nuevo-sistema-de-justicia-penal\/\" rel=\"bookmark\"><img decoding=\"async\" title=\"Por primera vez en Tuxtepec, se explica casa por casa nuevo Sistema de Justicia Penal\" src=\"http:\/\/www.eloriente.net\/home\/wp-content\/themes\/city-desk\/timthumb.php?src=http%3A%2F%2Fwww.eloriente.net%2Fhome%2Fwp-content%2Fuploads%2F2013%2F10%2Fvisitacasaporcasa1.jpg&amp;q=90&amp;w=160&amp;h=106&amp;zc=1\" alt=\"Por primera vez en Tuxtepec, se explica casa por casa nuevo Sistema de Justicia Penal\" \/><\/a>eloriente.net\/Tribunal Superior de Justicia de Oaxaca 7 de octubre de 2013 En los municipios de San Juan Bautista Tuxtepec, Jalapa de D\u00edaz, Cosolapa, Loma Bonita y Acatl\u00e1n de P\u00e9rez Figueroa se realizar\u00e1 un recorrido casa por casa Con el objetivo de informar y sensibilizar a la poblaci\u00f3n sobre los beneficios del nuevo sistema de justicia [&#8230;]<\/p>\n<p>October 7, 2013<\/p>\n<\/div>\n\n\t\t\t  <div \n\t\t\t  \tclass = \"fb-comments\" \n\t\t\t  \tdata-href = \"http:\/\/www.eloriente.net\/home\/2013\/10\/16\/sesiona-el-consejo-para-la-implementacion-del-sistema-acusatorio-en-oaxaca\/\"\n\t\t\t  \tdata-numposts = \"10\"\n\t\t\t\tdata-colorscheme = \"dark\"\n\t\t\t\tdata-order-by = \"social\"\n\t\t\t\tdata-mobile=true>\n\t\t\t  <\/div>\n\t\t  <style>\n\t\t\t.fb_iframe_widget_fluid_desktop iframe {\n\t\t\t    width: 100% !important;\n\t\t\t}\n\t\t  <\/style>\n\t\t  ","protected":false},"excerpt":{"rendered":"<p>eloriente.net\/Tribunal Superior de Justicia de Oaxaca 16 de octubre de 2013 El gobernador Gabino Cu\u00e9 Monteagudo encabez\u00f3, el pasado lunes, la Segunda Sesi\u00f3n Ordinaria del Consejo de Coordinaci\u00f3n para la Implementaci\u00f3n del Sistema Acusatorio Adversarial, modelo de impartici\u00f3n de justicia basado en los juicios orales que opera en Oaxaca en las regiones del Istmo de [&hellip;]<\/p>\n","protected":false},"author":1,"featured_media":16975,"comment_status":"open","ping_status":"open","sticky":false,"template":"","format":"standard","meta":{"_jetpack_memberships_contains_paid_content":false,"footnotes":""},"categories":[22,32,10],"tags":[],"class_list":["post-16974","post","type-post","status-publish","format-standard","has-post-thumbnail","hentry","category-derechos-humanos","category-entradas","category-lo-mas-reciente"],"jetpack_featured_media_url":"http:\/\/www.eloriente.net\/home\/wp-content\/uploads\/2013\/10\/sesion-consejo01.jpg","jetpack_sharing_enabled":true,"_links":{"self":[{"href":"http:\/\/www.eloriente.net\/home\/wp-json\/wp\/v2\/posts\/16974"}],"collection":[{"href":"http:\/\/www.eloriente.net\/home\/wp-json\/wp\/v2\/posts"}],"about":[{"href":"http:\/\/www.eloriente.net\/home\/wp-json\/wp\/v2\/types\/post"}],"author":[{"embeddable":true,"href":"http:\/\/www.eloriente.net\/home\/wp-json\/wp\/v2\/users\/1"}],"replies":[{"embeddable":true,"href":"http:\/\/www.eloriente.net\/home\/wp-json\/wp\/v2\/comments?post=16974"}],"version-history":[{"count":1,"href":"http:\/\/www.eloriente.net\/home\/wp-json\/wp\/v2\/posts\/16974\/revisions"}],"predecessor-version":[{"id":16976,"href":"http:\/\/www.eloriente.net\/home\/wp-json\/wp\/v2\/posts\/16974\/revisions\/16976"}],"wp:featuredmedia":[{"embeddable":true,"href":"http:\/\/www.eloriente.net\/home\/wp-json\/wp\/v2\/media\/16975"}],"wp:attachment":[{"href":"http:\/\/www.eloriente.net\/home\/wp-json\/wp\/v2\/media?parent=16974"}],"wp:term":[{"taxonomy":"category","embeddable":true,"href":"http:\/\/www.eloriente.net\/home\/wp-json\/wp\/v2\/categories?post=16974"},{"taxonomy":"post_tag","embeddable":true,"href":"http:\/\/www.eloriente.net\/home\/wp-json\/wp\/v2\/tags?post=16974"}],"curies":[{"name":"wp","href":"https:\/\/api.w.org\/{rel}","templated":true}]}}