{"id":16993,"date":"2013-10-16T20:23:16","date_gmt":"2013-10-17T02:23:16","guid":{"rendered":"http:\/\/www.eloriente.net\/home\/?p=16993"},"modified":"2013-10-16T20:23:16","modified_gmt":"2013-10-17T02:23:16","slug":"para-reir-alfonso-cuaron-bromea-sobre-grabar-en-el-espacio-en-gravity","status":"publish","type":"post","link":"http:\/\/www.eloriente.net\/home\/2013\/10\/16\/para-reir-alfonso-cuaron-bromea-sobre-grabar-en-el-espacio-en-gravity\/","title":{"rendered":"Para re\u00edr: Alfonso Cuar\u00f3n bromea sobre \u00abgrabar en el espacio\u00bb en Gravity"},"content":{"rendered":"<p>eloriente.net<\/p>\n<p>16 de octubre de 2013<\/p>\n<p>No hay comentarios:<br \/>\n<iframe loading=\"lazy\" src=\"\/\/www.youtube.com\/embed\/a47dMb5G2zQ\" frameborder=\"0\" width=\"420\" height=\"315\"><\/iframe><\/p>\n<p><a href=\"http:\/\/www.eloriente.net\/home\/wp-content\/uploads\/2013\/09\/Poster-Gravedad.jpg\"><img loading=\"lazy\" decoding=\"async\" class=\"alignnone size-medium wp-image-16447\" title=\"Poster Gravedad\" src=\"http:\/\/www.eloriente.net\/home\/wp-content\/uploads\/2013\/09\/Poster-Gravedad-203x300.jpg\" alt=\"\" width=\"203\" height=\"300\" srcset=\"http:\/\/www.eloriente.net\/home\/wp-content\/uploads\/2013\/09\/Poster-Gravedad-203x300.jpg 203w, http:\/\/www.eloriente.net\/home\/wp-content\/uploads\/2013\/09\/Poster-Gravedad-693x1024.jpg 693w, http:\/\/www.eloriente.net\/home\/wp-content\/uploads\/2013\/09\/Poster-Gravedad-1024x1512.jpg 1024w, http:\/\/www.eloriente.net\/home\/wp-content\/uploads\/2013\/09\/Poster-Gravedad.jpg 1504w\" sizes=\"(max-width: 203px) 100vw, 203px\" \/><\/a><\/p>\n<p>Aprovecha para saber m\u00e1s sobre GRAVITY:<\/p>\n<p><a title=\"Permalink to Con \u2018Gravedad\u2019 de Cuar\u00f3n abre en octubre Festival de Morelia; mira trailer\" href=\"http:\/\/www.eloriente.net\/home\/2013\/10\/01\/con-gravedad-de-cuaron-abre-en-octubre-festival-de-morelia-mira-trailer\/\" rel=\"bookmark\">Con \u2018Gravedad\u2019 de Cuar\u00f3n abre en octubre Festival de Morelia; mira trailer<\/a><\/p>\n<p><a href=\"http:\/\/www.eloriente.net\/home\/2013\/10\/01\/con-gravedad-de-cuaron-abre-en-octubre-festival-de-morelia-mira-trailer\/\" rel=\"bookmark\"><img decoding=\"async\" title=\"Con \u2018Gravedad\u2019 de Cuar\u00f3n abre en octubre Festival de Morelia; mira trailer\" src=\"http:\/\/www.eloriente.net\/home\/wp-content\/themes\/city-desk\/timthumb.php?src=http%3A%2F%2Fwww.eloriente.net%2Fhome%2Fwp-content%2Fuploads%2F2013%2F09%2FPoster-Gravedad.jpg&amp;q=90&amp;w=160&amp;h=106&amp;zc=1\" alt=\"Con \u2018Gravedad\u2019 de Cuar\u00f3n abre en octubre Festival de Morelia; mira trailer\" \/><\/a><\/p>\n<p>eloriente.net \/ Festival de Cine de Morelia 16 de septiembre de 2013 CIUDAD DE M\u00c9XICO, 1 de septiembre de 2013.- El Festival Internacional de Cine de Morelia (FICM) anunci\u00f3 hoy que Gravedad del Director Alfonso Cuar\u00f3n, ser\u00e1 la pel\u00edcula que inaugurar\u00e1 su 11\u00aa edici\u00f3n. El festival se llevar\u00e1 a cabo del 18 al 27 de [&#8230;]<\/p>\n<p>October 1, 2013<\/p>\n<div id=\"post-9164\">\n<p><a title=\"Permalink to Homenaje por 50 Aniversario del CUEC en el marco del FICG28\" href=\"http:\/\/www.eloriente.net\/home\/2013\/03\/04\/se-rinde-homenaje-al-cuec-por-su-50-aniversario-en-el-marco-del-festival-internacional-de-cine-en-guadalajara-2013\/\" rel=\"bookmark\">Homenaje por 50 Aniversario del CUEC en el marco del FICG28<\/a><\/p>\n<p><a href=\"http:\/\/www.eloriente.net\/home\/2013\/03\/04\/se-rinde-homenaje-al-cuec-por-su-50-aniversario-en-el-marco-del-festival-internacional-de-cine-en-guadalajara-2013\/\" rel=\"bookmark\"><img decoding=\"async\" title=\"Homenaje por 50 Aniversario del CUEC en el marco del FICG28\" src=\"http:\/\/www.eloriente.net\/home\/wp-content\/themes\/city-desk\/timthumb.php?src=http%3A%2F%2Fwww.eloriente.net%2Fhome%2Fwp-content%2Fuploads%2F2013%2F03%2F50aniversarioCUEC_UNAM.jpg&amp;q=90&amp;w=160&amp;h=106&amp;zc=1\" alt=\"Homenaje por 50 Aniversario del CUEC en el marco del FICG28\" \/><\/a>eloriente.net\/ FICG28\/ CUEC\u00a0 4 de marzo de 2013 eloriente.net (Oaxaca,Oax.) 4 de marzo de 2013.- Este lunes 4 de marzo a las 10:30 horas, el Festival Internacional de Cine en Guadalajara (FICG28) realizar\u00e1 un homenaje al Centro Universitario de Estudios Cinematogr\u00e1ficos (CUEC), por su 50 aniversario, inform\u00f3 la sala de prensa de dicho festival. El [&#8230;]<\/p>\n<p>March 4, 2013<\/p>\n<\/div>\n\n\t\t\t  <div \n\t\t\t  \tclass = \"fb-comments\" \n\t\t\t  \tdata-href = \"http:\/\/www.eloriente.net\/home\/2013\/10\/16\/para-reir-alfonso-cuaron-bromea-sobre-grabar-en-el-espacio-en-gravity\/\"\n\t\t\t  \tdata-numposts = \"10\"\n\t\t\t\tdata-colorscheme = \"dark\"\n\t\t\t\tdata-order-by = \"social\"\n\t\t\t\tdata-mobile=true>\n\t\t\t  <\/div>\n\t\t  <style>\n\t\t\t.fb_iframe_widget_fluid_desktop iframe {\n\t\t\t    width: 100% !important;\n\t\t\t}\n\t\t  <\/style>\n\t\t  ","protected":false},"excerpt":{"rendered":"<p>eloriente.net 16 de octubre de 2013 No hay comentarios: Aprovecha para saber m\u00e1s sobre GRAVITY: Con \u2018Gravedad\u2019 de Cuar\u00f3n abre en octubre Festival de Morelia; mira trailer eloriente.net \/ Festival de Cine de Morelia 16 de septiembre de 2013 CIUDAD DE M\u00c9XICO, 1 de septiembre de 2013.- El Festival Internacional de Cine de Morelia (FICM) [&hellip;]<\/p>\n","protected":false},"author":1,"featured_media":16447,"comment_status":"open","ping_status":"open","sticky":false,"template":"","format":"standard","meta":{"_jetpack_memberships_contains_paid_content":false,"footnotes":""},"categories":[6,49],"tags":[],"class_list":["post-16993","post","type-post","status-publish","format-standard","has-post-thumbnail","hentry","category-canal-4-especiales","category-destacadas"],"jetpack_featured_media_url":"http:\/\/www.eloriente.net\/home\/wp-content\/uploads\/2013\/09\/Poster-Gravedad.jpg","jetpack_sharing_enabled":true,"_links":{"self":[{"href":"http:\/\/www.eloriente.net\/home\/wp-json\/wp\/v2\/posts\/16993"}],"collection":[{"href":"http:\/\/www.eloriente.net\/home\/wp-json\/wp\/v2\/posts"}],"about":[{"href":"http:\/\/www.eloriente.net\/home\/wp-json\/wp\/v2\/types\/post"}],"author":[{"embeddable":true,"href":"http:\/\/www.eloriente.net\/home\/wp-json\/wp\/v2\/users\/1"}],"replies":[{"embeddable":true,"href":"http:\/\/www.eloriente.net\/home\/wp-json\/wp\/v2\/comments?post=16993"}],"version-history":[{"count":2,"href":"http:\/\/www.eloriente.net\/home\/wp-json\/wp\/v2\/posts\/16993\/revisions"}],"predecessor-version":[{"id":16995,"href":"http:\/\/www.eloriente.net\/home\/wp-json\/wp\/v2\/posts\/16993\/revisions\/16995"}],"wp:featuredmedia":[{"embeddable":true,"href":"http:\/\/www.eloriente.net\/home\/wp-json\/wp\/v2\/media\/16447"}],"wp:attachment":[{"href":"http:\/\/www.eloriente.net\/home\/wp-json\/wp\/v2\/media?parent=16993"}],"wp:term":[{"taxonomy":"category","embeddable":true,"href":"http:\/\/www.eloriente.net\/home\/wp-json\/wp\/v2\/categories?post=16993"},{"taxonomy":"post_tag","embeddable":true,"href":"http:\/\/www.eloriente.net\/home\/wp-json\/wp\/v2\/tags?post=16993"}],"curies":[{"name":"wp","href":"https:\/\/api.w.org\/{rel}","templated":true}]}}