{"id":16998,"date":"2013-10-18T17:33:00","date_gmt":"2013-10-18T23:33:00","guid":{"rendered":"http:\/\/www.eloriente.net\/home\/?p=16998"},"modified":"2013-10-19T10:24:04","modified_gmt":"2013-10-19T16:24:04","slug":"ganara-mexico-otra-vez-mundial-sub-17","status":"publish","type":"post","link":"http:\/\/www.eloriente.net\/home\/2013\/10\/18\/ganara-mexico-otra-vez-mundial-sub-17\/","title":{"rendered":"\u00bfGanar\u00e1 M\u00e9xico otra vez Mundial Sub-17?; pierde en debut 1-6 ante Nigeria"},"content":{"rendered":"<p>eloriente.net<\/p>\n<p>Actualizaci\u00f3n 11:00<\/p>\n<p>La selecci\u00f3n de M\u00e9xico Sub-17 perdi\u00f3 en su debut frente a Nigeria de una forma poco previsible: 6 goles contra 1, lo que complica su clasificaci\u00f3n a la siguiente fase.<\/p>\n<p>Abajo puedes consultar horarios y fechas de sus pr\u00f3ximos encuentros. A continuaci\u00f3n los goles de hoy:<br \/>\n<iframe loading=\"lazy\" src=\"\/\/www.youtube.com\/embed\/s3Sh7WL1ijQ\" frameborder=\"0\" width=\"420\" height=\"315\"><\/iframe><br \/>\n<strong>eloriente.net\/<a href=\"http:\/\/www.ligamx.net\/\" target=\"_blank\">LigaMx<\/a><\/strong><\/p>\n<p><strong>18 de octubre de 2013<\/strong><\/p>\n<p><a href=\"http:\/\/www.eloriente.net\/home\/wp-content\/uploads\/2013\/10\/Sub-17-futbol-soccer-DR-ligamx.net_.jpg\"><img loading=\"lazy\" decoding=\"async\" class=\"size-medium wp-image-16999 aligncenter\" title=\"Sub-17 futbol soccer DR ligamx.net\" src=\"http:\/\/www.eloriente.net\/home\/wp-content\/uploads\/2013\/10\/Sub-17-futbol-soccer-DR-ligamx.net_-300x184.jpg\" alt=\"\" width=\"300\" height=\"184\" srcset=\"http:\/\/www.eloriente.net\/home\/wp-content\/uploads\/2013\/10\/Sub-17-futbol-soccer-DR-ligamx.net_-300x184.jpg 300w, http:\/\/www.eloriente.net\/home\/wp-content\/uploads\/2013\/10\/Sub-17-futbol-soccer-DR-ligamx.net_.jpg 650w\" sizes=\"(max-width: 300px) 100vw, 300px\" \/><\/a><\/p>\n<p style=\"text-align: right;\">Foto: LigaMX<\/p>\n<p>La Selecci\u00f3n Mexicana Sub-17 comienza el s\u00e1bado una nueva aventura mundialista, lo har\u00e1 en Emiratos \u00c1rabes Unidos con la encomienda de refrendar el t\u00edtulo que obtuvo en 2011. Ra\u00fal Guti\u00e9rrez ser\u00e1 nuevamente el estratega y ser\u00e1n 21 los j\u00f3venes talentosos que deber\u00e1 conjuntar para seguir atrapando sue\u00f1os y objetivos.<\/p>\n<p>Este nuevo Tri es producto de un proceso s\u00f3lido de las Fuerzas B\u00e1sicas de los Clubes de la LIGA BBVA Bancomer MX. Los jugadores de esta convocatoria, en un 99%, han avanzado desde el Torneo Sub-15 hasta el Sub-17 escalando y acumulando experiencia. Su participaci\u00f3n en estos torneos que organiza la LIGA MX facilit\u00f3 de gran manera que los visores de Selecciones Nacionales pudieran hallarlos y elegirlos para representar a nuestro pa\u00eds.<\/p>\n<p>La siguiente es la lista de convocados con base absoluta en los Clubes de la LIGA BBVA Bancomer MX:<\/p>\n<p>1-. Ra\u00fal Gudi\u00f1o-<strong>Chivas<\/strong><\/p>\n<p>2-. Francisco Calder\u00f3n-\u00a0<strong>Pumas<\/strong><\/p>\n<p>3-. Salom\u00f3n Wbias-\u00a0<strong>Pachuca<\/strong><\/p>\n<p>4-. Pedro Ter\u00e1n-\u00a0<strong>Atlas<\/strong><\/p>\n<p>5-. Osvaldo Rodr\u00edguez-<strong>Pachuca<\/strong><\/p>\n<p>6-. Erich Hern\u00e1ndez-\u00a0<strong>Chivas<\/strong><\/p>\n<p>7-. Luis Hern\u00e1ndez-<strong>Pachuca<\/strong><\/p>\n<p>8-. Jos\u00e9 Almanza-<strong>Pachuca<\/strong><\/p>\n<p>9-. Alejandro D\u00edaz-\u00a0<strong>Am\u00e9rica<\/strong><\/p>\n<p>10-. Marco Granados-<strong>Chivas<\/strong><\/p>\n<p>11-. Iv\u00e1n Ochoa-<strong>Pachuca<\/strong><\/p>\n<p>12-. Edson Res\u00e9ndez-\u00a0<strong>Monterrey<\/strong><\/p>\n<p>13-. Jos\u00e9 Robles-<strong>Pumas<\/strong><\/p>\n<p>14-. Erick Aguirre-<strong>Monarcas<\/strong><\/p>\n<p>15-. Christian Tovar-<strong>Santos<\/strong><\/p>\n<p>16-. Ulises Rivas-<strong>Santos<\/strong><\/p>\n<p>17-. Jonh Gonz\u00e1lez-<strong>Am\u00e9rica<\/strong><\/p>\n<p>18-. Omar Govea-<strong>Am\u00e9rica<\/strong><\/p>\n<p>19-. Ulises Jaimes-<strong>Monarcas<\/strong><\/p>\n<p>20-. V\u00edctor Z\u00fa\u00f1iga-<strong>Cruz Azul<\/strong><\/p>\n<p>21-. Antonio Torres-<strong>Chivas<\/strong><\/p>\n<p>Estar en la posici\u00f3n de los 21 j\u00f3venes mexicanos que representar\u00e1n a su pa\u00eds en la pr\u00f3xima Copa Mundial Sub-17 de la FIFA Emiratos \u00c1rabes Unidos 2013, no es nada f\u00e1cil. Han sido muchos a\u00f1os de trabajo, de constancia, de disciplina, de responsabilidad, y su camino en la prueba futbol\u00edstica m\u00e1s importante de su vida, apenas est\u00e1 por comenzar.<\/p>\n<p>Los elegidos por el estratega nacional Sub-17, Ra\u00fal Guti\u00e9rrez, saben lo que est\u00e1 por llegar a partir del pr\u00f3ximo s\u00e1bado 19 de octubre, d\u00eda en que debutan en la justa mundialista de la que M\u00e9xico a\u00fan es el actual Campe\u00f3n.<\/p>\n<p>Casi dos a\u00f1os de trabajo en equipo se ver\u00e1n reflejados en los campos emirat\u00edes, pero para esto, M\u00e9xico tuvo que ganarse su lugar en el Premundial Sub-17 de la CONCACAF Panam\u00e1 2013 el pasado mes de abril. La Selecci\u00f3n Mexicana derrot\u00f3 a Cuba y Honduras en la Fase de Grupos, a Guatemala en Cuartos de Final, a Honduras de nueva cuenta en Semifinales y al anfitri\u00f3n, Panam\u00e1, en la Gran Final.<\/p>\n<p>Este fue el camino recorrido y el \u00f3omo el Tricolor obtuvo su boleto para defender el t\u00edtulo en la Copa Mundial Sub-17 de la FIFA Emiratos \u00c1rabes Unidos 2013 del 17 de octubre al 8 de noviembre.<\/p>\n<p>El debut ser\u00e1 este pr\u00f3ximo s\u00e1bado por la ma\u00f1ana en la cancha del Khalifa Bin Zayed ante Nigeria. M\u00e9xico, adem\u00e1s, comparte el Grupo F con Irak y Suecia.<\/p>\n<p>La LIGA BBVA Bancomer MX desea \u00e9xito a este combinado nacional Sub-17 que trae detr\u00e1s un proceso firme y hecho con base en el apoyo de sus Clubes para reforzar las Fuerzas B\u00e1sicas en M\u00e9xico<\/p>\n<p style=\"text-align: left;\"><strong>Al <a href=\"http:\/\/es.fifa.com\/u17worldcup\/matches\/index.html\" target=\"_blank\">calendario oficial de la FIFA<\/a>\u00a0para M\u00e9xico es el siguiente:<\/strong><\/p>\n<p>\u00a0<a href=\"http:\/\/www.eloriente.net\/home\/wp-content\/uploads\/2013\/10\/Calendario-fase-de-grupos-de-M\u00e9xico-U-17.jpg\"><img loading=\"lazy\" decoding=\"async\" class=\"size-medium wp-image-17000 aligncenter\" title=\"Calendario fase de grupos de M\u00e9xico U-17\" src=\"http:\/\/www.eloriente.net\/home\/wp-content\/uploads\/2013\/10\/Calendario-fase-de-grupos-de-M\u00e9xico-U-17-300x100.jpg\" alt=\"\" width=\"300\" height=\"100\" srcset=\"http:\/\/www.eloriente.net\/home\/wp-content\/uploads\/2013\/10\/Calendario-fase-de-grupos-de-M\u00e9xico-U-17-300x100.jpg 300w, http:\/\/www.eloriente.net\/home\/wp-content\/uploads\/2013\/10\/Calendario-fase-de-grupos-de-M\u00e9xico-U-17.jpg 663w\" sizes=\"(max-width: 300px) 100vw, 300px\" \/><\/a><\/p>\n<p>&nbsp;<\/p>\n<p>Entradas anteriores:<\/p>\n<p><a title=\"Permalink to Todo sobre el M\u00e9xico 2-1 a Panam\u00e1; y colecci\u00f3n de grandes goles en Aniversario del Am\u00e9rica\" href=\"http:\/\/www.eloriente.net\/home\/2013\/10\/12\/todo-sobre-el-mexico-2-1-a-panama-y-coleccion-de-grandes-goles-en-aniversario-del-america\/\" rel=\"bookmark\">Todo sobre el M\u00e9xico 2-1 a Panam\u00e1; y colecci\u00f3n de grandes goles en Aniversario del Am\u00e9rica<\/a><\/p>\n<p><a href=\"http:\/\/www.eloriente.net\/home\/2013\/10\/12\/todo-sobre-el-mexico-2-1-a-panama-y-coleccion-de-grandes-goles-en-aniversario-del-america\/\" rel=\"bookmark\"><img decoding=\"async\" title=\"Todo sobre el M\u00e9xico 2-1 a Panam\u00e1; y colecci\u00f3n de grandes goles en Aniversario del Am\u00e9rica\" src=\"http:\/\/www.eloriente.net\/home\/wp-content\/themes\/city-desk\/timthumb.php?src=http%3A%2F%2Fwww.eloriente.net%2Fhome%2Fwp-content%2Fuploads%2F2013%2F10%2F%40RaulAlonsoJime%CC%81nez-e1381593091128.jpg&amp;q=90&amp;w=160&amp;h=106&amp;zc=1\" alt=\"Todo sobre el M\u00e9xico 2-1 a Panam\u00e1; y colecci\u00f3n de grandes goles en Aniversario del Am\u00e9rica\" \/><\/a><\/p>\n<p>eloriente.net\/FEMEXFUT 11 de octubre de 2013 Mira esta colecci\u00f3n de golazos de jugadores del Am\u00e9rica en el Azteca, tanto en selecci\u00f3n como en clubes, que presentamos para felicitar a las \u00c1guilas hoy por su Aniversario 97 y por el gol de su ariete Ra\u00fal Alonso Jim\u00e9nez anoche, en el partido M\u00e9xico vs. Panam\u00e1. Abajo, puedes [&#8230;]<\/p>\n<p>October 12, 2013<\/p>\n<div id=\"post-16848\">\n<p><a title=\"Permalink to Los paladines del \u00e9xodo mexicano a Europa\" href=\"http:\/\/www.eloriente.net\/home\/2013\/10\/09\/los-paladines-del-exodo-mexicano-a-europa\/\" rel=\"bookmark\">Los paladines del \u00e9xodo mexicano a Europa<\/a><\/p>\n<p><a href=\"http:\/\/www.eloriente.net\/home\/2013\/10\/09\/los-paladines-del-exodo-mexicano-a-europa\/\" rel=\"bookmark\"><img decoding=\"async\" title=\"Los paladines del \u00e9xodo mexicano a Europa\" src=\"http:\/\/www.eloriente.net\/home\/wp-content\/themes\/city-desk\/timthumb.php?src=http%3A%2F%2Fwww.eloriente.net%2Fhome%2Fwp-content%2Fuploads%2F2013%2F10%2F%40ClubLeonOficial-Rafael-M%C3%A1rquez.jpg&amp;q=90&amp;w=160&amp;h=106&amp;zc=1\" alt=\"Los paladines del \u00e9xodo mexicano a Europa\" \/><\/a>eloriente.net 9 de octubre de 2013 Por: Alfredo Woolrich Hugo S\u00e1nchez y Rafael M\u00e1rquez son los referentes obligados cuando se habla de futbolistas mexicanos en Europa. La gente tambi\u00e9n recuerda las estad\u00edas de otros \u00eddolos como Luis Garc\u00eda, Cuauht\u00e9moc Blanco o Paco Palencia; a \u00faltimas fechas H\u00e9ctor Moreno, Andr\u00e9s Guardado o Javier Hern\u00e1ndez completan la [&#8230;]<\/p>\n<p>October 9, 2013<\/p>\n<\/div>\n<div id=\"post-16695\">\n<p><a title=\"Permalink to Trofeo de Brasil 2014 estar\u00e1 en M\u00e9xico el 6 de febrero\" href=\"http:\/\/www.eloriente.net\/home\/2013\/09\/30\/trofeo-de-brasil-2014-estara-en-mexico-el-6-de-febrero\/\" rel=\"bookmark\">Trofeo de Brasil 2014 estar\u00e1 en M\u00e9xico el 6 de febrero<\/a><\/p>\n<p><a href=\"http:\/\/www.eloriente.net\/home\/2013\/09\/30\/trofeo-de-brasil-2014-estara-en-mexico-el-6-de-febrero\/\" rel=\"bookmark\"><img decoding=\"async\" title=\"Trofeo de Brasil 2014 estar\u00e1 en M\u00e9xico el 6 de febrero\" src=\"http:\/\/www.eloriente.net\/home\/wp-content\/themes\/city-desk\/timthumb.php?src=http%3A%2F%2Fwww.eloriente.net%2Fhome%2Fwp-content%2Fuploads%2F2013%2F09%2FAvion-Tour-Trofeo-Brasil-2014.jpg&amp;q=90&amp;w=160&amp;h=106&amp;zc=1\" alt=\"Trofeo de Brasil 2014 estar\u00e1 en M\u00e9xico el 6 de febrero\" \/><\/a>eloriente.net\/COBERTURA ESPECIAL BRASIL 2014 30 de septiembre de 2013 Recordatorio: BOLETOS PARA VER EL MUNDIAL EN DIRECTO eloriente.net (Oaxaca, Oax. a 30 de septiembre de 2013).- M\u00e9xico recibir\u00e1 el trofeo que coronar\u00e1 al ganador del mundial 2014, el pr\u00f3ximo 6 de febrero, como parte de la gira internacional que se efect\u00faa por tercera ocasi\u00f3n en [&#8230;]<\/p>\n<p>September 30, 2013<\/p>\n<\/div>\n\n\t\t\t  <div \n\t\t\t  \tclass = \"fb-comments\" \n\t\t\t  \tdata-href = \"http:\/\/www.eloriente.net\/home\/2013\/10\/18\/ganara-mexico-otra-vez-mundial-sub-17\/\"\n\t\t\t  \tdata-numposts = \"10\"\n\t\t\t\tdata-colorscheme = \"dark\"\n\t\t\t\tdata-order-by = \"social\"\n\t\t\t\tdata-mobile=true>\n\t\t\t  <\/div>\n\t\t  <style>\n\t\t\t.fb_iframe_widget_fluid_desktop iframe {\n\t\t\t    width: 100% !important;\n\t\t\t}\n\t\t  <\/style>\n\t\t  ","protected":false},"excerpt":{"rendered":"<p>eloriente.net Actualizaci\u00f3n 11:00 La selecci\u00f3n de M\u00e9xico Sub-17 perdi\u00f3 en su debut frente a Nigeria de una forma poco previsible: 6 goles contra 1, lo que complica su clasificaci\u00f3n a la siguiente fase. Abajo puedes consultar horarios y fechas de sus pr\u00f3ximos encuentros. A continuaci\u00f3n los goles de hoy: eloriente.net\/LigaMx 18 de octubre de 2013 [&hellip;]<\/p>\n","protected":false},"author":1,"featured_media":16999,"comment_status":"open","ping_status":"open","sticky":false,"template":"","format":"standard","meta":{"_jetpack_memberships_contains_paid_content":false,"footnotes":""},"categories":[15,32,10],"tags":[],"class_list":["post-16998","post","type-post","status-publish","format-standard","has-post-thumbnail","hentry","category-deportes","category-entradas","category-lo-mas-reciente"],"jetpack_featured_media_url":"http:\/\/www.eloriente.net\/home\/wp-content\/uploads\/2013\/10\/Sub-17-futbol-soccer-DR-ligamx.net_.jpg","jetpack_sharing_enabled":true,"_links":{"self":[{"href":"http:\/\/www.eloriente.net\/home\/wp-json\/wp\/v2\/posts\/16998"}],"collection":[{"href":"http:\/\/www.eloriente.net\/home\/wp-json\/wp\/v2\/posts"}],"about":[{"href":"http:\/\/www.eloriente.net\/home\/wp-json\/wp\/v2\/types\/post"}],"author":[{"embeddable":true,"href":"http:\/\/www.eloriente.net\/home\/wp-json\/wp\/v2\/users\/1"}],"replies":[{"embeddable":true,"href":"http:\/\/www.eloriente.net\/home\/wp-json\/wp\/v2\/comments?post=16998"}],"version-history":[{"count":3,"href":"http:\/\/www.eloriente.net\/home\/wp-json\/wp\/v2\/posts\/16998\/revisions"}],"predecessor-version":[{"id":17002,"href":"http:\/\/www.eloriente.net\/home\/wp-json\/wp\/v2\/posts\/16998\/revisions\/17002"}],"wp:featuredmedia":[{"embeddable":true,"href":"http:\/\/www.eloriente.net\/home\/wp-json\/wp\/v2\/media\/16999"}],"wp:attachment":[{"href":"http:\/\/www.eloriente.net\/home\/wp-json\/wp\/v2\/media?parent=16998"}],"wp:term":[{"taxonomy":"category","embeddable":true,"href":"http:\/\/www.eloriente.net\/home\/wp-json\/wp\/v2\/categories?post=16998"},{"taxonomy":"post_tag","embeddable":true,"href":"http:\/\/www.eloriente.net\/home\/wp-json\/wp\/v2\/tags?post=16998"}],"curies":[{"name":"wp","href":"https:\/\/api.w.org\/{rel}","templated":true}]}}