{"id":17004,"date":"2013-10-28T09:52:15","date_gmt":"2013-10-28T15:52:15","guid":{"rendered":"http:\/\/www.eloriente.net\/home\/?p=17004"},"modified":"2013-10-28T09:52:15","modified_gmt":"2013-10-28T15:52:15","slug":"48-consideran-capital-de-oaxaca-un-lugar-no-seguro-conceptos-marketing","status":"publish","type":"post","link":"http:\/\/www.eloriente.net\/home\/2013\/10\/28\/48-consideran-capital-de-oaxaca-un-lugar-no-seguro-conceptos-marketing\/","title":{"rendered":"48% consideran capital de Oaxaca un lugar &#8216;no seguro&#8217;: Conceptos Marketing"},"content":{"rendered":"<p>eloriente.net\/Conceptos Marketing<\/p>\n<p>28 de octubre de 2013<\/p>\n<p style=\"text-align: right\">Por: \u00c1ngeles Morales<\/p>\n<p>Con base en la reciente Encuesta Nacional de Victimizaci\u00f3n y Percepci\u00f3n sobre Seguridad P\u00fablica 2013 ENVIPE presentada por parte del INEGI. Se revisaron \u00a0los resultados que en \u00e9sta se muestran, raz\u00f3n por la cual Conceptos Marketing realiz\u00f3 un sondeo de opini\u00f3n p\u00fablica a los ciudadanos de la capital oaxaque\u00f1a retomando algunos de los puntos:<\/p>\n<ol>\n<li>Principal problema que\u00a0 preocupa a los ciudadanos.<\/li>\n<li>Percepci\u00f3n de la inseguridad.<\/li>\n<li>V\u00edctimas de la delincuencia y denuncia.<\/li>\n<\/ol>\n<p>Asimismo, en este estudio se agreg\u00f3 un punto m\u00e1s:<\/p>\n<ol>\n<li>La percepci\u00f3n de los ciudadanos ante el crimen organizado. Cabe mencionar que este tema no viene considerado en la ENVIPE 2013 (se\u00f1alando en su metodolog\u00eda qu\u00e9 por el tipo de estudio, en \u00e9ste no se miden los temas de narcotr\u00e1fico, ni delincuencia organizada).<\/li>\n<\/ol>\n<p><strong>N\u00fameros y prioridades en Oaxaca<\/strong><\/p>\n<p style=\"text-align: center\"><a href=\"http:\/\/www.eloriente.net\/home\/wp-content\/uploads\/2013\/10\/HABLANDO-DE-SEGURIDAD-OCTUBRE-parte1.jpg\"><img loading=\"lazy\" decoding=\"async\" class=\"alignnone size-medium wp-image-17189\" src=\"http:\/\/www.eloriente.net\/home\/wp-content\/uploads\/2013\/10\/HABLANDO-DE-SEGURIDAD-OCTUBRE-parte1-194x300.jpg\" alt=\"\" width=\"194\" height=\"300\" srcset=\"http:\/\/www.eloriente.net\/home\/wp-content\/uploads\/2013\/10\/HABLANDO-DE-SEGURIDAD-OCTUBRE-parte1-194x300.jpg 194w, http:\/\/www.eloriente.net\/home\/wp-content\/uploads\/2013\/10\/HABLANDO-DE-SEGURIDAD-OCTUBRE-parte1-663x1024.jpg 663w, http:\/\/www.eloriente.net\/home\/wp-content\/uploads\/2013\/10\/HABLANDO-DE-SEGURIDAD-OCTUBRE-parte1-1024x1579.jpg 1024w\" sizes=\"(max-width: 194px) 100vw, 194px\" \/><\/a><\/p>\n<p>No todas las personas tienen las mismas prioridades en cuanto a problemas se refieren, ni es el mismo grado de importancia que se dedica a cada uno de ellos.\u00a0 Lo anterior se se\u00f1ala, en relaci\u00f3n a los problemas que afligen a los ciudadanos.<\/p>\n<p>De acuerdo con la ENVIPE 2013, a nivel nacional el 57.8% considera como principal problema la INSEGURIDAD. En segundo lugar se ubica el desempleo con 46.5%.<\/p>\n<p>Sin embargo, en la Encuesta Conceptos resalta que para la mitad (46%) de los oaxaque\u00f1os la situaci\u00f3n econ\u00f3mica es el mayor problema. S\u00f3lo una cuarta parte de los entrevistados (26%) se sienten preocupados por la INSEGURIDAD.<\/p>\n<p>La ENVIPE 2013, muestra una tasa de percepci\u00f3n de inseguridad a nivel nacional del 72.3%. Oaxaca obtiene, una tasa del 66.9%, es decir, 7 de cada 10 se\u00f1alan a Oaxaca como un lugar no seguro.<\/p>\n<p>En relaci\u00f3n a lo expresado por la ciudadan\u00eda en la Encuesta Conceptos, la mitad de \u00e9stos (48%) perciben la ciudad de Oaxaca como un lugar no seguro, \u00fanicamente 3 de cada 10 (30%) consideran la capital un lugar seguro, muy seguro.<\/p>\n<p>Seg\u00fan datos de la ENVIPE 2013, se \u00a0estima \u00a0que a nivel nacional 21, 603,990 ciudadanos fueron v\u00edctimas de delito durante 2012, alcanzado una tasa del 32.4%. En el estado de Oaxaca 14,335 personas fueron v\u00edctimas de alg\u00fan delito. De los cuales s\u00f3lo se estima que el 12.2% \u00fanicamente denunci\u00f3. \u00a0El 61.9% de la poblaci\u00f3n v\u00edctima de un delito, no hace su denuncia, por considerar la denuncia una p\u00e9rdida de tiempo.<\/p>\n<p>Por otra parte, la ciudadan\u00eda comparti\u00f3 su sentir y sus experiencias en relaci\u00f3n a la delincuencia y denuncia, la Encuesta Conceptos muestra los resultados obtenidos de la poblaci\u00f3n. En el 2012, 3 de cada 10 (28%) entrevistados fueron v\u00edctimas de la delincuencia. De los cuales el 73 % sufrieron alg\u00fan tipo de robo.<\/p>\n<p>Del total de ciudadanos que vivieron alg\u00fan agravio, s\u00f3lo 3 de cada 10 (33%) denunciaron ante las autoridades, 7 de cada 10 oaxaque\u00f1os expresan que la falta de credibilidad ante las autoridades es la principal causa por la que no denuncia.<\/p>\n<p><a href=\"http:\/\/www.eloriente.net\/home\/wp-content\/uploads\/2013\/10\/HABLANDO-DE-SEGURIDAD-OCTUBRE-parte2.jpg\"><img loading=\"lazy\" decoding=\"async\" class=\"wp-image-17188 aligncenter\" src=\"http:\/\/www.eloriente.net\/home\/wp-content\/uploads\/2013\/10\/HABLANDO-DE-SEGURIDAD-OCTUBRE-parte2-194x300.jpg\" alt=\"\" width=\"224\" height=\"346\" srcset=\"http:\/\/www.eloriente.net\/home\/wp-content\/uploads\/2013\/10\/HABLANDO-DE-SEGURIDAD-OCTUBRE-parte2-194x300.jpg 194w, http:\/\/www.eloriente.net\/home\/wp-content\/uploads\/2013\/10\/HABLANDO-DE-SEGURIDAD-OCTUBRE-parte2-663x1024.jpg 663w, http:\/\/www.eloriente.net\/home\/wp-content\/uploads\/2013\/10\/HABLANDO-DE-SEGURIDAD-OCTUBRE-parte2-1024x1579.jpg 1024w\" sizes=\"(max-width: 224px) 100vw, 224px\" \/><\/a><\/p>\n<p><strong>Poniendo el dedo en la llaga<\/strong><\/p>\n<p>Conscientes del panorama nacional que actualmente se vive, esto referente al crimen organizado. Los ciudadanos oaxaque\u00f1os opinan al respecto. 5 de cada 10 (54%)\u00a0 perciben que el grado de introducci\u00f3n del crimen organizado en Oaxaca es medio alto\/ alto. Por otra parte, s\u00f3lo 4 de cada 100 consideran que es muy bajo el nivel de introducci\u00f3n del crimen organizado.\u00a0 6 de cada 10 tanto mujeres como hombres, declaran que la delincuencia organizada se ha introducido en un grado medio alto\/ alto. (56% y 63% respectivamente).<\/p>\n<p>Para comprender mejor lo antes citado, pueden consultar de manera gr\u00e1fica la anterior informaci\u00f3n.<\/p>\n<p><a href=\"http:\/\/www.eloriente.net\/home\/wp-content\/uploads\/2013\/10\/HABLANDO-DE-SEGURIDAD-OCTUBRE-1.pdf\">HABLANDO DE SEGURIDAD-OCTUBRE (1)<\/a><\/p>\n<p>&nbsp;<\/p>\n<p>Anteriores:<\/p>\n<div>\n<h2><a title=\"Permalink to \u2018Historia\u2019 el mayor motivo para sentir \u201corgullo mexicano\u201d; la pobreza es el contraste\" href=\"http:\/\/www.eloriente.net\/home\/2013\/09\/18\/historia-el-mayor-motivo-para-sentir-orgullo-mexicano-la-pobreza-es-el-contraste\/\" rel=\"bookmark\">\u2018Historia\u2019 el mayor motivo para sentir \u201corgullo mexicano\u201d; la pobreza es el contraste<\/a><\/h2>\n<p><a href=\"http:\/\/www.eloriente.net\/home\/2013\/09\/18\/historia-el-mayor-motivo-para-sentir-orgullo-mexicano-la-pobreza-es-el-contraste\/\" rel=\"bookmark\"><img decoding=\"async\" src=\"http:\/\/www.eloriente.net\/home\/wp-content\/themes\/city-desk\/timthumb.php?src=http%3A%2F%2Fwww.eloriente.net%2Fhome%2Fwp-content%2Fuploads%2F2013%2F09%2FSentimiento-Mexicano-sep-2013-.png&amp;q=90&amp;w=160&amp;h=106&amp;zc=1\" alt=\"\u2018Historia\u2019 el mayor motivo para sentir \u201corgullo mexicano\u201d; la pobreza es el contraste\" \/><\/a>eloriente.net\/Conceptos Marketing 18 de septiembre de 2013 eloriente.net (Oaxaca, Oax. a 18 de septiembre de 2013).- La empresa de consultor\u00eda Conceptos Marketing dio a conocer su estudio m\u00e1s reciente sobre Sentimiento Mexicano un momento muy oportuno, pues a\u00fan atravesamos el Mes Patrio, el periodo de mayor furor nacional del a\u00f1o. En este sentido, Conceptos revela [&#8230;]<\/p>\n<p>September 18, 2013<\/p>\n<\/div>\n<div>\n<p><a title=\"Permalink to 89% de turistas est\u00e1n satisfechos con actividades de la Guelaguetza: Conceptos Consultores\" href=\"http:\/\/www.eloriente.net\/home\/2013\/07\/25\/89-de-turistas-estan-satisfechos-con-actividades-de-la-guelaguetza-conceptos-consultores\/\" rel=\"bookmark\">89% de turistas est\u00e1n satisfechos con actividades de la Guelaguetza: Conceptos Consultores<\/a><\/p>\n<p><a href=\"http:\/\/www.eloriente.net\/home\/2013\/07\/25\/89-de-turistas-estan-satisfechos-con-actividades-de-la-guelaguetza-conceptos-consultores\/\" rel=\"bookmark\"><img decoding=\"async\" src=\"http:\/\/www.eloriente.net\/home\/wp-content\/themes\/city-desk\/timthumb.php?src=http%3A%2F%2Fwww.eloriente.net%2Fhome%2Fwp-content%2Fuploads%2F2013%2F07%2Fguelaguetza-Derechos-Reservados-Miguel-Bautista.jpg&amp;q=90&amp;w=160&amp;h=106&amp;zc=1\" alt=\"89% de turistas est\u00e1n satisfechos con actividades de la Guelaguetza: Conceptos Consultores\" \/><\/a>Por: Conceptos Marketing para eloriente.net METODOLOG\u00cdA \u00a0\u00a0 El 22 de julio de 2013 CONCEPTOS CONSULTORES, realiz\u00f3 un levantamiento de 500 sondeos de opini\u00f3n p\u00fablica a turistas nacionales y extranjeros, bajo una muestra aleatoria con probabilidad proporcional a su tama\u00f1o (PPT), con un intervalo de confianza del 95 en la ciudad capital mediante una metodolog\u00eda cara [&#8230;]<\/p>\n<p>July 25, 2013<\/p>\n<\/div>\n<p><a title=\"Permalink to Sondeos sobre h\u00e1bito de lectura y descarga de e-books por D\u00eda Mundial del Libro\" href=\"http:\/\/www.eloriente.net\/home\/2013\/04\/23\/dia-mundial-del-libro-y-del-derecho-de-autor\/\" rel=\"bookmark\">Sondeos sobre h\u00e1bito de lectura y descarga de e-books por D\u00eda Mundial del Libro<\/a><\/p>\n<p><a href=\"http:\/\/www.eloriente.net\/home\/2013\/04\/23\/dia-mundial-del-libro-y-del-derecho-de-autor\/\" rel=\"bookmark\"><img decoding=\"async\" src=\"http:\/\/www.eloriente.net\/home\/wp-content\/themes\/city-desk\/timthumb.php?src=http%3A%2F%2Fwww.eloriente.net%2Fhome%2Fwp-content%2Fuploads%2F2012%2F11%2FAlgunos-derechos-reservados-por-Paco-Vila-Libros.jpg&amp;q=90&amp;w=160&amp;h=106&amp;zc=1\" alt=\"Sondeos sobre h\u00e1bito de lectura y descarga de e-books por D\u00eda Mundial del Libro\" \/><\/a><\/p>\n<p>eloriente.net\/ UNESCO 23 de abril de 2013 eloriente.net (Oaxaca, Oax.) 23 de abril de 2013.- Este martes 23 de abril se celebra el D\u00eda Mundial del Libro y el Derecho de Autor,\u00a0establecido por la Organizaci\u00f3n de las Naciones Unidas para la Educaci\u00f3n, la Ciencia y la Cultura (UNESCO) hace 17 a\u00f1os,\u00a0con el objetivo de fomentar [&#8230;]<\/p>\n<p>April 23, 2013<\/p>\n\n\t\t\t  <div \n\t\t\t  \tclass = \"fb-comments\" \n\t\t\t  \tdata-href = \"http:\/\/www.eloriente.net\/home\/2013\/10\/28\/48-consideran-capital-de-oaxaca-un-lugar-no-seguro-conceptos-marketing\/\"\n\t\t\t  \tdata-numposts = \"10\"\n\t\t\t\tdata-colorscheme = \"dark\"\n\t\t\t\tdata-order-by = \"social\"\n\t\t\t\tdata-mobile=true>\n\t\t\t  <\/div>\n\t\t  <style>\n\t\t\t.fb_iframe_widget_fluid_desktop iframe {\n\t\t\t    width: 100% !important;\n\t\t\t}\n\t\t  <\/style>\n\t\t  ","protected":false},"excerpt":{"rendered":"<p>eloriente.net\/Conceptos Marketing 28 de octubre de 2013 Por: \u00c1ngeles Morales Con base en la reciente Encuesta Nacional de Victimizaci\u00f3n y Percepci\u00f3n sobre Seguridad P\u00fablica 2013 ENVIPE presentada por parte del INEGI. Se revisaron \u00a0los resultados que en \u00e9sta se muestran, raz\u00f3n por la cual Conceptos Marketing realiz\u00f3 un sondeo de opini\u00f3n p\u00fablica a los ciudadanos [&hellip;]<\/p>\n","protected":false},"author":9,"featured_media":17189,"comment_status":"open","ping_status":"open","sticky":false,"template":"","format":"standard","meta":{"_jetpack_memberships_contains_paid_content":false,"footnotes":""},"categories":[41,11,32,35,10,23,31],"tags":[],"class_list":["post-17004","post","type-post","status-publish","format-standard","has-post-thumbnail","hentry","category-angeles-morales","category-colaboradores","category-entradas","category-secciones-oriente","category-lo-mas-reciente","category-municipios","category-principal"],"jetpack_featured_media_url":"http:\/\/www.eloriente.net\/home\/wp-content\/uploads\/2013\/10\/HABLANDO-DE-SEGURIDAD-OCTUBRE-parte1.jpg","jetpack_sharing_enabled":true,"_links":{"self":[{"href":"http:\/\/www.eloriente.net\/home\/wp-json\/wp\/v2\/posts\/17004"}],"collection":[{"href":"http:\/\/www.eloriente.net\/home\/wp-json\/wp\/v2\/posts"}],"about":[{"href":"http:\/\/www.eloriente.net\/home\/wp-json\/wp\/v2\/types\/post"}],"author":[{"embeddable":true,"href":"http:\/\/www.eloriente.net\/home\/wp-json\/wp\/v2\/users\/9"}],"replies":[{"embeddable":true,"href":"http:\/\/www.eloriente.net\/home\/wp-json\/wp\/v2\/comments?post=17004"}],"version-history":[{"count":2,"href":"http:\/\/www.eloriente.net\/home\/wp-json\/wp\/v2\/posts\/17004\/revisions"}],"predecessor-version":[{"id":17190,"href":"http:\/\/www.eloriente.net\/home\/wp-json\/wp\/v2\/posts\/17004\/revisions\/17190"}],"wp:featuredmedia":[{"embeddable":true,"href":"http:\/\/www.eloriente.net\/home\/wp-json\/wp\/v2\/media\/17189"}],"wp:attachment":[{"href":"http:\/\/www.eloriente.net\/home\/wp-json\/wp\/v2\/media?parent=17004"}],"wp:term":[{"taxonomy":"category","embeddable":true,"href":"http:\/\/www.eloriente.net\/home\/wp-json\/wp\/v2\/categories?post=17004"},{"taxonomy":"post_tag","embeddable":true,"href":"http:\/\/www.eloriente.net\/home\/wp-json\/wp\/v2\/tags?post=17004"}],"curies":[{"name":"wp","href":"https:\/\/api.w.org\/{rel}","templated":true}]}}