{"id":17007,"date":"2013-10-19T07:28:17","date_gmt":"2013-10-19T13:28:17","guid":{"rendered":"http:\/\/www.eloriente.net\/home\/?p=17007"},"modified":"2013-10-19T07:28:17","modified_gmt":"2013-10-19T13:28:17","slug":"lluvias-fuertes-son-posibles-para-oaxaca-este-19-de-octubre2013","status":"publish","type":"post","link":"http:\/\/www.eloriente.net\/home\/2013\/10\/19\/lluvias-fuertes-son-posibles-para-oaxaca-este-19-de-octubre2013\/","title":{"rendered":"&#8216;Lluvias Fuertes&#8217; son posibles para Oaxaca este 19 de octubre\/2013"},"content":{"rendered":"<p>eloriente.net 19 de octubre de 2013 eloriente.net (Oaxaca, M\u00e9xico).- Este 19 de octubre el Servicio Meteorol\u00f3gico Nacional emiti\u00f3 un Pron\u00f3stico a Muy Corto Plazo a las 6 de la ma\u00f1ana en el cual alerta sobre posibles lluvias fuertes en los estados de Tamaulipas, Oaxaca y Guerrero para este d\u00eda. Adicionalmente, en su cuenta de Twitter, el Coordinador Nacional de Protecci\u00f3n Civil de la Secretar\u00eda de Gobernaci\u00f3n, Luis Felipe Puente, alert\u00f3 sobre el mismo tema:<\/p>\n<blockquote class=\"twitter-tweet\"><p>Posibles lluvias fuertes en Oaxaca y Guerrero por desplazamiento de posible tormenta tropical, precauciones y atienda las recomendaciones \u2014 Luis Felipe Puente (@LUISFELIPE_P) <a href=\"https:\/\/twitter.com\/LUISFELIPE_P\/statuses\/391551277710069761\">October 19, 2013<\/a><\/p><\/blockquote>\n<p>&nbsp;<\/p>\n<blockquote class=\"twitter-tweet\"><p>Zona de inestabilidad frente a las costas de Oaxaca a 470 kms con 60% de probabilidad de convertirse en Tormenta Tropical, tome precauciones \u2014 Luis Felipe Puente (@LUISFELIPE_P) <a href=\"https:\/\/twitter.com\/LUISFELIPE_P\/statuses\/391549754489843712\">October 19, 2013<\/a> \u00a0 Por dichas razones es importante que se tomen las precauciones del caso, sobre todo en las zonas de mayor riesgo. A continuaci\u00f3n, el reporte del Servicio (SMN):<\/p><\/blockquote>\n<blockquote class=\"twitter-tweet\"><p><a href=\"http:\/\/www.eloriente.net\/home\/wp-content\/uploads\/2013\/10\/Aviso-de-tiempo-severo-SMN-1910131.jpg\"><img loading=\"lazy\" decoding=\"async\" class=\"alignnone size-full wp-image-17009\" title=\"Aviso de tiempo severo SMN 191013\" src=\"http:\/\/www.eloriente.net\/home\/wp-content\/uploads\/2013\/10\/Aviso-de-tiempo-severo-SMN-1910131.jpg\" alt=\"\" width=\"502\" height=\"606\" srcset=\"http:\/\/www.eloriente.net\/home\/wp-content\/uploads\/2013\/10\/Aviso-de-tiempo-severo-SMN-1910131.jpg 502w, http:\/\/www.eloriente.net\/home\/wp-content\/uploads\/2013\/10\/Aviso-de-tiempo-severo-SMN-1910131-248x300.jpg 248w\" sizes=\"(max-width: 502px) 100vw, 502px\" \/><\/a><\/p><\/blockquote>\n<blockquote class=\"twitter-tweet\"><p>Foto para portada:\u00a0Algunos derechos reservados por phylevn LLuvia Oaxaca<\/p><\/blockquote>\n<blockquote class=\"twitter-tweet\"><p>Notas Anteriores:<\/p><\/blockquote>\n<blockquote class=\"twitter-tweet\"><p><a title=\"Permalink to Mensaje \u00edntegro de Canciller de M\u00e9xico Jose Antonio Meade en Naciones Unidas\" href=\"http:\/\/www.eloriente.net\/home\/2013\/09\/26\/mensaje-integro-de-canciller-de-mexico-jose-antonio-meade-en-naciones-unidas\/\" rel=\"bookmark\">Mensaje \u00edntegro de Canciller de M\u00e9xico Jose Antonio Meade en Naciones Unidas<\/a><\/p>\n<p><a href=\"http:\/\/www.eloriente.net\/home\/2013\/09\/26\/mensaje-integro-de-canciller-de-mexico-jose-antonio-meade-en-naciones-unidas\/\" rel=\"bookmark\"><img decoding=\"async\" title=\"Mensaje \u00edntegro de Canciller de M\u00e9xico Jose Antonio Meade en Naciones Unidas\" src=\"http:\/\/www.eloriente.net\/home\/wp-content\/themes\/city-desk\/timthumb.php?src=http%3A%2F%2Fwww.eloriente.net%2Fhome%2Fwp-content%2Fuploads%2F2013%2F09%2FCaptura-Meade-Kuri-ONU.jpg&amp;q=90&amp;w=160&amp;h=106&amp;zc=1\" alt=\"Mensaje \u00edntegro de Canciller de M\u00e9xico Jose Antonio Meade en Naciones Unidas\" \/><\/a>eloriente.net\/ONU TV 26 de septiembre de 2013 Este d\u00eda, Jos\u00e9 Antonio Meade Kuri Bre\u00f1a represent\u00f3 al Presidente Pe\u00f1a Nieto en la sesi\u00f3n plenaria de la Organizaci\u00f3n de Naciones Unidas. Por su trascendencia diplom\u00e1tica, ELORIENTE.NET deja el testimonio de esta intervenci\u00f3n. En un primer momento, Kuri da la bienvenida a la intenci\u00f3n de celebrar en 2014 [&#8230;]<\/p>\n<p>September 26, 2013<\/p>\n<div id=\"post-16627\">\n<p><a title=\"Permalink to \u201cSolicito que los recursos realmente se apliquen a reconstrucci\u00f3n\u201d: Pe\u00f1a Nieto\" href=\"http:\/\/www.eloriente.net\/home\/2013\/09\/25\/solicito-que-los-recursos-realmente-se-apliquen-a-reconstruccion-pena-nieto\/\" rel=\"bookmark\">\u201cSolicito que los recursos realmente se apliquen a reconstrucci\u00f3n\u201d: Pe\u00f1a Nieto<\/a><\/p>\n<p><a href=\"http:\/\/www.eloriente.net\/home\/2013\/09\/25\/solicito-que-los-recursos-realmente-se-apliquen-a-reconstruccion-pena-nieto\/\" rel=\"bookmark\"><img decoding=\"async\" title=\"\u201cSolicito que los recursos realmente se apliquen a reconstrucci\u00f3n\u201d: Pe\u00f1a Nieto\" src=\"http:\/\/www.eloriente.net\/home\/wp-content\/themes\/city-desk\/timthumb.php?src=http%3A%2F%2Fwww.eloriente.net%2Fhome%2Fwp-content%2Fuploads%2F2012%2F09%2Fpe%C3%B1a-nieto.jpeg&amp;q=90&amp;w=160&amp;h=106&amp;zc=1\" alt=\"\u201cSolicito que los recursos realmente se apliquen a reconstrucci\u00f3n\u201d: Pe\u00f1a Nieto\" \/><\/a>eloriente.net 25 de septiembre de 2013 eloriente.net (Oaxaca, Oax. a 25 de septiembre de 2013).- \u201cTransparencia y debido ejercicio de los recursos del FONDEM\u201d, es la instrucci\u00f3n que ha girado esta tarde el presidente Enrique Pe\u00f1a Nieto en el marco de la Reuni\u00f3n de Evaluaci\u00f3n del gobierno en pleno sobre la emergencia por lluvias en [&#8230;]<\/p>\n<p>September 25, 2013<\/p>\n<\/div>\n<div id=\"post-16467\">\n<p><a title=\"Permalink to Solidaridad en Centros de Acopio de v\u00edveres en Oaxaca\" href=\"http:\/\/www.eloriente.net\/home\/2013\/09\/17\/solidaridad-en-centros-de-acopio-de-viveres-en-oaxaca\/\" rel=\"bookmark\">Solidaridad en Centros de Acopio de v\u00edveres en Oaxaca<\/a><\/p>\n<p><a href=\"http:\/\/www.eloriente.net\/home\/2013\/09\/17\/solidaridad-en-centros-de-acopio-de-viveres-en-oaxaca\/\" rel=\"bookmark\"><img decoding=\"async\" title=\"Solidaridad en Centros de Acopio de v\u00edveres en Oaxaca\" src=\"http:\/\/www.eloriente.net\/home\/wp-content\/themes\/city-desk\/timthumb.php?src=http%3A%2F%2Fwww.eloriente.net%2Fhome%2Fwp-content%2Fuploads%2F2013%2F09%2F170913-smn.png&amp;q=90&amp;w=160&amp;h=106&amp;zc=1\" alt=\"Solidaridad en Centros de Acopio de v\u00edveres en Oaxaca\" \/><\/a>eloriente.net 18 de septiembre de 2013 Adicionalmente a los Centros de Acopio que abajo se mencionan, el DIF estatal tambi\u00e9n est\u00e1 recibiendo v\u00edveres: \u00a0 CENTROS DE ACOPIO: Gral. Vicente Guerrero 114 Col. Miguel Alem\u00e1n y Ju\u00e1rez 914 Col. Centro ( a un costado gasolinera DIF) 8:00 am a 5:00 pm. \u2014 DIF Oaxaca (@DIF_Oaxaca) September [&#8230;]<\/p>\n<p>September 17, 2013<\/p>\n<\/div>\n<\/blockquote>\n\n\t\t\t  <div \n\t\t\t  \tclass = \"fb-comments\" \n\t\t\t  \tdata-href = \"http:\/\/www.eloriente.net\/home\/2013\/10\/19\/lluvias-fuertes-son-posibles-para-oaxaca-este-19-de-octubre2013\/\"\n\t\t\t  \tdata-numposts = \"10\"\n\t\t\t\tdata-colorscheme = \"dark\"\n\t\t\t\tdata-order-by = \"social\"\n\t\t\t\tdata-mobile=true>\n\t\t\t  <\/div>\n\t\t  <style>\n\t\t\t.fb_iframe_widget_fluid_desktop iframe {\n\t\t\t    width: 100% !important;\n\t\t\t}\n\t\t  <\/style>\n\t\t  ","protected":false},"excerpt":{"rendered":"<p>eloriente.net 19 de octubre de 2013 eloriente.net (Oaxaca, M\u00e9xico).- Este 19 de octubre el Servicio Meteorol\u00f3gico Nacional emiti\u00f3 un Pron\u00f3stico a Muy Corto Plazo a las 6 de la ma\u00f1ana en el cual alerta sobre posibles lluvias fuertes en los estados de Tamaulipas, Oaxaca y Guerrero para este d\u00eda. Adicionalmente, en su cuenta de Twitter, [&hellip;]<\/p>\n","protected":false},"author":1,"featured_media":11167,"comment_status":"open","ping_status":"open","sticky":false,"template":"","format":"standard","meta":{"_jetpack_memberships_contains_paid_content":false,"footnotes":""},"categories":[32,10,20,31],"tags":[],"class_list":["post-17007","post","type-post","status-publish","format-standard","has-post-thumbnail","hentry","category-entradas","category-lo-mas-reciente","category-medio-ambiente","category-principal"],"jetpack_featured_media_url":"http:\/\/www.eloriente.net\/home\/wp-content\/uploads\/2013\/04\/Algunos-derechos-reservados-por-phylevn-LLuvia-Oaxaca.jpg","jetpack_sharing_enabled":true,"_links":{"self":[{"href":"http:\/\/www.eloriente.net\/home\/wp-json\/wp\/v2\/posts\/17007"}],"collection":[{"href":"http:\/\/www.eloriente.net\/home\/wp-json\/wp\/v2\/posts"}],"about":[{"href":"http:\/\/www.eloriente.net\/home\/wp-json\/wp\/v2\/types\/post"}],"author":[{"embeddable":true,"href":"http:\/\/www.eloriente.net\/home\/wp-json\/wp\/v2\/users\/1"}],"replies":[{"embeddable":true,"href":"http:\/\/www.eloriente.net\/home\/wp-json\/wp\/v2\/comments?post=17007"}],"version-history":[{"count":1,"href":"http:\/\/www.eloriente.net\/home\/wp-json\/wp\/v2\/posts\/17007\/revisions"}],"predecessor-version":[{"id":17010,"href":"http:\/\/www.eloriente.net\/home\/wp-json\/wp\/v2\/posts\/17007\/revisions\/17010"}],"wp:featuredmedia":[{"embeddable":true,"href":"http:\/\/www.eloriente.net\/home\/wp-json\/wp\/v2\/media\/11167"}],"wp:attachment":[{"href":"http:\/\/www.eloriente.net\/home\/wp-json\/wp\/v2\/media?parent=17007"}],"wp:term":[{"taxonomy":"category","embeddable":true,"href":"http:\/\/www.eloriente.net\/home\/wp-json\/wp\/v2\/categories?post=17007"},{"taxonomy":"post_tag","embeddable":true,"href":"http:\/\/www.eloriente.net\/home\/wp-json\/wp\/v2\/tags?post=17007"}],"curies":[{"name":"wp","href":"https:\/\/api.w.org\/{rel}","templated":true}]}}