{"id":17033,"date":"2013-10-20T11:36:13","date_gmt":"2013-10-20T17:36:13","guid":{"rendered":"http:\/\/www.eloriente.net\/home\/?p=17033"},"modified":"2013-10-20T11:36:13","modified_gmt":"2013-10-20T17:36:13","slug":"no-hay-que-detener-el-paso-trabajemos-por-el-pueblo-negro","status":"publish","type":"post","link":"http:\/\/www.eloriente.net\/home\/2013\/10\/20\/no-hay-que-detener-el-paso-trabajemos-por-el-pueblo-negro\/","title":{"rendered":"No hay que detener el paso, trabajemos por el pueblo negro"},"content":{"rendered":"<p>eloriente.net\/SOCPINDA A.C.<\/p>\n<p>20 de octubre de 2013<\/p>\n<p style=\"text-align: right\"><strong>Por: Isidro Ram\u00edrez L\u00f3pez<\/strong><\/p>\n<p>En el marco de la Primera Celebraci\u00f3n del D\u00eda del Pueblo Negro Afromexicano de Oaxaca realizado este 19 de Octubre de 2013 en la comunidad de Collantes, Pinotepa Nacional Oaxaca, la Organizaci\u00f3n para el Desarrollo Social y Productivo de los Pueblos Ind\u00edgenas y Comunidades Afrodescendientes \u2013 Socpinda AC asume que a partir de esta celebraci\u00f3n han de propiciarse los cambios tan esperados por las Organizaciones Sociales pero principalmente por nuestro pueblo.<\/p>\n<p>\u201cReconocemos las Acciones Afirmativas que est\u00e1 impulsando el Gobierno del Estado de Oaxaca y por tanto respaldamos el reciente decreto e instauraci\u00f3n del D\u00eda del Pueblo Negro Afromexicano hecho por el Gobernador del Estado Gabino Cu\u00e9 Monteagudo\u201d. Justo y necesario ante una lucha por la visibilidad, reconocimiento e inclusi\u00f3n integral.<\/p>\n<p>Socpinda AC tambi\u00e9n reconoce el trabajo comprometido de la Secretar\u00eda de Asuntos Ind\u00edgenas del Gobierno del Estado de Oaxaca porque se han establecido consensos hist\u00f3ricos gracias a la mediaci\u00f3n de dicha instituci\u00f3n, por tanto, \u201cser\u00eda adecuado que se instruya en la creaci\u00f3n de una instituci\u00f3n gubernamental que atienda puntual y directamente a nuestro pueblo negro\u201d.<\/p>\n<p>Nuestra organizaci\u00f3n y equipo de trabajo no critica dolosamente las acciones institucionales, nosotros proponemos y trabajamos en la base de nuestro pueblo, hemos aportado la inclusi\u00f3n del pueblo negro en la ley de la Defensor\u00eda de los Derechos Humanos del Pueblo de Oaxaca (DDHPO); tambi\u00e9n, trabajamos en colectivo para la Construcci\u00f3n de una Iniciativa para el Reconocimiento Constitucional Integral y Efectivo del Pueblo Negro Afromexicano; impulsamos foros de discusi\u00f3n para fortalecer nuestra identidad, reconocimiento y empoderamiento; Logramos la Declaratoria de Tapextla como Primer Municipio Negro Afromexicano de Oaxaca; hemos posicionado el tema afromexicano en el \u00e1mbito internacional con nuestra colaboraci\u00f3n en solicitar la Declaratoria del Decenio Afrodescendiente en Brasil; Realizamos la Primera Celebraci\u00f3n de las Ni\u00f1as y Ni\u00f1os Negro Afromexicanos de Oaxaca; y actualmente estamos trabajando con J\u00f3venes y Mujeres de nuestra etnia fuertemente y en favor de sus derechos.<\/p>\n<p>\u201cPor las acciones realizadas y nuestra innegable contribuci\u00f3n al interior del Movimiento Negro Afromexicano, Socpinda AC determina que nuestro caminar a partir de esta celebraci\u00f3n ser\u00e1 acompa\u00f1ado \u00fanica y exclusivamente con la gente de nuestro pueblo, las organizaciones hermanas y autoridades que deseen conducir sus acciones con respeto, transparencia y sin pasar por encima de la dignidad de nuestra etnia, hemos decidido por acuerdo extraordinario, deslindarnos de las negativas y los reclamos infundados por ciertos representantes que est\u00e1n lastimando el proceso afromexicano de inclusi\u00f3n institucional, as\u00ed mismo, marcamos una pauta fuera de las dos redes que han adoptado el tema afromexicano aclarando que respetaremos sus acciones y las respaldaremos siempre y cuando beneficien directamente al Pueblo, nosotros seguiremos impulsando acciones desde el coraz\u00f3n de Socpinda creando sinergias con quienes quieran y deseen trabajar bajo los argumentos antes dichos\u201d.<\/p>\n<p>Nuestra Organizaci\u00f3n felicita al Pueblo Negro Afromexicano de Oaxaca, a todas las mujeres y hombres, a los j\u00f3venes, ni\u00f1os, adultos mayores y en general a todos nuestros hermanos y hermanas pertenecientes a nuestra etnia por este 19 de Octubre, pero tambi\u00e9n felicitamos a nuestro pueblo porque en Junio pasado se nos ha reconocido ya como pueblo a nivel constitucional. \u00a1Sigamos caminando pero con Trabajo, Voluntad y Respeto!<\/p>\n<p><a href=\"http:\/\/www.eloriente.net\/home\/wp-content\/uploads\/2013\/10\/Dra.-Stacy-Hebert-Silva-Isidro-Rami\u0300rez.jpg\"><img loading=\"lazy\" decoding=\"async\" class=\"alignnone size-full wp-image-17034\" src=\"http:\/\/www.eloriente.net\/home\/wp-content\/uploads\/2013\/10\/Dra.-Stacy-Hebert-Silva-Isidro-Rami\u0300rez.jpg\" alt=\"\" width=\"481\" height=\"615\" srcset=\"http:\/\/www.eloriente.net\/home\/wp-content\/uploads\/2013\/10\/Dra.-Stacy-Hebert-Silva-Isidro-Rami\u0300rez.jpg 481w, http:\/\/www.eloriente.net\/home\/wp-content\/uploads\/2013\/10\/Dra.-Stacy-Hebert-Silva-Isidro-Rami\u0300rez-234x300.jpg 234w\" sizes=\"(max-width: 481px) 100vw, 481px\" \/><\/a><\/p>\n<p>Foto: Dra. Stacy, Hebert Silva, Isidro Ram\u00ecrez. Socpinda<\/p>\n<p>&nbsp;<\/p>\n<p style=\"text-align: right\"><strong>Otras Entradas:<\/strong><\/p>\n<div>\n<p><a title=\"Permalink to Nada de nosotros sin nosotros\" href=\"http:\/\/www.eloriente.net\/home\/2013\/07\/25\/nada-de-nosotros-sin-nosotros\/\" rel=\"bookmark\">Nada de nosotros sin nosotros<\/a><\/p>\n<p><a href=\"http:\/\/www.eloriente.net\/home\/2013\/07\/25\/nada-de-nosotros-sin-nosotros\/\" rel=\"bookmark\"><img decoding=\"async\" src=\"http:\/\/www.eloriente.net\/home\/wp-content\/themes\/city-desk\/timthumb.php?src=http%3A%2F%2Fwww.eloriente.net%2Fhome%2Fwp-content%2Fuploads%2F2013%2F07%2Fnada-de-nosotros-sin-nosotros.jpg&amp;q=90&amp;w=160&amp;h=106&amp;zc=1\" alt=\"Nada de nosotros sin nosotros\" \/><\/a>Por: Alejandra Silva Soriano \u201cNihil de nobis, sine nobis\u201d (en lat\u00edn) es un principio que expresa que no puede formularse una pol\u00edtica p\u00fablica sin tener la participaci\u00f3n activa de las personas que ser\u00e1n afectadas directamente por ella. Esto engloba estados, naciones, grupos de personas con caracter\u00edsticas espec\u00edficas y dem\u00e1s grupos en condici\u00f3n de desventaja en [&#8230;]<\/p>\n<p>July 25, 2013<\/p>\n<\/div>\n<div>\n<p><a title=\"Permalink to \u201cMovil\u00edzate, suscita el cambio\u201d en D\u00eda Internacional de Nelson Mandela\" href=\"http:\/\/www.eloriente.net\/home\/2013\/07\/18\/celebra-onu-dia-internacional-de-nelson-mandela\/\" rel=\"bookmark\">\u201cMovil\u00edzate, suscita el cambio\u201d en D\u00eda Internacional de Nelson Mandela<\/a><\/p>\n<p><a href=\"http:\/\/www.eloriente.net\/home\/2013\/07\/18\/celebra-onu-dia-internacional-de-nelson-mandela\/\" rel=\"bookmark\"><img decoding=\"async\" src=\"http:\/\/www.eloriente.net\/home\/wp-content\/themes\/city-desk\/timthumb.php?src=http%3A%2F%2Fwww.eloriente.net%2Fhome%2Fwp-content%2Fuploads%2F2013%2F03%2Fnelson-mandela-1918-to-2007-human-rights-302205_730_800.jpg&amp;q=90&amp;w=160&amp;h=106&amp;zc=1\" alt=\"\u201cMovil\u00edzate, suscita el cambio\u201d en D\u00eda Internacional de Nelson Mandela\" \/><\/a>eloriente.net\/ Mandela Day\/ CINU 18 de julio de 2013 eloriente.net (Oaxaca, Oax.) 18 de julio de 2013.- Millones de personas celebran en todo el mundo el \u201cD\u00eda Internacional de Nelson Mandela\u201d este jueves 18 de julio\u2013fecha de nacimiento de \u2018Madiba, como se le conoce al expresidente Sudafricano\u2013, con el tema \u201cMovil\u00edzate, suscita el cambio\u201d, el [&#8230;]<\/p>\n<p>July 18, 2013<\/p>\n<\/div>\n<p><a title=\"Permalink to Mandela contin\u00faa en estado cr\u00edtico, confirma Presidencia de Sud\u00e1frica\" href=\"http:\/\/www.eloriente.net\/home\/2013\/06\/24\/mandela-continua-en-estado-critico-confirma-presidencia-de-sudafrica\/\" rel=\"bookmark\">Mandela contin\u00faa en estado cr\u00edtico, confirma Presidencia de Sud\u00e1frica<\/a><\/p>\n<p><a href=\"http:\/\/www.eloriente.net\/home\/2013\/06\/24\/mandela-continua-en-estado-critico-confirma-presidencia-de-sudafrica\/\" rel=\"bookmark\"><img decoding=\"async\" src=\"http:\/\/www.eloriente.net\/home\/wp-content\/themes\/city-desk\/timthumb.php?src=http%3A%2F%2Fwww.eloriente.net%2Fhome%2Fwp-content%2Fuploads%2F2013%2F06%2FAlgunos-derechos-reservados-por-South-Africa-The-good-News-Nelson-Mandela.jpg&amp;q=90&amp;w=160&amp;h=106&amp;zc=1\" alt=\"Mandela contin\u00faa en estado cr\u00edtico, confirma Presidencia de Sud\u00e1frica\" \/><\/a><\/p>\n<p>eloriente.net\/ Presidencia de Sud\u00e1frica 24 de junio de 2013 eloriente.net (Oaxaca, Oax.) 24 de junio de 2013.- Aunque la noticia de la situaci\u00f3n cr\u00edtica del ex presidente Sud\u00e1fricano, Nelson Mandela, fue difundida ayer por diversos medios internacionales, la Presidencia de Sud\u00e1frica confirm\u00f3 ya este hecho a trav\u00e9s de un comunicado, en el cual dio a [&#8230;]<\/p>\n<p>June 24, 2013<\/p>\n\n\t\t\t  <div \n\t\t\t  \tclass = \"fb-comments\" \n\t\t\t  \tdata-href = \"http:\/\/www.eloriente.net\/home\/2013\/10\/20\/no-hay-que-detener-el-paso-trabajemos-por-el-pueblo-negro\/\"\n\t\t\t  \tdata-numposts = \"10\"\n\t\t\t\tdata-colorscheme = \"dark\"\n\t\t\t\tdata-order-by = \"social\"\n\t\t\t\tdata-mobile=true>\n\t\t\t  <\/div>\n\t\t  <style>\n\t\t\t.fb_iframe_widget_fluid_desktop iframe {\n\t\t\t    width: 100% !important;\n\t\t\t}\n\t\t  <\/style>\n\t\t  ","protected":false},"excerpt":{"rendered":"<p>eloriente.net\/SOCPINDA A.C. 20 de octubre de 2013 Por: Isidro Ram\u00edrez L\u00f3pez En el marco de la Primera Celebraci\u00f3n del D\u00eda del Pueblo Negro Afromexicano de Oaxaca realizado este 19 de Octubre de 2013 en la comunidad de Collantes, Pinotepa Nacional Oaxaca, la Organizaci\u00f3n para el Desarrollo Social y Productivo de los Pueblos Ind\u00edgenas y Comunidades [&hellip;]<\/p>\n","protected":false},"author":15,"featured_media":17034,"comment_status":"open","ping_status":"open","sticky":false,"template":"","format":"standard","meta":{"_jetpack_memberships_contains_paid_content":false,"footnotes":""},"categories":[11,22,32,58,10,23],"tags":[],"class_list":["post-17033","post","type-post","status-publish","format-standard","has-post-thumbnail","hentry","category-colaboradores","category-derechos-humanos","category-entradas","category-isidro-ramirez","category-lo-mas-reciente","category-municipios"],"jetpack_featured_media_url":"http:\/\/www.eloriente.net\/home\/wp-content\/uploads\/2013\/10\/Dra.-Stacy-Hebert-Silva-Isidro-Rami\u0300rez.jpg","jetpack_sharing_enabled":true,"_links":{"self":[{"href":"http:\/\/www.eloriente.net\/home\/wp-json\/wp\/v2\/posts\/17033"}],"collection":[{"href":"http:\/\/www.eloriente.net\/home\/wp-json\/wp\/v2\/posts"}],"about":[{"href":"http:\/\/www.eloriente.net\/home\/wp-json\/wp\/v2\/types\/post"}],"author":[{"embeddable":true,"href":"http:\/\/www.eloriente.net\/home\/wp-json\/wp\/v2\/users\/15"}],"replies":[{"embeddable":true,"href":"http:\/\/www.eloriente.net\/home\/wp-json\/wp\/v2\/comments?post=17033"}],"version-history":[{"count":1,"href":"http:\/\/www.eloriente.net\/home\/wp-json\/wp\/v2\/posts\/17033\/revisions"}],"predecessor-version":[{"id":17035,"href":"http:\/\/www.eloriente.net\/home\/wp-json\/wp\/v2\/posts\/17033\/revisions\/17035"}],"wp:featuredmedia":[{"embeddable":true,"href":"http:\/\/www.eloriente.net\/home\/wp-json\/wp\/v2\/media\/17034"}],"wp:attachment":[{"href":"http:\/\/www.eloriente.net\/home\/wp-json\/wp\/v2\/media?parent=17033"}],"wp:term":[{"taxonomy":"category","embeddable":true,"href":"http:\/\/www.eloriente.net\/home\/wp-json\/wp\/v2\/categories?post=17033"},{"taxonomy":"post_tag","embeddable":true,"href":"http:\/\/www.eloriente.net\/home\/wp-json\/wp\/v2\/tags?post=17033"}],"curies":[{"name":"wp","href":"https:\/\/api.w.org\/{rel}","templated":true}]}}