{"id":17042,"date":"2013-10-20T12:32:27","date_gmt":"2013-10-20T18:32:27","guid":{"rendered":"http:\/\/www.eloriente.net\/home\/?p=17042"},"modified":"2013-10-20T12:32:51","modified_gmt":"2013-10-20T18:32:51","slug":"en-favor-de-las-cuotas-de-genero","status":"publish","type":"post","link":"http:\/\/www.eloriente.net\/home\/2013\/10\/20\/en-favor-de-las-cuotas-de-genero\/","title":{"rendered":"En favor de las cuotas de g\u00e9nero"},"content":{"rendered":"<p>eloriente.net\/<a href=\"http:\/\/www.miguelcarbonell.com\" target=\"_blank\">Miguel Carbonell<\/a><\/p>\n<p>20 de octubre de 2013<\/p>\n<p style=\"text-align: right\">Por: <a href=\"http:\/\/www.miguelcarbonell.com\" target=\"_blank\">Miguel Carbonell<\/a><\/p>\n<p>La propuesta de que 50% de las candidaturas a cargos de representaci\u00f3n popular correspondan a cada uno de los sexos, asegurando un incremento sustancial de la participaci\u00f3n de las mujeres en la pol\u00edtica, es un paso hacia delante muy valioso al que hay que apoyar. De hecho, ser\u00eda deseable que ese esquema de cuotas electorales de g\u00e9nero fuera aprobado lo antes posible, para que pudiera estar en funcionamiento para las elecciones federales de 2015, de modo que la siguiente legislatura en la C\u00e1mara de Diputados atestiguara una mayor presencia de mujeres legisladoras.<\/p>\n<p>Los argumentos en contra de las cuotas de g\u00e9nero adolecen de una gran mediocridad y muchas veces se repiten sin pensar, como un lugar com\u00fan de quienes ni siquiera se han molestado en leer algunos textos b\u00e1sicos sobre el tema. Por ejemplo, se dice que las personas deben llegar a cargos p\u00fablicos de acuerdo a los m\u00e9ritos que tengan, no seg\u00fan su g\u00e9nero. Pero el asunto est\u00e1 en que nadie define qu\u00e9 se debe entender por \u201cm\u00e9ritos\u201d para de ocupar un cargo representativo. \u00bfEsos m\u00e9ritos se referir\u00e1n a la capacidad de cabildear su candidatura, al arrastre popular para conseguir votos, a la facilidad de palabra, a la forma de vestirse o peinarse?<\/p>\n<p>Todav\u00eda m\u00e1s: \u00bfhay alguien que en serio cree que en un esquema electoral libre de cuotas de g\u00e9nero llegar\u00e1n a las candidaturas las mejores personas? \u00bfhay alguien que piensa que nuestros representantes populares han llegado a serlo por su profunda capacidad de pensamiento, por su alta preparaci\u00f3n acad\u00e9mica, por su compromiso \u00e9tico y c\u00edvico? Lo cierto es que los que llegan a las candidaturas partidistas son los m\u00e1s h\u00e1biles para \u201cgrillar\u201d, conseguir alianzas, movilizar grupos, hacerse publicidad o allegarse de apoyos a cambio de promesas impresentables. El argumento del m\u00e9rito cae por su propio peso, frente a la abundante evidencia de que nuestra clase pol\u00edtica a caminado durante d\u00e9cadas bastante alejada de cualquier tipo de consideraci\u00f3n meritocr\u00e1tica.<\/p>\n<p>Por otro lado, la mayor participaci\u00f3n pol\u00edtica de las mujeres est\u00e1 ordenada por tratados internacionales firmados por el Estado mexicano, tanto en el \u00e1mbito de la ONU como de la OEA. De modo que reforzar las cuotas electorales de g\u00e9nero que existen en nuestra legislaci\u00f3n electoral es darle cumplimiento a dichos compromisos.<\/p>\n<p>La presencia de mujeres en los parlamentos es un claro signo de la evoluci\u00f3n de los pa\u00edses. Basta ver que los m\u00e1s desarrollados tienen alt\u00edsimas tasas de participaci\u00f3n femenina en la pol\u00edtica (los pa\u00edses del norte de Europa, por ejemplo), mientras que los m\u00e1s retrasados siguen obligando a las mujeres a permanecer en papeles subordinados, dedicadas al hogar o al cuidado de enfermos y ni\u00f1os.<\/p>\n<p>La pregunta que debemos formular en M\u00e9xico es sencilla: \u00bfqu\u00e9 estamos dispuestos a hacer para que la voz de las mujeres se escuche con mayor amplitud en nuestros \u00f3rganos legislativos?, \u00bfqu\u00e9 tipo de temas y debates necesitamos escuchar en nuestras c\u00e1maras en los que la opini\u00f3n de las mujeres puede dar con las mejores soluciones?<\/p>\n<p>Las mujeres constituyen 51.2% de la poblaci\u00f3n de M\u00e9xico. Tampoco soslayemos las dificultades objetivas que tienen ellas en el mundo del trabajo: dos de cada tres mujeres desempe\u00f1an en M\u00e9xico un trabajo no remunerado frente a uno de cada cuatro hombres; 36 de cada 100 mujeres contribuyen a la producci\u00f3n de bienes y servicios de manera remunerada en nuestro pa\u00eds; en cambio, 67 de cada 100 hombres perciben una remuneraci\u00f3n por su trabajo, lo que significa que por cada mujer remunerada en el mercado laboral hay dos hombres.<\/p>\n<p>Estamos lejos de contar con una presencia masiva de mujeres en la pol\u00edtica. En el Congreso federal hay 42 senadoras y 184 diputadas, lo que representa 33% y 37% de sus integrantes, respectivamente. En muchos congresos locales la situaci\u00f3n es todav\u00eda peor. Por eso se necesitan fuertes cuotas electorales, que permitan a las mujeres romper el famoso \u201ctecho de cristal\u201d que en un pa\u00eds tan machista y profundamente conservador como M\u00e9xico les impide desarrollarse completamente en el \u00e1mbito de lo p\u00fablico.<\/p>\n<p>Adem\u00e1s, viendo el terrible desempe\u00f1o que han tenido los hombres al frente de las instituciones p\u00fablicas, lo cierto es que la presencia de mujeres solamente nos debe suponer una mejor\u00eda. No hay lugar para el empeoramiento, luego de todo lo que hemos visto en los a\u00f1os recientes. Ellas podr\u00e1n hacerlo, estoy seguro, mucho mejor.<\/p>\n<p><a href=\"http:\/\/www.eloriente.net\/home\/wp-content\/uploads\/2013\/10\/Mujeres-antes-muertas-que-sumisas-Atribucio\u0301nCompartir-bajo-la-misma-licencia-Algunos-derechos-reservados-por-gaelx-.jpg\"><img loading=\"lazy\" decoding=\"async\" class=\"alignnone size-medium wp-image-17043\" src=\"http:\/\/www.eloriente.net\/home\/wp-content\/uploads\/2013\/10\/Mujeres-antes-muertas-que-sumisas-Atribucio\u0301nCompartir-bajo-la-misma-licencia-Algunos-derechos-reservados-por-gaelx--300x199.jpg\" alt=\"\" width=\"300\" height=\"199\" srcset=\"http:\/\/www.eloriente.net\/home\/wp-content\/uploads\/2013\/10\/Mujeres-antes-muertas-que-sumisas-Atribucio\u0301nCompartir-bajo-la-misma-licencia-Algunos-derechos-reservados-por-gaelx--300x199.jpg 300w, http:\/\/www.eloriente.net\/home\/wp-content\/uploads\/2013\/10\/Mujeres-antes-muertas-que-sumisas-Atribucio\u0301nCompartir-bajo-la-misma-licencia-Algunos-derechos-reservados-por-gaelx-.jpg 1024w\" sizes=\"(max-width: 300px) 100vw, 300px\" \/><\/a><\/p>\n<dl>\n<dd><a href=\"http:\/\/creativecommons.org\/licenses\/by-sa\/2.0\/\"><img decoding=\"async\" src=\"http:\/\/l.yimg.com\/g\/images\/cc_icon_attribution_small.gif\" alt=\"Atribuci\u00f3n\" border=\"0\" \/><img decoding=\"async\" src=\"http:\/\/l.yimg.com\/g\/images\/cc_icon_sharealike_small.gif\" alt=\"Compartir bajo la misma licencia\" border=\"0\" \/><\/a> <a id=\"yui_3_11_0_3_1382293840717_315\" title=\"Attribution-ShareAlike License\" href=\"http:\/\/creativecommons.org\/licenses\/by-sa\/2.0\/\">Algunos derechos reservados<\/a> por <a href=\"http:\/\/www.flickr.com\/photos\/gaelx\/\">gaelx<\/a><\/dd>\n<\/dl>\n<p>&nbsp;<\/p>\n<p>Anteriores:<\/p>\n<div>\n<p><a title=\"Permalink to La Reforma Penal que M\u00e9xico necesita\" href=\"http:\/\/www.eloriente.net\/home\/2012\/07\/21\/la-reforma-penal-que-mexico-necesita\/\" rel=\"bookmark\">La Reforma Penal que M\u00e9xico necesita<\/a><\/p>\n<p>eloriente.net 21 de julio\/2012 eloriente.net (Oaxaca, Oax) a 21 de julio.-\u00a0Miguel Carbonell, columnista de El Oriente, ha publicado el libro digital \u201cLa reforma penal que M\u00e9xico Necesita\u201d. Miguel Carbonell es \u00a0Licenciado en Derecho por la Facultad de Derecho de la UNAM; Doctor en Derecho por la Universidad\u00a0Complutense de Madrid, Espa\u00f1a.\u00a0Investigador del Instituto de Investigaciones Jur\u00eddicas [&#8230;]<\/p>\n<p>July 21, 2012<\/p>\n<\/div>\n<div>\n<p><a title=\"Permalink to Miguel Carbonell: La Reforma penal que M\u00e9xico necesita\" href=\"http:\/\/www.eloriente.net\/home\/2012\/07\/21\/miguel-carbonell-la-reforma-penal-que-mexico-necesita\/\" rel=\"bookmark\">Miguel Carbonell: La Reforma penal que M\u00e9xico necesita<\/a><\/p>\n<p><a href=\"http:\/\/www.eloriente.net\/home\/2012\/07\/21\/miguel-carbonell-la-reforma-penal-que-mexico-necesita\/\" rel=\"bookmark\"><img decoding=\"async\" src=\"http:\/\/www.eloriente.net\/home\/wp-content\/themes\/city-desk\/timthumb.php?src=http%3A%2F%2Fwww.eloriente.net%2Fhome%2Fwp-content%2Fuploads%2F2012%2F07%2FMIGUELLIBRO.jpg&amp;q=90&amp;w=160&amp;h=106&amp;zc=1\" alt=\"Miguel Carbonell: La Reforma penal que M\u00e9xico necesita\" \/><\/a>eloriente.net 21 de julio\/2012 eloriente.net (Oaxaca, Oax) a 21 de julio.- Miguel Carbonell, columnista de El Oriente, ha publicado el libro digital \u201cLa reforma penal que M\u00e9xico Necesita\u201d. Miguel Carbonell es \u00a0Licenciado en Derecho por la Facultad de Derecho de la UNAM; Doctor en Derecho por la Universidad\u00a0Complutense de Madrid, Espa\u00f1a.\u00a0Investigador del Instituto de Investigaciones [&#8230;]<\/p>\n<p>July 21, 2012<\/p>\n<\/div>\n<p><a title=\"Permalink to 20 libros esenciales para abogados\" href=\"http:\/\/www.eloriente.net\/home\/2012\/07\/13\/20-libros-esenciales-para-abogados\/\" rel=\"bookmark\">20 libros esenciales para abogados<\/a><\/p>\n<p>En eloriente.net le damos la bienvenida a Miguel Carbonell como colaborador y amigo. A partir de este viernes, tendremos actualizaciones de su autor\u00eda. Por: Miguel Carbonell* Libros imprescindibles de derecho o libros que debe haber le\u00eddo todo estudiante de derecho o todo abogado: 1)\u00a0\u00a0\u00a0\u00a0\u00a0\u00a0\u00a0\u0093Los derechos en serio, Ronald Dworkin. 2)\u00a0\u00a0\u00a0\u00a0\u00a0\u00a0\u00a0\u0093Democracia y garantismo, Luigi Ferrajoli. 3)\u00a0\u00a0\u00a0\u00a0\u00a0\u00a0\u00a0\u0093Teor\u00eda [&#8230;]<\/p>\n<p>July 13, 2012<\/p>\n\n\t\t\t  <div \n\t\t\t  \tclass = \"fb-comments\" \n\t\t\t  \tdata-href = \"http:\/\/www.eloriente.net\/home\/2013\/10\/20\/en-favor-de-las-cuotas-de-genero\/\"\n\t\t\t  \tdata-numposts = \"10\"\n\t\t\t\tdata-colorscheme = \"dark\"\n\t\t\t\tdata-order-by = \"social\"\n\t\t\t\tdata-mobile=true>\n\t\t\t  <\/div>\n\t\t  <style>\n\t\t\t.fb_iframe_widget_fluid_desktop iframe {\n\t\t\t    width: 100% !important;\n\t\t\t}\n\t\t  <\/style>\n\t\t  ","protected":false},"excerpt":{"rendered":"<p>eloriente.net\/Miguel Carbonell 20 de octubre de 2013 Por: Miguel Carbonell La propuesta de que 50% de las candidaturas a cargos de representaci\u00f3n popular correspondan a cada uno de los sexos, asegurando un incremento sustancial de la participaci\u00f3n de las mujeres en la pol\u00edtica, es un paso hacia delante muy valioso al que hay que apoyar. [&hellip;]<\/p>\n","protected":false},"author":11,"featured_media":17043,"comment_status":"open","ping_status":"open","sticky":false,"template":"","format":"standard","meta":{"_jetpack_memberships_contains_paid_content":false,"footnotes":""},"categories":[11,22,71,32,13,24,46,21],"tags":[],"class_list":["post-17042","post","type-post","status-publish","format-standard","has-post-thumbnail","hentry","category-colaboradores","category-derechos-humanos","category-elecciones","category-entradas","category-especiales","category-mexico-y-el-mundo","category-miguel-carbonell","category-politica-y-gobierno"],"jetpack_featured_media_url":"http:\/\/www.eloriente.net\/home\/wp-content\/uploads\/2013\/10\/Mujeres-antes-muertas-que-sumisas-Atribucio\u0301nCompartir-bajo-la-misma-licencia-Algunos-derechos-reservados-por-gaelx-.jpg","jetpack_sharing_enabled":true,"_links":{"self":[{"href":"http:\/\/www.eloriente.net\/home\/wp-json\/wp\/v2\/posts\/17042"}],"collection":[{"href":"http:\/\/www.eloriente.net\/home\/wp-json\/wp\/v2\/posts"}],"about":[{"href":"http:\/\/www.eloriente.net\/home\/wp-json\/wp\/v2\/types\/post"}],"author":[{"embeddable":true,"href":"http:\/\/www.eloriente.net\/home\/wp-json\/wp\/v2\/users\/11"}],"replies":[{"embeddable":true,"href":"http:\/\/www.eloriente.net\/home\/wp-json\/wp\/v2\/comments?post=17042"}],"version-history":[{"count":2,"href":"http:\/\/www.eloriente.net\/home\/wp-json\/wp\/v2\/posts\/17042\/revisions"}],"predecessor-version":[{"id":17045,"href":"http:\/\/www.eloriente.net\/home\/wp-json\/wp\/v2\/posts\/17042\/revisions\/17045"}],"wp:featuredmedia":[{"embeddable":true,"href":"http:\/\/www.eloriente.net\/home\/wp-json\/wp\/v2\/media\/17043"}],"wp:attachment":[{"href":"http:\/\/www.eloriente.net\/home\/wp-json\/wp\/v2\/media?parent=17042"}],"wp:term":[{"taxonomy":"category","embeddable":true,"href":"http:\/\/www.eloriente.net\/home\/wp-json\/wp\/v2\/categories?post=17042"},{"taxonomy":"post_tag","embeddable":true,"href":"http:\/\/www.eloriente.net\/home\/wp-json\/wp\/v2\/tags?post=17042"}],"curies":[{"name":"wp","href":"https:\/\/api.w.org\/{rel}","templated":true}]}}