{"id":17085,"date":"2013-10-22T15:11:38","date_gmt":"2013-10-22T21:11:38","guid":{"rendered":"http:\/\/www.eloriente.net\/home\/?p=17085"},"modified":"2013-10-22T15:11:38","modified_gmt":"2013-10-22T21:11:38","slug":"consenso-de-santo-domingo-es-aprobado-para-avanzar-en-igualdad-de-genero","status":"publish","type":"post","link":"http:\/\/www.eloriente.net\/home\/2013\/10\/22\/consenso-de-santo-domingo-es-aprobado-para-avanzar-en-igualdad-de-genero\/","title":{"rendered":"&#8216;Consenso de Santo Domingo&#8217; es aprobado para avanzar en igualdad de g\u00e9nero"},"content":{"rendered":"<p>eloriente.net\/<a href=\"http:\/\/www.cepal.cl\/\" target=\"_blank\">CEPAL<\/a><\/p>\n<p><iframe loading=\"lazy\" src=\"\/\/www.youtube.com\/embed\/viylQW8IWys\" frameborder=\"0\" width=\"420\" height=\"315\"><\/iframe><br \/>\n<strong style=\"color: #666666; font-family: Arial, Helvetica, sans-serif; font-size: small;\">18 de octubre, 2013).-\u00a0<\/strong><span style=\"color: #666666; font-family: Arial, Helvetica, sans-serif; font-size: small;\">Los representantes de los Estados miembros y asociados de la\u00a0<\/span><strong style=\"color: #666666; font-family: Arial, Helvetica, sans-serif; font-size: small;\">CEPAL\u00a0<\/strong><span style=\"color: #666666; font-family: Arial, Helvetica, sans-serif; font-size: small;\">que participaron esta semana en la\u00a0<\/span><a style=\"font-family: Arial, Helvetica, sans-serif; font-size: small;\" href=\"http:\/\/www.cepal.cl\/12conferenciamujer\/\"><strong>XII Conferencia Regional sobre la Mujer de Am\u00e9rica Latina y el Caribe<\/strong><\/a><span style=\"color: #666666; font-family: Arial, Helvetica, sans-serif; font-size: small;\">\u00a0se comprometieron a trabajar para que la sociedad de la informaci\u00f3n y del\u00a0 conocimiento fomente la autonom\u00eda econ\u00f3mica de las mujeres y su plena participaci\u00f3n, en condiciones de igualdad, en todas las esferas de la sociedad y en todos los procesos de toma de decisiones.\u00a0<\/span><\/p>\n<p align=\"justify\"><span style=\"color: #666666; font-family: Arial, Helvetica, sans-serif; font-size: small;\">Este compromiso es parte del\u00a0<strong><em><a href=\"http:\/\/www.cepal.org\/cgi-bin\/getprod.asp?xml=\/12conferenciamujer\/noticias\/paginas\/6\/49916\/P49916.xml&amp;xsl=\/12conferenciamujer\/tpl\/p18f-st.xsl&amp;base=\/12conferenciamujer\/tpl\/top-bottom.xsl\">Consenso de Santo Domingo<\/a><\/em><\/strong>\u00a0aprobado hoy en la clausura de la cita intergubernamental organizada por la Comisi\u00f3n Econ\u00f3mica para Am\u00e9rica Latina y el Caribe (<strong>CEPAL<\/strong>) y el Gobierno de Rep\u00fablica Dominicana, a la que asistieron autoridades, funcionarios internacionales, especialistas y representantes de la sociedad civil de la regi\u00f3n.\u00a0<\/span><\/p>\n<p align=\"justify\"><span style=\"color: #666666; font-family: Arial, Helvetica, sans-serif; font-size: small;\">El encuentro se centr\u00f3 en la relaci\u00f3n entre la autonom\u00eda econ\u00f3mica y los derechos de las mujeres, especialmente en el marco de la econom\u00eda digital. Por ello el Consenso establece una serie de medidas relacionadas con el rol de las tecnolog\u00edas de la informaci\u00f3n y las comunicaciones (TIC) en la igualdad de g\u00e9nero y en la autonom\u00eda de las mujeres en sus diferentes dimensiones. Tambi\u00e9n aborda los derechos sexuales y reproductivos, la eliminaci\u00f3n de la violencia, la participaci\u00f3n pol\u00edtica y la toma de decisiones, entre otros temas.<\/span><\/p>\n<p align=\"justify\"><span style=\"color: #666666; font-family: Arial, Helvetica, sans-serif; font-size: small;\">Junto con ratificar los compromisos asumidos por los pa\u00edses en diversos acuerdos internacionales, los pa\u00edses acordaron \u00abdise\u00f1ar acciones para la construcci\u00f3n de una nueva cultura tecnol\u00f3gica, cient\u00edfica y digital orientada a las ni\u00f1as y las mujeres\u00bb y \u00abpotenciar la inclusi\u00f3n de la perspectiva de g\u00e9nero como eje transversal de las pol\u00edticas p\u00fablicas de desarrollo productivo\u00bb.\u00a0\u00a0<\/span><\/p>\n<p align=\"justify\"><span style=\"color: #666666; font-family: Arial, Helvetica, sans-serif; font-size: small;\">Asimismo convinieron fomentar medidas legislativas y educativas para erradicar y penalizar contenidos sexistas, estereotipados, discriminatorios y racistas en los medios de comunicaci\u00f3n,\u00a0<em>software<\/em>\u00a0y juegos electr\u00f3nicos. A esto se suma el apoyo dado al uso de las TIC y las redes sociales como recursos para prevenir la violencia contra las mujeres y mejorar la eficiencia y la calidad de los servicios de salud.<\/span><\/p>\n<p align=\"justify\"><span style=\"color: #666666; font-family: Arial, Helvetica, sans-serif; font-size: small;\">En el Consenso los delegados acordaron promover el acceso de las mujeres al empleo, redistribuyendo las tareas de cuidado entre el Estado, el mercado y la sociedad y facilitando la capacitaci\u00f3n y el uso de la tecnolog\u00eda, el autoempleo y la creaci\u00f3n de empresas en el sector cient\u00edfico-tecnol\u00f3gico. Tambi\u00e9n buscan aumentar la proporci\u00f3n de mujeres en \u00e1reas en que se encuentran infrarrepresentadas, como los \u00e1mbitos acad\u00e9mico, cient\u00edfico, tecnol\u00f3gico y de las TIC.\u00a0<\/span><\/p>\n<p align=\"justify\"><span style=\"color: #666666; font-family: Arial, Helvetica, sans-serif; font-size: small;\">Los representantes de los pa\u00edses reconocieron la importancia del trabajo dom\u00e9stico no remunerado, planteando la necesidad de realizar cuentas sat\u00e9lites de trabajo no remunerado en el sistema de cuentas nacionales para mejorar las pol\u00edticas de igualdad.<\/span><\/p>\n<p align=\"justify\"><span style=\"color: #666666; font-family: Arial, Helvetica, sans-serif; font-size: small;\">En el Consenso el cuidado se reconoce como un derecho de las personas y, por lo tanto, una responsabilidad que debe ser compartida por hombres y mujeres de todos los sectores de la sociedad, las familias, las empresas y el Estado. Esto implica adoptar medidas, pol\u00edticas y programas de cuidado y de promoci\u00f3n de la corresponsabilidad en la vida familiar, laboral y social que liberen tiempo para que las mujeres puedan incorporarse al empleo, al estudio y a la pol\u00edtica, y disfrutar plenamente de su autonom\u00eda.\u00a0<\/span><\/p>\n<p align=\"justify\"><span style=\"color: #666666; font-family: Arial, Helvetica, sans-serif; font-size: small;\">En otro punto, los pa\u00edses se comprometieron a desarrollar pol\u00edticas activas referidas al mercado laboral y al empleo productivo que aseguren trabajo decente para todas las mujeres, combatiendo las condiciones de precariedad e informalidad que afectan principalmente a la fuerza laboral femenina y garantizando igual salario por trabajo de igual valor, una tasa de participaci\u00f3n igualitaria, la presencia sin discriminaci\u00f3n en puestos de poder y decisi\u00f3n y la superaci\u00f3n de la segregaci\u00f3n ocupacional.<\/span><\/p>\n<p align=\"justify\"><span style=\"color: #666666; font-family: Arial, Helvetica, sans-serif; font-size: small;\">Se acord\u00f3, asimismo, tomar medidas que permitan el acceso de las mujeres a servicios financieros formales, como el ahorro, el cr\u00e9dito, los seguros y las transferencias, sin ning\u00fan tipo de barrera por discriminaci\u00f3n y en condiciones de igualdad.<\/span><\/p>\n<p align=\"justify\"><span style=\"color: #666666; font-family: Arial, Helvetica, sans-serif; font-size: small;\">En el Consenso se reconoce el trabajo realizado por el\u00a0<a href=\"http:\/\/www.cepal.org\/oig\/\">Observatorio de Igualdad de G\u00e9nero de Am\u00e9rica Latina y el Caribe\u00a0<\/a>de la\u00a0<strong>CEPAL<\/strong>, en cuanto a formaci\u00f3n y creaci\u00f3n de capacidades, intercambio y difusi\u00f3n de informaci\u00f3n y experiencias y visibilizaci\u00f3n de la situaci\u00f3n de las mujeres en la regi\u00f3n. Los pa\u00edses se comprometieron a apoyar su labor aportando en esta nueva fase con informaci\u00f3n econ\u00f3mica sobre la situaci\u00f3n de las mujeres.<\/span><\/p>\n<p align=\"justify\"><span style=\"color: #666666; font-family: Arial, Helvetica, sans-serif; font-size: small;\">De igual forma, los delegados plantearon desarrollar pol\u00edticas para hacer realidad los compromisos y metas de la Cumbre Mundial de la Sociedad de la Informaci\u00f3n y el\u00a0<a href=\"http:\/\/www.cepal.org\/elac2015\/\">Plan de Acci\u00f3n sobre la Sociedad de la Informaci\u00f3n y del Conocimiento para Am\u00e9rica Latina y el Caribe (eLAC2015)<\/a>\u00a0, cuya Secretar\u00eda T\u00e9cnica tambi\u00e9n es ejercida por la<strong>CEPAL<\/strong>. Los pa\u00edses tambi\u00e9n consideraron necesario promover la incorporaci\u00f3n del tema de<br \/>\nla igualdad de g\u00e9nero y autonom\u00eda de las mujeres en la nueva agenda para el desarrollo despu\u00e9s de 2015.\u00a0<\/span><\/p>\n<p align=\"justify\"><span style=\"color: #666666; font-family: Arial, Helvetica, sans-serif; font-size: small;\">Finalmente, en el Consenso se agradece al Gobierno, en especial al Ministerio de la Mujer de Rep\u00fablica Dominicana, por la eficiente organizaci\u00f3n de la reuni\u00f3n, y se establece que la XIII Conferencia Regional sobre la Mujer de Am\u00e9rica Latina y el Caribe se celebrar\u00e1 en Uruguay.<\/span><\/p>\n<p align=\"justify\"><strong style=\"color: #666666; font-family: Arial, Helvetica, sans-serif; font-size: small;\"><em>\u00cdntegro: <\/em><\/strong><span style=\"color: #666666; font-family: Arial, Helvetica, sans-serif; font-size: small;\">\u00a0<\/span><a style=\"font-family: Arial, Helvetica, sans-serif; font-size: small;\" href=\"http:\/\/www.cepal.org\/cgi-bin\/getprod.asp?xml=\/12conferenciamujer\/noticias\/paginas\/6\/49916\/P49916.xml&amp;xsl=\/12conferenciamujer\/tpl\/p18f-st.xsl&amp;base=\/12conferenciamujer\/tpl\/top-bottom.xsl\">Co<\/a><strong style=\"color: #666666; font-family: Arial, Helvetica, sans-serif; font-size: small;\"><a href=\"http:\/\/www.cepal.org\/cgi-bin\/getprod.asp?xml=\/12conferenciamujer\/noticias\/paginas\/6\/49916\/P49916.xml&amp;xsl=\/12conferenciamujer\/tpl\/p18f-st.xsl&amp;base=\/12conferenciamujer\/tpl\/top-bottom.xsl\">nsenso de Santo Domingo (texto completo).<\/a><\/strong><\/p>\n<p align=\"justify\">\u00a0<a href=\"http:\/\/www.eloriente.net\/home\/wp-content\/uploads\/2013\/10\/Atribuci\u00f3n-Algunos-derechos-reservados-por-L.C.N\u00f8ttaasen-Bandera-Dominicana.jpg\"><img loading=\"lazy\" decoding=\"async\" class=\"alignnone size-medium wp-image-17086\" title=\"Atribuci\u00f3n Algunos derechos reservados por L.C.N\u00f8ttaasen Bandera Dominicana\" src=\"http:\/\/www.eloriente.net\/home\/wp-content\/uploads\/2013\/10\/Atribuci\u00f3n-Algunos-derechos-reservados-por-L.C.N\u00f8ttaasen-Bandera-Dominicana-300x199.jpg\" alt=\"\" width=\"300\" height=\"199\" srcset=\"http:\/\/www.eloriente.net\/home\/wp-content\/uploads\/2013\/10\/Atribuci\u00f3n-Algunos-derechos-reservados-por-L.C.N\u00f8ttaasen-Bandera-Dominicana-300x199.jpg 300w, http:\/\/www.eloriente.net\/home\/wp-content\/uploads\/2013\/10\/Atribuci\u00f3n-Algunos-derechos-reservados-por-L.C.N\u00f8ttaasen-Bandera-Dominicana.jpg 1024w\" sizes=\"(max-width: 300px) 100vw, 300px\" \/><\/a><\/p>\n<p align=\"justify\"><a href=\"http:\/\/creativecommons.org\/licenses\/by\/2.0\/\"><img decoding=\"async\" title=\"Atribuci\u00f3n\" src=\"http:\/\/l.yimg.com\/g\/images\/cc_icon_attribution_small.gif\" alt=\"Atribuci\u00f3n\" border=\"0\" \/><\/a>\u00a0<a title=\"Attribution License\" href=\"http:\/\/creativecommons.org\/licenses\/by\/2.0\/\">Algunos derechos reservados<\/a>\u00a0por\u00a0<a href=\"http:\/\/www.flickr.com\/photos\/magnera\/\">L.C.N\u00f8ttaasen<\/a><\/p>\n<p style=\"text-align: right;\" align=\"justify\"><strong>Anteriores:<\/strong><\/p>\n<p>E<a title=\"Permalink to En favor de las cuotas de g\u00e9nero\" href=\"http:\/\/www.eloriente.net\/home\/2013\/10\/20\/en-favor-de-las-cuotas-de-genero\/\" rel=\"bookmark\">n favor de las cuotas de g\u00e9nero<\/a><\/p>\n<p align=\"justify\"><a href=\"http:\/\/www.eloriente.net\/home\/2013\/10\/20\/en-favor-de-las-cuotas-de-genero\/\" rel=\"bookmark\"><img decoding=\"async\" title=\"En favor de las cuotas de g\u00e9nero\" src=\"http:\/\/www.eloriente.net\/home\/wp-content\/themes\/city-desk\/timthumb.php?src=http%3A%2F%2Fwww.eloriente.net%2Fhome%2Fwp-content%2Fuploads%2F2013%2F10%2FMujeres-antes-muertas-que-sumisas-Atribucio%CC%81nCompartir-bajo-la-misma-licencia-Algunos-derechos-reservados-por-gaelx-.jpg&amp;q=90&amp;w=160&amp;h=106&amp;zc=1\" alt=\"En favor de las cuotas de g\u00e9nero\" \/><\/a><\/p>\n<p>eloriente.net\/Miguel Carbonell 20 de octubre de 2013 Por: Miguel Carbonell La propuesta de que 50% de las candidaturas a cargos de representaci\u00f3n popular correspondan a cada uno de los sexos, asegurando un incremento sustancial de la participaci\u00f3n de las mujeres en la pol\u00edtica, es un paso hacia delante muy valioso al que hay que apoyar. [&#8230;]<\/p>\n<p>October 20, 2013<\/p>\n<div id=\"post-17033\">\n<p><a title=\"Permalink to No hay que detener el paso, trabajemos por el pueblo negro\" href=\"http:\/\/www.eloriente.net\/home\/2013\/10\/20\/no-hay-que-detener-el-paso-trabajemos-por-el-pueblo-negro\/\" rel=\"bookmark\">No hay que detener el paso, trabajemos por el pueblo negro<\/a><\/p>\n<p>October 20, 2013eloriente.net\/SOCPINDA A.C. 20 de octubre de 2013 Por: Isidro Ram\u00edrez L\u00f3pez En el marco de la Primera Celebraci\u00f3n del D\u00eda del Pueblo Negro Afromexicano de Oaxaca realizado este 19 de Octubre de 2013 en la comunidad de Collantes, Pinotepa Nacional Oaxaca, la Organizaci\u00f3n para el Desarrollo Social y Productivo de los Pueblos Ind\u00edgenas y Comunidades [&#8230;]<\/p>\n<\/div>\n<div id=\"post-17011\">\n<p><a title=\"Permalink to \u00bfEres mexicano y eres racista? revisa estos materiales en D\u00eda Nacional contra la Discriminaci\u00f3n\" href=\"http:\/\/www.eloriente.net\/home\/2013\/10\/19\/eres-mexicano-y-eres-racista-revisa-estos-materiales-en-dia-nacional-contra-la-discriminacion\/\" rel=\"bookmark\">\u00bfEres mexicano y eres racista? revisa estos materiales en D\u00eda Nacional contra la Discriminaci\u00f3n<\/a><\/p>\n<p><a href=\"http:\/\/www.eloriente.net\/home\/2013\/10\/19\/eres-mexicano-y-eres-racista-revisa-estos-materiales-en-dia-nacional-contra-la-discriminacion\/\" rel=\"bookmark\"><img decoding=\"async\" title=\"\u00bfEres mexicano y eres racista? revisa estos materiales en D\u00eda Nacional contra la Discriminaci\u00f3n\" src=\"http:\/\/www.eloriente.net\/home\/wp-content\/themes\/city-desk\/timthumb.php?src=http%3A%2F%2Fwww.eloriente.net%2Fhome%2Fwp-content%2Fuploads%2F2013%2F10%2Fportada-el-Secreto-de-Cristina-conapred.jpg&amp;q=90&amp;w=160&amp;h=106&amp;zc=1\" alt=\"\u00bfEres mexicano y eres racista? revisa estos materiales en D\u00eda Nacional contra la Discriminaci\u00f3n\" \/><\/a>eloriente.net 19 de octubre de 2013 Este 19 de octubre se celebra en M\u00e9xico el D\u00eda Nacional contra la Discriminaci\u00f3n, por esa raz\u00f3n te acercamos estos materiales para que aprendamos un poco m\u00e1s sobre este tema tan importante y tan actual en M\u00e9xico y en el mundo. Como lo se\u00f1ala la Comisi\u00f3n Nacional para Prevenir [&#8230;]<\/p>\n<p>October 19, 2013<\/p>\n<\/div>\n\n\t\t\t  <div \n\t\t\t  \tclass = \"fb-comments\" \n\t\t\t  \tdata-href = \"http:\/\/www.eloriente.net\/home\/2013\/10\/22\/consenso-de-santo-domingo-es-aprobado-para-avanzar-en-igualdad-de-genero\/\"\n\t\t\t  \tdata-numposts = \"10\"\n\t\t\t\tdata-colorscheme = \"dark\"\n\t\t\t\tdata-order-by = \"social\"\n\t\t\t\tdata-mobile=true>\n\t\t\t  <\/div>\n\t\t  <style>\n\t\t\t.fb_iframe_widget_fluid_desktop iframe {\n\t\t\t    width: 100% !important;\n\t\t\t}\n\t\t  <\/style>\n\t\t  ","protected":false},"excerpt":{"rendered":"<p>eloriente.net\/CEPAL 18 de octubre, 2013).-\u00a0Los representantes de los Estados miembros y asociados de la\u00a0CEPAL\u00a0que participaron esta semana en la\u00a0XII Conferencia Regional sobre la Mujer de Am\u00e9rica Latina y el Caribe\u00a0se comprometieron a trabajar para que la sociedad de la informaci\u00f3n y del\u00a0 conocimiento fomente la autonom\u00eda econ\u00f3mica de las mujeres y su plena participaci\u00f3n, en [&hellip;]<\/p>\n","protected":false},"author":1,"featured_media":17086,"comment_status":"open","ping_status":"open","sticky":false,"template":"","format":"standard","meta":{"_jetpack_memberships_contains_paid_content":false,"footnotes":""},"categories":[22,32,10,24,31],"tags":[],"class_list":["post-17085","post","type-post","status-publish","format-standard","has-post-thumbnail","hentry","category-derechos-humanos","category-entradas","category-lo-mas-reciente","category-mexico-y-el-mundo","category-principal"],"jetpack_featured_media_url":"http:\/\/www.eloriente.net\/home\/wp-content\/uploads\/2013\/10\/Atribuci\u00f3n-Algunos-derechos-reservados-por-L.C.N\u00f8ttaasen-Bandera-Dominicana.jpg","jetpack_sharing_enabled":true,"_links":{"self":[{"href":"http:\/\/www.eloriente.net\/home\/wp-json\/wp\/v2\/posts\/17085"}],"collection":[{"href":"http:\/\/www.eloriente.net\/home\/wp-json\/wp\/v2\/posts"}],"about":[{"href":"http:\/\/www.eloriente.net\/home\/wp-json\/wp\/v2\/types\/post"}],"author":[{"embeddable":true,"href":"http:\/\/www.eloriente.net\/home\/wp-json\/wp\/v2\/users\/1"}],"replies":[{"embeddable":true,"href":"http:\/\/www.eloriente.net\/home\/wp-json\/wp\/v2\/comments?post=17085"}],"version-history":[{"count":2,"href":"http:\/\/www.eloriente.net\/home\/wp-json\/wp\/v2\/posts\/17085\/revisions"}],"predecessor-version":[{"id":17088,"href":"http:\/\/www.eloriente.net\/home\/wp-json\/wp\/v2\/posts\/17085\/revisions\/17088"}],"wp:featuredmedia":[{"embeddable":true,"href":"http:\/\/www.eloriente.net\/home\/wp-json\/wp\/v2\/media\/17086"}],"wp:attachment":[{"href":"http:\/\/www.eloriente.net\/home\/wp-json\/wp\/v2\/media?parent=17085"}],"wp:term":[{"taxonomy":"category","embeddable":true,"href":"http:\/\/www.eloriente.net\/home\/wp-json\/wp\/v2\/categories?post=17085"},{"taxonomy":"post_tag","embeddable":true,"href":"http:\/\/www.eloriente.net\/home\/wp-json\/wp\/v2\/tags?post=17085"}],"curies":[{"name":"wp","href":"https:\/\/api.w.org\/{rel}","templated":true}]}}