{"id":17090,"date":"2013-10-23T09:59:46","date_gmt":"2013-10-23T15:59:46","guid":{"rendered":"http:\/\/www.eloriente.net\/home\/?p=17090"},"modified":"2013-10-23T10:10:45","modified_gmt":"2013-10-23T16:10:45","slug":"comparte-editorial-23-10-13","status":"publish","type":"post","link":"http:\/\/www.eloriente.net\/home\/2013\/10\/23\/comparte-editorial-23-10-13\/","title":{"rendered":"Comparte Editorial #23.10.13"},"content":{"rendered":"<p>eloriente.net<\/p>\n<p>22 de octubre de 2013<\/p>\n<p style=\"text-align: center;\"><a href=\"http:\/\/www.eloriente.net\/home\/wp-content\/uploads\/2013\/10\/EnOaxacaNoM\u00e1sEspeciesEnPeligro-Editorial-eloriente.net-231013.png\"><img loading=\"lazy\" decoding=\"async\" class=\"alignnone size-medium wp-image-17101\" title=\"#EnOaxacaNoM\u00e1sEspeciesEnPeligro Editorial eloriente.net 231013\" src=\"http:\/\/www.eloriente.net\/home\/wp-content\/uploads\/2013\/10\/EnOaxacaNoM\u00e1sEspeciesEnPeligro-Editorial-eloriente.net-231013-300x135.png\" alt=\"\" width=\"300\" height=\"135\" srcset=\"http:\/\/www.eloriente.net\/home\/wp-content\/uploads\/2013\/10\/EnOaxacaNoM\u00e1sEspeciesEnPeligro-Editorial-eloriente.net-231013-300x135.png 300w, http:\/\/www.eloriente.net\/home\/wp-content\/uploads\/2013\/10\/EnOaxacaNoM\u00e1sEspeciesEnPeligro-Editorial-eloriente.net-231013-1024x462.png 1024w, http:\/\/www.eloriente.net\/home\/wp-content\/uploads\/2013\/10\/EnOaxacaNoM\u00e1sEspeciesEnPeligro-Editorial-eloriente.net-231013.png 1247w\" sizes=\"(max-width: 300px) 100vw, 300px\" \/><\/a><\/p>\n<p style=\"text-align: center;\">Comp\u00e1rtelo en Twitter: <a href=\"https:\/\/twitter.com\/\" target=\"_blank\">#EnOaxacaNoM\u00e1sEspeciesEnPeligro<\/a><\/p>\n<p style=\"text-align: center;\"><strong>4 ORIENTES:<\/strong><\/p>\n<p style=\"text-align: right;\"><strong>PRIMERO:<\/strong><\/p>\n<p style=\"text-align: left;\">La Alianza para Extinci\u00f3n Cero (AZE, por sus siglas en ingl\u00e9s), dio a conocer en el a\u00f1o 2010 que Oaxaca se encontraba en el primer lugar de los estados CON MAYOR CANTIDAD DE SITIOS con especies en peligro de extinci\u00f3n en el pa\u00eds.<\/p>\n<p style=\"text-align: left;\">Fuente: <a href=\"http:\/\/mexico.cnn.com\/planetacnn\/2013\/10\/18\/las-10-especies-que-corren-mas-peligro-de-desaparecer-en-mexico\" target=\"_blank\">CNN<\/a><\/p>\n<p style=\"text-align: right;\"><strong>SEGUNDO:<\/strong><\/p>\n<p style=\"text-align: justify;\"><strong><\/strong>Fuente:\u00a0<a href=\"http:\/\/www.wwf.org.mx\/wwfmex\/especies.php\" target=\"_blank\">WWF<\/a>:\u00a0La\u00a0<strong>Sierra Norte de Oaxaca<\/strong>\u00a0es el sitio con m\u00e1s especies en peligro (6) en M\u00e9xico y est\u00e1 entre los cinco m\u00e1s altos en el mundo.<\/p>\n<p style=\"text-align: justify;\">Da click <a href=\"http:\/\/www.wwf.org.mx\/wwfmex\/especies_cuadro02.php\" target=\"_blank\">AQU\u00cd para ver listado completo<\/a>.<span style=\"text-align: right;\">\u00a0<\/span><\/p>\n<p style=\"text-align: right;\"><strong>TERCERO:<\/strong><\/p>\n<p style=\"text-align: left;\"><a href=\"http:\/\/mexico.cnn.com\/planetacnn\/2013\/10\/18\/las-10-especies-que-corren-mas-peligro-de-desaparecer-en-mexico\" target=\"_blank\">Mayores Datos:<\/a><\/p>\n<ul>\n<li>De un total de 108,519 especies descritas en M\u00e9xico, 2,556 est\u00e1n en riesgo, de acuerdo con la Comisi\u00f3n Nacional para el Conocimiento y Uso de la Biodiversidad (Conabio).<\/li>\n<li>Seg\u00fan datos de la Conabio y el Fondo Mundial para la Naturaleza (WWF, por sus siglas en ingl\u00e9s), estas especies tienen algunas de las poblaciones con el menor n\u00famero de ejemplares en M\u00e9xico, que van desde los 20 hasta los 12,000 aproximadamente.<\/li>\n<li>Las regiones que albergan a estos animales en peligro de desaparecer son la Ciudad de M\u00e9xico y los estados de Chihuahua, Sonora, Baja California, Nuevo Le\u00f3n, Quintana Roo, Chiapas, Oaxaca, Tabasco, Veracruz, Campeche, Jalisco, Yucat\u00e1n, Durango, Tamaulipas y Coahuila.<\/li>\n<\/ul>\n<p style=\"text-align: right;\"><strong>CUARTO:<\/strong><\/p>\n<p>As\u00ed se reporta en la P\u00e1gina de la\u00a0<a href=\"http:\/\/www.biodiversidad.gob.mx\/region\/EEB\/Oaxaca.html\" target=\"_blank\">Comisi\u00f3n Nacional para el Conocimiento y Uso de la Biodiversidad<\/a>\u00a0los avances en Oaxaca sobre el tema (Consulta 22\/10\/13):<\/p>\n<p><a href=\"http:\/\/www.eloriente.net\/home\/wp-content\/uploads\/2013\/10\/Conabio-Oaxaca-221013.png\"><img loading=\"lazy\" decoding=\"async\" class=\"aligncenter\" title=\"Conabio Oaxaca 221013\" src=\"http:\/\/www.eloriente.net\/home\/wp-content\/uploads\/2013\/10\/Conabio-Oaxaca-221013-235x300.png\" alt=\"\" width=\"235\" height=\"300\" \/><\/a><strong style=\"text-align: right;\">\u00a0<\/strong><\/p>\n<p>Consulta el Mapa interactivo y verifica por ti mismo:<\/p>\n<p><iframe loading=\"lazy\" src=\"http:\/\/www.arcgis.com\/home\/webmap\/embedViewer.html?webmap=4ecca6a29bf142338e459e27ade152c8&amp;extent=-99.217,15.0973,-93.4546,19.1179\" frameborder=\"0\" marginwidth=\"0\" marginheight=\"0\" scrolling=\"no\" width=\"500\" height=\"400\"><\/iframe><br \/>\n<small><a style=\"color: #0000ff; text-align: left;\" href=\"http:\/\/www.arcgis.com\/home\/webmap\/viewer.html?webmap=4ecca6a29bf142338e459e27ade152c8&amp;extent=-99.217,15.0973,-93.4546,19.1179\" target=\"_blank\">Ver mapa m\u00e1s grande<\/a><\/small><\/p>\n<p><a href=\"http:\/\/www.arcgis.com\/home\/webmap\/viewer.html?webmap=4ecca6a29bf142338e459e27ade152c8\" target=\"_blank\">Mapa<\/a><\/p>\n<p style=\"text-align: left;\">Ve a Facebook, mira la editorial y comparte tus comentarios. <strong>Da click sobre la imagen:<\/strong><\/p>\n<p style=\"text-align: left;\"><a href=\"https:\/\/www.facebook.com\/pages\/El-Oriente\/443535572345554?ref=hl\" target=\"_blank\"><img loading=\"lazy\" decoding=\"async\" class=\"alignnone size-medium wp-image-17098 aligncenter\" title=\"Foto Facebook 231013\" src=\"http:\/\/www.eloriente.net\/home\/wp-content\/uploads\/2013\/10\/Foto-Facebook-231013-300x227.png\" alt=\"\" width=\"300\" height=\"227\" srcset=\"http:\/\/www.eloriente.net\/home\/wp-content\/uploads\/2013\/10\/Foto-Facebook-231013-300x227.png 300w, http:\/\/www.eloriente.net\/home\/wp-content\/uploads\/2013\/10\/Foto-Facebook-231013.png 813w\" sizes=\"(max-width: 300px) 100vw, 300px\" \/><\/a><\/p>\n<p style=\"text-align: left;\"><strong>Notas Relacionadas en <a href=\"www.eloriente.net\" target=\"_blank\">eloriente.net<\/a>:<\/strong><\/p>\n<p><a title=\"Permalink to Biodiversidad en Oaxaca, la mayor de M\u00e9xico\" href=\"http:\/\/www.eloriente.net\/home\/2012\/07\/16\/mexico-uno-de-los-5-paises-megadiversos-del-mundo-y-oaxaca-el-estado-mas-biodiverso-del-pais-2\/\" rel=\"bookmark\">Biodiversidad en Oaxaca, la mayor de M\u00e9xico<\/a><\/p>\n<p>David Ortega del Valle Gustavo S\u00e1nchez Ben\u00edtez WWF-Programa Oaxaca \u00bfQu\u00e9 entendemos por biodiversidad? El t\u00e9rmino biodiversidad, como contracci\u00f3n de diversidad biol\u00f3gica, fue introducido por Walter G. Rosen, en 1985, en un documento preparatorio para el que acab\u00f3 por denominarse Foro Nacional de Biodiversidad, que tuvo lugar en Washington DC en septiembre de 1986. Por razones [&#8230;]<\/p>\n<p>July 16, 2012<\/p>\n<p>&nbsp;<\/p>\n<p>&nbsp;<\/p>\n\n\t\t\t  <div \n\t\t\t  \tclass = \"fb-comments\" \n\t\t\t  \tdata-href = \"http:\/\/www.eloriente.net\/home\/2013\/10\/23\/comparte-editorial-23-10-13\/\"\n\t\t\t  \tdata-numposts = \"10\"\n\t\t\t\tdata-colorscheme = \"dark\"\n\t\t\t\tdata-order-by = \"social\"\n\t\t\t\tdata-mobile=true>\n\t\t\t  <\/div>\n\t\t  <style>\n\t\t\t.fb_iframe_widget_fluid_desktop iframe {\n\t\t\t    width: 100% !important;\n\t\t\t}\n\t\t  <\/style>\n\t\t  ","protected":false},"excerpt":{"rendered":"<p>eloriente.net 22 de octubre de 2013 Comp\u00e1rtelo en Twitter: #EnOaxacaNoM\u00e1sEspeciesEnPeligro 4 ORIENTES: PRIMERO: La Alianza para Extinci\u00f3n Cero (AZE, por sus siglas en ingl\u00e9s), dio a conocer en el a\u00f1o 2010 que Oaxaca se encontraba en el primer lugar de los estados CON MAYOR CANTIDAD DE SITIOS con especies en peligro de extinci\u00f3n en el [&hellip;]<\/p>\n","protected":false},"author":1,"featured_media":17101,"comment_status":"open","ping_status":"open","sticky":false,"template":"","format":"standard","meta":{"_jetpack_memberships_contains_paid_content":false,"footnotes":""},"categories":[9,32,20],"tags":[],"class_list":["post-17090","post","type-post","status-publish","format-standard","has-post-thumbnail","hentry","category-editorial","category-entradas","category-medio-ambiente"],"jetpack_featured_media_url":"http:\/\/www.eloriente.net\/home\/wp-content\/uploads\/2013\/10\/EnOaxacaNoM\u00e1sEspeciesEnPeligro-Editorial-eloriente.net-231013.png","jetpack_sharing_enabled":true,"_links":{"self":[{"href":"http:\/\/www.eloriente.net\/home\/wp-json\/wp\/v2\/posts\/17090"}],"collection":[{"href":"http:\/\/www.eloriente.net\/home\/wp-json\/wp\/v2\/posts"}],"about":[{"href":"http:\/\/www.eloriente.net\/home\/wp-json\/wp\/v2\/types\/post"}],"author":[{"embeddable":true,"href":"http:\/\/www.eloriente.net\/home\/wp-json\/wp\/v2\/users\/1"}],"replies":[{"embeddable":true,"href":"http:\/\/www.eloriente.net\/home\/wp-json\/wp\/v2\/comments?post=17090"}],"version-history":[{"count":6,"href":"http:\/\/www.eloriente.net\/home\/wp-json\/wp\/v2\/posts\/17090\/revisions"}],"predecessor-version":[{"id":17100,"href":"http:\/\/www.eloriente.net\/home\/wp-json\/wp\/v2\/posts\/17090\/revisions\/17100"}],"wp:featuredmedia":[{"embeddable":true,"href":"http:\/\/www.eloriente.net\/home\/wp-json\/wp\/v2\/media\/17101"}],"wp:attachment":[{"href":"http:\/\/www.eloriente.net\/home\/wp-json\/wp\/v2\/media?parent=17090"}],"wp:term":[{"taxonomy":"category","embeddable":true,"href":"http:\/\/www.eloriente.net\/home\/wp-json\/wp\/v2\/categories?post=17090"},{"taxonomy":"post_tag","embeddable":true,"href":"http:\/\/www.eloriente.net\/home\/wp-json\/wp\/v2\/tags?post=17090"}],"curies":[{"name":"wp","href":"https:\/\/api.w.org\/{rel}","templated":true}]}}