{"id":17108,"date":"2013-10-23T15:56:27","date_gmt":"2013-10-23T21:56:27","guid":{"rendered":"http:\/\/www.eloriente.net\/home\/?p=17108"},"modified":"2013-10-23T15:56:27","modified_gmt":"2013-10-23T21:56:27","slug":"trabajo-infantil-demos-una-oportunidad-a-las-ninas","status":"publish","type":"post","link":"http:\/\/www.eloriente.net\/home\/2013\/10\/23\/trabajo-infantil-demos-una-oportunidad-a-las-ninas\/","title":{"rendered":"Trabajo Infantil: Demos una oportunidad a las ni\u00f1as"},"content":{"rendered":"<p>eloriente.net\/Hub Oaxaca<\/p>\n<p>23 de octubre de 2013<\/p>\n<p style=\"text-align: right\">Por: <a href=\"http:\/\/www.huboaxaca.org\/\" target=\"_blank\">Hub Oaxaca<\/a><\/p>\n<div>\n<p><strong>Las estimaciones mundiales m\u00e1s recientes de la OIT sobre la magnitud del trabajo\u00a0<\/strong><strong>infantil indicaban que exist\u00edan m\u00e1s de 100 millones de ni\u00f1as trabajadoras.\u00a0<\/strong>Estas ni\u00f1as\u00a0representan aproximadamente el 46 por ciento de todos los ni\u00f1os que trabajan.\u00a0Se calculaba que unos 53 millones de ni\u00f1as realizaban\u00a0<em>trabajos peligrosos,<\/em>identificados como una\u00a0de las\u00a0<em>peores formas de trabajo infantil<\/em>. De esas ni\u00f1as, 20 millones eran menores de 12 a\u00f1os.\u00a0Es dif\u00edcil obtener datos fiables sobre la representatividad de las peores formas de trabajo infantil\u00a0distintas del trabajo peligroso (por ejemplo, la explotaci\u00f3n sexual comercial, el trabajo forzoso y\u00a0en r\u00e9gimen de servidumbre, etc.), pero hay estudios espec\u00edficos sobre la materia que demuestran\u00a0que la mayor\u00eda de los ni\u00f1os que trabajan en estas formas son mujeres.<\/p>\n<p>Una descripci\u00f3n completa del trabajo infantil, que d\u00e9 cuenta de un desglose por sexos, tiene que\u00a0tomar en cuenta el factor de las tareas dom\u00e9sticas no remuneradas, designadas com\u00fanmente\u00a0como tareas dom\u00e9sticas. En las recopilaciones de datos sobre el trabajo infantil, en el pasado, se\u00a0hac\u00eda una distinci\u00f3n entre los ni\u00f1os econ\u00f3micamente activos y los ni\u00f1os dedicados a las tareas\u00a0dom\u00e9sticas. La diferencia entre ambos, no obstante, era principalmente t\u00e9cnica. Por lo tanto, hoy se\u00a0incluye tanto a los ni\u00f1os empleados como a los involucrados en otras actividades productivas,\u00a0definidas estas \u00faltimas como \u201cla producci\u00f3n de servicios dom\u00e9sticos y personales por un miembro\u00a0de la familia, para consumo dentro del propio hogar\u201d, es decir, las tareas dom\u00e9sticas.<\/p>\n<p>La diferencia entre ni\u00f1os y ni\u00f1as, en t\u00e9rminos de su participaci\u00f3n en las tareas dom\u00e9sticas no\u00a0remuneradas, es mayor en el Africa Subsahariana (44 por ciento), seguida de Am\u00e9rica Latina\u00a0(29 por ciento), los pa\u00edses en transici\u00f3n y desarrollados (15 por ciento) y Asia y el Pac\u00edfico (8 por\u00a0ciento). En t\u00e9rminos globales, el porcentaje de ni\u00f1as de 5 a 14 a\u00f1os que trabajan, es de un\u00a015 por ciento m\u00e1s elevado que el de los ni\u00f1os.<\/p>\n<p>La crisis econ\u00f3mica y financiera mundial est\u00e1 hundiendo a un creciente n\u00famero de familias en la\u00a0pobreza, y podr\u00eda tener un impacto altamente negativo en el trabajo infantil. Cuando una familia\u00a0pobre tiene que elegir entre enviar a un hijo o a una hija a la escuela, en las culturas en que se\u00a0atribuye mayor valor a la educaci\u00f3n de los ni\u00f1os m\u00e1s que a la de las ni\u00f1as, estas \u00faltimas est\u00e1n en\u00a0situaci\u00f3n particular de riesgo. La respuesta a la crisis debe atribuir una alta prioridad al gasto\u00a0p\u00fablico que beneficie a las familias pobres y vulnerables. Es preciso ofrecerles protecci\u00f3n para\u00a0evitar que retiren a sus hijas e hijos de las escuelas, teniendo en cuenta que las ni\u00f1as corren un\u00a0riesgo mayor.<\/p>\n<p>En medio de la creciente preocupaci\u00f3n sobre el impacto de la desaceleraci\u00f3n econ\u00f3mica, la Oficina Internacional del Trabajo (OIT) advirti\u00f3 hoy en un nuevo informe que los esfuerzos para eliminar las peores formas de trabajo infantil est\u00e1n perdiendo fuerza, y ha exhortado a \u201crevitalizar\u201d la campa\u00f1a mundial para erradicar esta pr\u00e1ctica.<\/p>\n<p>La OIT, en su Informe global sobre trabajo infantil, dice que el n\u00famero mundial de ni\u00f1os trabajadores ha disminuido de 222 millones a 215 millones durante el per\u00edodo 2004 \u2013 2008, es decir un 3 por ciento, lo cual representa \u201cuna desaceleraci\u00f3n en el ritmo de reducci\u00f3n a nivel mundial\u201d. El informe tambi\u00e9n menciona la preocupaci\u00f3n de que la crisis econ\u00f3mica mundial pueda \u201cfrenar\u201d el avance hacia el objetivo de eliminar las peores formas de trabajo infantil para 2016.<\/p>\n<p>Aqu\u00ed puedes descargar algunos documentos clave para entender el problema del trabajo infantil y las propuestas que plantea la OIT:<\/p>\n<p>&nbsp;<\/p>\n<ul>\n<li>Hoja de ruta para lograr la eliminaci\u00f3nde las peores formas de trabajo infantil para 2016:\u00a0<a href=\"http:\/\/www.huboaxaca.org\/wp-content\/uploads\/2012\/06\/201005_Roadmap_2016_Adopted_Es.pdf\">201005_Roadmap_2016_Adopted_Es<\/a><\/li>\n<li>Combatir el trabajo infantil\u00a0entre los pueblos ind\u00edgenas y tribales:\u00a0<a href=\"http:\/\/www.huboaxaca.org\/wp-content\/uploads\/2012\/06\/combatir-TI-en-pueblos-ind%C3%ADgenas-y-tribales.pdf\">combatir TI en pueblos ind\u00edgenas y tribales<\/a><\/li>\n<li>Ni\u00f1os en trabajos peligrosos:\u00a0<a href=\"http:\/\/www.huboaxaca.org\/wp-content\/uploads\/2012\/06\/NNA-en-TI.Lo-que-sabemos-lo-que-debemos-hacer.vf_.pdf\">NNA en TI.Lo que sabemos lo que debemos hacer.vf<\/a><\/li>\n<\/ul>\n<\/div>\n<div><strong>\u00a0<\/strong><\/div>\n<div><\/div>\n<div><strong>Anteriores:<\/strong><\/div>\n<div>\n<p><a title=\"Permalink to D\u00eda Internacional de las Personas de Edad: Hay una de ellas en 1 de cada 3 hogares de Oaxaca\" href=\"http:\/\/www.eloriente.net\/home\/2013\/09\/30\/dia-internacional-de-las-personas-de-edad-hay-una-de-ellas-en-1-de-cada-3-hogares-de-oaxaca\/\" rel=\"bookmark\">D\u00eda Internacional de las Personas de Edad: Hay una de ellas en 1 de cada 3 hogares de Oaxaca<\/a><\/p>\n<p><a href=\"http:\/\/www.eloriente.net\/home\/2013\/09\/30\/dia-internacional-de-las-personas-de-edad-hay-una-de-ellas-en-1-de-cada-3-hogares-de-oaxaca\/\" rel=\"bookmark\"><img decoding=\"async\" src=\"http:\/\/www.eloriente.net\/home\/wp-content\/themes\/city-desk\/timthumb.php?src=http%3A%2F%2Fwww.eloriente.net%2Fhome%2Fwp-content%2Fuploads%2F2013%2F09%2FVejez-Algunos-derechos-reservados-por-alma-81.jpg&amp;q=90&amp;w=160&amp;h=106&amp;zc=1\" alt=\"D\u00eda Internacional de las Personas de Edad: Hay una de ellas en 1 de cada 3 hogares de Oaxaca\" \/><\/a>eloriente.net 30 de septiembre de 2013 eloriente.net (Oaxaca, Oax. a 30 de septiembre de 2013).- Este 1 de octubre se celebra en el mundo el D\u00eda Internacional de las Personas de Edad, bajo el tema \u201cEl futuro que queremos: lo que dicen las personas mayores. Para determinar esta celebraci\u00f3n, la Asamblea General de las Naciones [&#8230;]<\/p>\n<p>September 30, 2013<\/p>\n<div>\n<p><a title=\"Permalink to Acuerdan \u2018obligatorio\u2019 resolver sin dilaci\u00f3n casos judiciales de mujeres, ni\u00f1as y ni\u00f1os\" href=\"http:\/\/www.eloriente.net\/home\/2013\/09\/23\/acuerdan-obligatorio-resolver-sin-dilacion-casos-judiciales-de-mujeres-ninas-y-ninos\/\" rel=\"bookmark\">Acuerdan \u2018obligatorio\u2019 resolver sin dilaci\u00f3n casos judiciales de mujeres, ni\u00f1as y ni\u00f1os<\/a><\/p>\n<p>eloriente.net\/Tribunal Superior de Justicia de Oaxaca 23 de septiembre de 2013 A trav\u00e9s de un Acuerdo General establece que el personal jurisdiccional debe acatar, con car\u00e1cter obligatorio, lo establecido en la Alerta Temprana 05\/2013 El Poder Judicial \u00a0del Estado da pasos importantes en el cumplimiento de las obligaciones establecidas en la Constituci\u00f3n y los tratados [&#8230;]<\/p>\n<p>September 23, 2013<\/p>\n<\/div>\n<div>\n<p><a title=\"Permalink to Observatorio Ciudadano publica reporte sobre Trabajo Infantil\" href=\"http:\/\/www.eloriente.net\/home\/2013\/09\/20\/observatorio-ciudadano-publica-reporte-sobre-trabajo-infantil\/\" rel=\"bookmark\">Observatorio Ciudadano publica reporte sobre Trabajo Infantil<\/a><\/p>\n<p><a href=\"http:\/\/www.eloriente.net\/home\/2013\/09\/20\/observatorio-ciudadano-publica-reporte-sobre-trabajo-infantil\/\" rel=\"bookmark\"><img decoding=\"async\" src=\"http:\/\/www.eloriente.net\/home\/wp-content\/themes\/city-desk\/timthumb.php?src=http%3A%2F%2Fwww.eloriente.net%2Fhome%2Fwp-content%2Fuploads%2F2013%2F09%2FPUBLICACI%C3%93N-OBSERVATORIOseptiembre.jpg&amp;q=90&amp;w=160&amp;h=106&amp;zc=1\" alt=\"Observatorio Ciudadano publica reporte sobre Trabajo Infantil\" \/><\/a>eloriente.net 20 de septiembre de 2013 eloriente.net (Oaxaca, Oax.) 20 de septiembre de 2013.- Como ha venido realizando desde hace m\u00e1s de un a\u00f1o, el Observatorio Ciudadano para la Evaluaci\u00f3n de Pol\u00edticas de Prevenci\u00f3n contra la Violencia y la Delincuencia del estado de Oaxaca, puso a disposici\u00f3n de la ciudadan\u00eda un nuevo n\u00famero de su [&#8230;]<\/p>\n<p>September 20, 2013<\/p>\n<\/div>\n<\/div>\n\n\t\t\t  <div \n\t\t\t  \tclass = \"fb-comments\" \n\t\t\t  \tdata-href = \"http:\/\/www.eloriente.net\/home\/2013\/10\/23\/trabajo-infantil-demos-una-oportunidad-a-las-ninas\/\"\n\t\t\t  \tdata-numposts = \"10\"\n\t\t\t\tdata-colorscheme = \"dark\"\n\t\t\t\tdata-order-by = \"social\"\n\t\t\t\tdata-mobile=true>\n\t\t\t  <\/div>\n\t\t  <style>\n\t\t\t.fb_iframe_widget_fluid_desktop iframe {\n\t\t\t    width: 100% !important;\n\t\t\t}\n\t\t  <\/style>\n\t\t  ","protected":false},"excerpt":{"rendered":"<p>eloriente.net\/Hub Oaxaca 23 de octubre de 2013 Por: Hub Oaxaca Las estimaciones mundiales m\u00e1s recientes de la OIT sobre la magnitud del trabajo\u00a0infantil indicaban que exist\u00edan m\u00e1s de 100 millones de ni\u00f1as trabajadoras.\u00a0Estas ni\u00f1as\u00a0representan aproximadamente el 46 por ciento de todos los ni\u00f1os que trabajan.\u00a0Se calculaba que unos 53 millones de ni\u00f1as realizaban\u00a0trabajos peligrosos,identificados como [&hellip;]<\/p>\n","protected":false},"author":22,"featured_media":0,"comment_status":"open","ping_status":"open","sticky":false,"template":"","format":"standard","meta":{"_jetpack_memberships_contains_paid_content":false,"footnotes":""},"categories":[11,49,32,82,10],"tags":[],"class_list":["post-17108","post","type-post","status-publish","format-standard","hentry","category-colaboradores","category-destacadas","category-entradas","category-hub-oaxaca","category-lo-mas-reciente"],"jetpack_featured_media_url":"","jetpack_sharing_enabled":true,"_links":{"self":[{"href":"http:\/\/www.eloriente.net\/home\/wp-json\/wp\/v2\/posts\/17108"}],"collection":[{"href":"http:\/\/www.eloriente.net\/home\/wp-json\/wp\/v2\/posts"}],"about":[{"href":"http:\/\/www.eloriente.net\/home\/wp-json\/wp\/v2\/types\/post"}],"author":[{"embeddable":true,"href":"http:\/\/www.eloriente.net\/home\/wp-json\/wp\/v2\/users\/22"}],"replies":[{"embeddable":true,"href":"http:\/\/www.eloriente.net\/home\/wp-json\/wp\/v2\/comments?post=17108"}],"version-history":[{"count":1,"href":"http:\/\/www.eloriente.net\/home\/wp-json\/wp\/v2\/posts\/17108\/revisions"}],"predecessor-version":[{"id":17109,"href":"http:\/\/www.eloriente.net\/home\/wp-json\/wp\/v2\/posts\/17108\/revisions\/17109"}],"wp:attachment":[{"href":"http:\/\/www.eloriente.net\/home\/wp-json\/wp\/v2\/media?parent=17108"}],"wp:term":[{"taxonomy":"category","embeddable":true,"href":"http:\/\/www.eloriente.net\/home\/wp-json\/wp\/v2\/categories?post=17108"},{"taxonomy":"post_tag","embeddable":true,"href":"http:\/\/www.eloriente.net\/home\/wp-json\/wp\/v2\/tags?post=17108"}],"curies":[{"name":"wp","href":"https:\/\/api.w.org\/{rel}","templated":true}]}}