{"id":17110,"date":"2013-10-24T11:42:54","date_gmt":"2013-10-24T17:42:54","guid":{"rendered":"http:\/\/www.eloriente.net\/home\/?p=17110"},"modified":"2013-10-24T11:42:54","modified_gmt":"2013-10-24T17:42:54","slug":"ife-acuerda-que-datos-de-domicilio-en-credencial-para-votar-esten-cifrados","status":"publish","type":"post","link":"http:\/\/www.eloriente.net\/home\/2013\/10\/24\/ife-acuerda-que-datos-de-domicilio-en-credencial-para-votar-esten-cifrados\/","title":{"rendered":"IFE acuerda que datos de domicilio en credencial para votar est\u00e9n &#8216;cifrados&#8217;"},"content":{"rendered":"<p>eloriente.net\/IFE<\/p>\n<p>24 de octubre de 2013<\/p>\n<ul>\n<li><strong><em>Se aprueban modificaciones legales a los estatutos del Partido Acci\u00f3n Nacional<\/em><\/strong><\/li>\n<\/ul>\n<p>El Consejo General del Instituto Federal Electoral (IFE), en sesi\u00f3n extraordinaria, aprob\u00f3 por seis votos a favor y dos en contra -de la Consejera Electoral Mar\u00eda Marv\u00e1n y el Consejero Lorenzo C\u00f3rdova-, que la calle, n\u00famero exterior y n\u00famero interior del domicilio del ciudadano contenido en la Credencial para Votar con Fotograf\u00eda se incorporen de manera cifrada, pudiendo quedar tambi\u00e9n de forma visible en el anverso a solicitud del ciudadano.<\/p>\n<p>Las y los Consejeros Electorales coincidieron que esta medida protege de manera integral los datos personales de los ciudadanos tanto para emitir el sufragio en las elecciones, como para identificarse.<\/p>\n<p>El acuerdo que entrar\u00e1 en vigor 90 d\u00edas despu\u00e9s de su aprobaci\u00f3n por el Consejo General establece que se deber\u00e1 consultar por escrito a los ciudadanos si los datos referentes al domicilio ser\u00e1n visibles en la mica.<\/p>\n<p>Para llegar a tal conclusi\u00f3n, el IFE realiz\u00f3 un estudio que revel\u00f3 que no existe impedimento legal o t\u00e9cnico para que los datos del domicilio se incorporen de manera cifrada a la mica. Por el contrario, se concluy\u00f3 que\u00a0 la legibilidad y visibilidad de los datos no es necesaria para ninguna de las dos funciones legales del documento que son votar e identificarse.<\/p>\n<p>Posteriormente, se aprob\u00f3 la funcionabilidad de los c\u00f3digos de barras bidimensionales, los cuales dotar\u00e1n de mayores elementos de seguridad a las Credenciales para Votar con Fotograf\u00eda, con avances tecnol\u00f3gicos de vanguardia.<\/p>\n<p>Durante la sesi\u00f3n, las y los Consejeros Electorales aprobaron, por unanimidad, la procedencia constitucional y legal de las modificaciones a los estatutos del Partido Acci\u00f3n Nacional (PAN).<\/p>\n<p>Las Consejeras y los Consejeros Electorales recibieron diversos informes, uno relacionado con el cierre de gesti\u00f3n de la presidencia de la Comisi\u00f3n de Quejas y Denuncias; otro sobre los ingresos provenientes de las actividades convenidas con Institutos Estatales Electorales, los cuales son considerados ampliaciones l\u00edquidas, y el relativo a los avances de los programas y proyectos institucionales 2013, el cual da cuenta de los programas sustantivos y proyectos realizados a lo largo del a\u00f1o.<\/p>\n<p>Como parte del orden del d\u00eda, se desahogaron dos proyectos de acuerdo por los que se reforman los reglamentos de Transparencia y Acceso a la Informaci\u00f3n P\u00fablica, as\u00ed como el de Sesiones del \u00d3rgano Garante de la Transparencia y el Acceso a la Informaci\u00f3n del Instituto Federal Electoral.<\/p>\n<p>La autoridad electoral recibi\u00f3 el Estudio Censal de la Participaci\u00f3n Ciudadana en las Elecciones Federales de 2012, seg\u00fan los resultados del mismo, en la elecci\u00f3n de 2012 hubo una participaci\u00f3n ciudadana del 62.08% de la Lista Nominal, lo que representa un incremento del 3.85%, respecto a la elecci\u00f3n de 2006. Asimismo, la participaci\u00f3n femenina fue del 66.08%, mientras que para los hombres fue del 57.77%.<\/p>\n<p>Tambi\u00e9n, se analizaron 20 quejas y denuncias presentadas como procedimientos sancionadores ordinarios, de los cuales 14 fueron declarados fundados, cuatro infundados, uno sobrese\u00eddo y uno m\u00e1s desechado por incompetencia.<\/p>\n<p>En cuanto a los asuntos fundados, las y los Consejeros Electorales determinaron amonestar p\u00fablicamente a 14 organizaciones ciudadanas por no presentar\u00a0 o presentar extempor\u00e1neamente sus informes sobre el origen y gasto de los recursos utilizados en actividades relacionadas a constituir un nuevo partido pol\u00edtico.<\/p>\n<p>El pleno desahog\u00f3 tres denuncias presentadas como procedimientos especiales sancionadores por presuntas violaciones a la normativa electoral, en todos los casos se determin\u00f3 infundadas las quejas.<\/p>\n<p>Durante la sesi\u00f3n, se resolvieron cinco quejas relacionadas con el origen y aplicaci\u00f3n de los recursos derivados del financiamiento de Partidos Pol\u00edticos Nacionales, las cuales fueron declaradas como infundadas.<\/p>\n<p>M\u00e1s adelante, el pleno acat\u00f3 una sentencia de la Sala Superior del Tribunal Electoral del Poder Judicial de la Federaci\u00f3n (TEPJF), el pleno determin\u00f3 sancionar al PRD con 270 mil 437 pesos y PAN 247 mil 512 pesos, adem\u00e1s a Graciela Salda\u00f1a, otrora candidata a la presidencia Municipal de Benito Ju\u00e1rez en Quintana Roo y a los ex candidatos a diputados por el PRD Jorge Carlos Aguilar, Juli\u00e1n Lara Maldonado y Francisco Gerardo Mora Vallejo con 128 mil 548 pesos, a cada uno y a Oscar Cuellar Labarthe tambi\u00e9n ex candidato con 56 mil 794 pesos.<\/p>\n<p>Como parte del mismo expediente, se sancion\u00f3 a los entonces candidatos a diputado por el PAN Mar\u00eda Trinidad Gracia Arg\u00fcelles y Juli\u00e1n Aguilar Estrada con 151 mil 344 pesos, as\u00ed como a Karla Romero G\u00f3mez con 107 mil 631 pesos y a Sergio Bolio Rosado con 139 mil 881 pesos, por adquisici\u00f3n de tiempos en radio y televisi\u00f3n en los comicios de 2013.<\/p>\n<p>Finalmente, se aprobaron las actas de las sesiones extraordinarias celebradas los d\u00edas 26 de septiembre y 9 de octubre de 2013.<\/p>\n<p><a href=\"http:\/\/www.eloriente.net\/home\/wp-content\/uploads\/2013\/10\/IFE-oficial-eloriente.net_.jpg\"><img loading=\"lazy\" decoding=\"async\" class=\"alignnone size-medium wp-image-17111\" title=\"IFE oficial eloriente.net\" src=\"http:\/\/www.eloriente.net\/home\/wp-content\/uploads\/2013\/10\/IFE-oficial-eloriente.net_-300x200.jpg\" alt=\"\" width=\"300\" height=\"200\" srcset=\"http:\/\/www.eloriente.net\/home\/wp-content\/uploads\/2013\/10\/IFE-oficial-eloriente.net_-300x200.jpg 300w, http:\/\/www.eloriente.net\/home\/wp-content\/uploads\/2013\/10\/IFE-oficial-eloriente.net_-1024x683.jpg 1024w\" sizes=\"(max-width: 300px) 100vw, 300px\" \/><\/a><\/p>\n<p>Foto: IFE<\/p>\n<p style=\"text-align: right;\"><strong>OTRAS ENTRADAS:<\/strong><\/p>\n<p><a title=\"Permalink to \u00bfEres mexicano y eres racista? revisa estos materiales en D\u00eda Nacional contra la Discriminaci\u00f3n\" href=\"http:\/\/www.eloriente.net\/home\/2013\/10\/19\/eres-mexicano-y-eres-racista-revisa-estos-materiales-en-dia-nacional-contra-la-discriminacion\/\" rel=\"bookmark\">\u00bfEres mexicano y eres racista? revisa estos materiales en D\u00eda Nacional contra la Discriminaci\u00f3n<\/a><\/p>\n<p><a href=\"http:\/\/www.eloriente.net\/home\/2013\/10\/19\/eres-mexicano-y-eres-racista-revisa-estos-materiales-en-dia-nacional-contra-la-discriminacion\/\" rel=\"bookmark\"><img decoding=\"async\" title=\"\u00bfEres mexicano y eres racista? revisa estos materiales en D\u00eda Nacional contra la Discriminaci\u00f3n\" src=\"http:\/\/www.eloriente.net\/home\/wp-content\/themes\/city-desk\/timthumb.php?src=http%3A%2F%2Fwww.eloriente.net%2Fhome%2Fwp-content%2Fuploads%2F2013%2F10%2Fportada-el-Secreto-de-Cristina-conapred.jpg&amp;q=90&amp;w=160&amp;h=106&amp;zc=1\" alt=\"\u00bfEres mexicano y eres racista? revisa estos materiales en D\u00eda Nacional contra la Discriminaci\u00f3n\" \/><\/a><\/p>\n<p>eloriente.net 19 de octubre de 2013 Este 19 de octubre se celebra en M\u00e9xico el D\u00eda Nacional contra la Discriminaci\u00f3n, por esa raz\u00f3n te acercamos estos materiales para que aprendamos un poco m\u00e1s sobre este tema tan importante y tan actual en M\u00e9xico y en el mundo. Como lo se\u00f1ala la Comisi\u00f3n Nacional para Prevenir [&#8230;]<\/p>\n<p>October 19, 2013<\/p>\n<div id=\"post-16984\">\n<p><a title=\"Permalink to Con\u00e9ctate y revisa las p\u00e1ginas de internet de 7 Museos de Oaxaca\" href=\"http:\/\/www.eloriente.net\/home\/2013\/10\/16\/conectate-y-revisa-las-paginas-de-internet-de-7-museos-de-oaxaca\/\" rel=\"bookmark\">Con\u00e9ctate y revisa las p\u00e1ginas de internet de 7 Museos de Oaxaca<\/a><\/p>\n<p><a href=\"http:\/\/www.eloriente.net\/home\/2013\/10\/16\/conectate-y-revisa-las-paginas-de-internet-de-7-museos-de-oaxaca\/\" rel=\"bookmark\"><img decoding=\"async\" title=\"Con\u00e9ctate y revisa las p\u00e1ginas de internet de 7 Museos de Oaxaca\" src=\"http:\/\/www.eloriente.net\/home\/wp-content\/themes\/city-desk\/timthumb.php?src=http%3A%2F%2Fwww.eloriente.net%2Fhome%2Fwp-content%2Fuploads%2F2013%2F10%2FP%C3%A1gina-web-mufi.org_.mx-.png&amp;q=90&amp;w=160&amp;h=106&amp;zc=1\" alt=\"Con\u00e9ctate y revisa las p\u00e1ginas de internet de 7 Museos de Oaxaca\" \/><\/a>eloriente.net 16 de octubre de 2013 ELORIENTE.NET es una plataforma. Aqu\u00ed vienen y van datos, personas, instituciones, herramientas, contenido en general, que trae y lleva motivos y razones para transformar positivamente a quien lo lee. Esa es nuestra aspiraci\u00f3n y la raz\u00f3n por la cual hacemos este portal. Tambi\u00e9n por eso, te acercamos 7 p\u00e1ginas [&#8230;]<\/p>\n<p>October 16, 2013<\/p>\n<\/div>\n<div id=\"post-16979\">\n<p><a title=\"Permalink to Crean nuevo mural en Facultad de Idiomas en Puerto Escondido\" href=\"http:\/\/www.eloriente.net\/home\/2013\/10\/16\/crean-nuevo-mural-en-facultad-de-idiomas-en-puerto-escondido\/\" rel=\"bookmark\">Crean nuevo mural en Facultad de Idiomas en Puerto Escondido<\/a><\/p>\n<p><a href=\"http:\/\/www.eloriente.net\/home\/2013\/10\/16\/crean-nuevo-mural-en-facultad-de-idiomas-en-puerto-escondido\/\" rel=\"bookmark\"><img decoding=\"async\" title=\"Crean nuevo mural en Facultad de Idiomas en Puerto Escondido\" src=\"http:\/\/www.eloriente.net\/home\/wp-content\/themes\/city-desk\/timthumb.php?src=http%3A%2F%2Fwww.eloriente.net%2Fhome%2Fwp-content%2Fuploads%2F2013%2F10%2FMural-en-Idiomas-de-Puerto-Escondido-UABJO.jpg&amp;q=90&amp;w=160&amp;h=106&amp;zc=1\" alt=\"Crean nuevo mural en Facultad de Idiomas en Puerto Escondido\" \/><\/a>eloriente.net\/UABJO 16 de octubre de 2013 Integrantes del Colectivo Bicu Yuba, Michel Pineda y Rodrigo V\u00e1squez se trasladaron a la Costa para realizar un taller de stencil, del cual se produjo un mural de 30 metros de longitud del nuevo edificio de la Facultad de Idiomas de la Universidad Aut\u00f3noma \u201cBenito Ju\u00e1rez\u201d de Oaxaca (UABJO) [&#8230;]<\/p>\n<p>October 16, 2013<\/p>\n<\/div>\n\n\t\t\t  <div \n\t\t\t  \tclass = \"fb-comments\" \n\t\t\t  \tdata-href = \"http:\/\/www.eloriente.net\/home\/2013\/10\/24\/ife-acuerda-que-datos-de-domicilio-en-credencial-para-votar-esten-cifrados\/\"\n\t\t\t  \tdata-numposts = \"10\"\n\t\t\t\tdata-colorscheme = \"dark\"\n\t\t\t\tdata-order-by = \"social\"\n\t\t\t\tdata-mobile=true>\n\t\t\t  <\/div>\n\t\t  <style>\n\t\t\t.fb_iframe_widget_fluid_desktop iframe {\n\t\t\t    width: 100% !important;\n\t\t\t}\n\t\t  <\/style>\n\t\t  ","protected":false},"excerpt":{"rendered":"<p>eloriente.net\/IFE 24 de octubre de 2013 Se aprueban modificaciones legales a los estatutos del Partido Acci\u00f3n Nacional El Consejo General del Instituto Federal Electoral (IFE), en sesi\u00f3n extraordinaria, aprob\u00f3 por seis votos a favor y dos en contra -de la Consejera Electoral Mar\u00eda Marv\u00e1n y el Consejero Lorenzo C\u00f3rdova-, que la calle, n\u00famero exterior y [&hellip;]<\/p>\n","protected":false},"author":1,"featured_media":17111,"comment_status":"open","ping_status":"open","sticky":false,"template":"","format":"standard","meta":{"_jetpack_memberships_contains_paid_content":false,"footnotes":""},"categories":[71,32,10,24,31],"tags":[],"class_list":["post-17110","post","type-post","status-publish","format-standard","has-post-thumbnail","hentry","category-elecciones","category-entradas","category-lo-mas-reciente","category-mexico-y-el-mundo","category-principal"],"jetpack_featured_media_url":"http:\/\/www.eloriente.net\/home\/wp-content\/uploads\/2013\/10\/IFE-oficial-eloriente.net_.jpg","jetpack_sharing_enabled":true,"_links":{"self":[{"href":"http:\/\/www.eloriente.net\/home\/wp-json\/wp\/v2\/posts\/17110"}],"collection":[{"href":"http:\/\/www.eloriente.net\/home\/wp-json\/wp\/v2\/posts"}],"about":[{"href":"http:\/\/www.eloriente.net\/home\/wp-json\/wp\/v2\/types\/post"}],"author":[{"embeddable":true,"href":"http:\/\/www.eloriente.net\/home\/wp-json\/wp\/v2\/users\/1"}],"replies":[{"embeddable":true,"href":"http:\/\/www.eloriente.net\/home\/wp-json\/wp\/v2\/comments?post=17110"}],"version-history":[{"count":3,"href":"http:\/\/www.eloriente.net\/home\/wp-json\/wp\/v2\/posts\/17110\/revisions"}],"predecessor-version":[{"id":17115,"href":"http:\/\/www.eloriente.net\/home\/wp-json\/wp\/v2\/posts\/17110\/revisions\/17115"}],"wp:featuredmedia":[{"embeddable":true,"href":"http:\/\/www.eloriente.net\/home\/wp-json\/wp\/v2\/media\/17111"}],"wp:attachment":[{"href":"http:\/\/www.eloriente.net\/home\/wp-json\/wp\/v2\/media?parent=17110"}],"wp:term":[{"taxonomy":"category","embeddable":true,"href":"http:\/\/www.eloriente.net\/home\/wp-json\/wp\/v2\/categories?post=17110"},{"taxonomy":"post_tag","embeddable":true,"href":"http:\/\/www.eloriente.net\/home\/wp-json\/wp\/v2\/tags?post=17110"}],"curies":[{"name":"wp","href":"https:\/\/api.w.org\/{rel}","templated":true}]}}