{"id":17118,"date":"2013-10-24T12:13:52","date_gmt":"2013-10-24T18:13:52","guid":{"rendered":"http:\/\/www.eloriente.net\/home\/?p=17118"},"modified":"2013-10-24T12:29:38","modified_gmt":"2013-10-24T18:29:38","slug":"tolerancia-cero-contra-el-trabajo-infantil-en-oaxaca-organizaciones","status":"publish","type":"post","link":"http:\/\/www.eloriente.net\/home\/2013\/10\/24\/tolerancia-cero-contra-el-trabajo-infantil-en-oaxaca-organizaciones\/","title":{"rendered":"Tolerancia Cero contra el Trabajo Infantil en Oaxaca: Organizaciones"},"content":{"rendered":"<p>eloriente.net\/Observatorio Ciudadano<\/p>\n<p>24 de octubre de 2013<\/p>\n<ul>\n<li>Presenta sociedad civil informe y actividades contra el Trabajo Infantil<\/li>\n<li>Convoca a medios de comunicaci\u00f3n a participar en Taller Internacional a realizarse en Oaxaca en noviembre<\/li>\n<\/ul>\n<p><iframe loading=\"lazy\" src=\"\/\/www.youtube.com\/embed\/2-09b86farY\" frameborder=\"0\" width=\"560\" height=\"315\"><\/iframe><\/p>\n<p>En M\u00e9xico, cerca de 3 millones de ni\u00f1as y ni\u00f1os se encuentran en situaci\u00f3n de trabajo infantil, por lo cual es fundamental que tanto sociedad como gobiernos, redoblemos esfuerzos para cumplir el compromiso internacional de erradicar las peores formas de Trabajo Infantil tanto en M\u00e9xico como en el mundo, previsto para 2016, coincidieron en se\u00f1alar miembros del Observatorio Ciudadano, la Organizaci\u00f3n Internacional del Trabajo y Es Ahora Oaxaca. AC., durante una reuni\u00f3n efectuada con periodistas de la entidad.<\/p>\n<p>Por ello, enfatizaron que es necesario que todos los sectores sociales y econ\u00f3micos declaremos Tolerancia Cero contra el Trabajo Infantil, pues uno de los graves obst\u00e1culos para su erradicaci\u00f3n es que una buena parte de la sociedad califica como \u2018normal\u2019 que ni\u00f1os y ni\u00f1as efect\u00faen actividades laborales.<\/p>\n<p>Guadalupe Zarza Brise\u00f1o, Presidenta del Observatorio Ciudadano para la Evaluaci\u00f3n de Pol\u00edticas de Prevenci\u00f3n contra la Violencia y la Delincuencia, se\u00f1al\u00f3 que el trabajo infantil es un aspecto que impide el sano desarrollo de los ciudadanos de hoy, pero sobre todo de ma\u00f1ana, por lo que es prioritario garantizar vidas libres de violencia y proclives a una mejor educaci\u00f3n y formaci\u00f3n desde las edades m\u00e1s tempranas., por lo que anunci\u00f3 que el Observatorio continuar\u00e1 dando seguimiento puntual a esta problem\u00e1tica.<\/p>\n<p>Por su parte, Lorena Robles, Representante en Oaxaca del Programa Internacional contra la Erradicaci\u00f3n del Trabajo Infantil (IPEC), anunci\u00f3 que el 28 de noviembre de 2013 se realizar\u00e1 en la entidad un Taller impartido por expertos del organismo en Oaxaca, dirigido a medios de comunicaci\u00f3n, dada la importancia del conocimiento y participaci\u00f3n de los medios en la materia. En ese sentido, convoc\u00f3 a los periodistas y comunicadores interesados en participar y registrarse para participar en el Taller.<\/p>\n<p>Juan Pablo Vasconcelos M\u00e9ndez, Presidente de Es Ahora Oaxaca, A.C., hizo un llamado espec\u00edfico a las y los empresarios de Oaxaca para que se comprometan activamente en contra del Trabajo Infantil, as\u00ed como a los padres de familia para que no retiren a sus hijos de las escuelas, a pesar de las condiciones en que se encuentra el sistema educativo de Oaxaca.<\/p>\n<p>Destac\u00f3 durante la reuni\u00f3n, la presentaci\u00f3n que Antonio Manuel L\u00f3pez Morales, representante legal del Centro de Intercambio de Experiencias para el Desarrollo Sustentable, Lubizha, A.C., efectu\u00f3 del Programa de Atenci\u00f3n para prevenir y erradicar el TI en Oaxaca \u201cSue\u00f1os y sonrisas: construyendo arraigo y desarrollo local\u201d, cuyos avances son sustanciales a favor de ni\u00f1as y ni\u00f1os de Oaxaca.<\/p>\n<p>Finalmente, se dio a conocer a los medios de comunicaci\u00f3n los siguientes datos de contacto para efectuar su registro de participaci\u00f3n en el taller de medios convocado:<\/p>\n<p>Correo: <a href=\"mailto:ipec_oaxaca@oit.org.mx\">ipec_oaxaca@oit.org.mx<\/a><\/p>\n<p>Contacto: Lorena Robles Brena<\/p>\n<p>Asimismo se inform\u00f3 que en la cuenta de Twitter del Observatorio Ciudadano @ObsOaxaca tambi\u00e9n se podr\u00e1n pedir informes directos para el mismo efecto.<\/p>\n<p><a href=\"http:\/\/www.eloriente.net\/home\/wp-content\/uploads\/2013\/10\/Conferencia-de-Prensa-Observatorio-OIT.jpg\"><img loading=\"lazy\" decoding=\"async\" class=\"alignnone size-medium wp-image-17119\" title=\"Conferencia de Prensa Observatorio-OIT\" src=\"http:\/\/www.eloriente.net\/home\/wp-content\/uploads\/2013\/10\/Conferencia-de-Prensa-Observatorio-OIT-300x138.jpg\" alt=\"\" width=\"300\" height=\"138\" srcset=\"http:\/\/www.eloriente.net\/home\/wp-content\/uploads\/2013\/10\/Conferencia-de-Prensa-Observatorio-OIT-300x138.jpg 300w, http:\/\/www.eloriente.net\/home\/wp-content\/uploads\/2013\/10\/Conferencia-de-Prensa-Observatorio-OIT.jpg 997w\" sizes=\"(max-width: 300px) 100vw, 300px\" \/><\/a><\/p>\n<p>&nbsp;<\/p>\n<p>Anteriores:<\/p>\n<p><a title=\"Permalink to Acuerdan \u2018obligatorio\u2019 resolver sin dilaci\u00f3n casos judiciales de mujeres, ni\u00f1as y ni\u00f1os\" href=\"http:\/\/www.eloriente.net\/home\/2013\/09\/23\/acuerdan-obligatorio-resolver-sin-dilacion-casos-judiciales-de-mujeres-ninas-y-ninos\/\" rel=\"bookmark\">Acuerdan \u2018obligatorio\u2019 resolver sin dilaci\u00f3n casos judiciales de mujeres, ni\u00f1as y ni\u00f1os<\/a><\/p>\n<p>eloriente.net\/Tribunal Superior de Justicia de Oaxaca 23 de septiembre de 2013 A trav\u00e9s de un Acuerdo General establece que el personal jurisdiccional debe acatar, con car\u00e1cter obligatorio, lo establecido en la Alerta Temprana 05\/2013 El Poder Judicial \u00a0del Estado da pasos importantes en el cumplimiento de las obligaciones establecidas en la Constituci\u00f3n y los tratados [&#8230;]<\/p>\n<p>September 23, 2013<\/p>\n<div id=\"post-16528\">\n<p><a title=\"Permalink to Observatorio Ciudadano publica reporte sobre Trabajo Infantil\" href=\"http:\/\/www.eloriente.net\/home\/2013\/09\/20\/observatorio-ciudadano-publica-reporte-sobre-trabajo-infantil\/\" rel=\"bookmark\">Observatorio Ciudadano publica reporte sobre Trabajo Infantil<\/a><\/p>\n<p><a href=\"http:\/\/www.eloriente.net\/home\/2013\/09\/20\/observatorio-ciudadano-publica-reporte-sobre-trabajo-infantil\/\" rel=\"bookmark\"><img decoding=\"async\" title=\"Observatorio Ciudadano publica reporte sobre Trabajo Infantil\" src=\"http:\/\/www.eloriente.net\/home\/wp-content\/themes\/city-desk\/timthumb.php?src=http%3A%2F%2Fwww.eloriente.net%2Fhome%2Fwp-content%2Fuploads%2F2013%2F09%2FPUBLICACI%C3%93N-OBSERVATORIOseptiembre.jpg&amp;q=90&amp;w=160&amp;h=106&amp;zc=1\" alt=\"Observatorio Ciudadano publica reporte sobre Trabajo Infantil\" \/><\/a>eloriente.net 20 de septiembre de 2013 eloriente.net (Oaxaca, Oax.) 20 de septiembre de 2013.- Como ha venido realizando desde hace m\u00e1s de un a\u00f1o, el Observatorio Ciudadano para la Evaluaci\u00f3n de Pol\u00edticas de Prevenci\u00f3n contra la Violencia y la Delincuencia del estado de Oaxaca, puso a disposici\u00f3n de la ciudadan\u00eda un nuevo n\u00famero de su [&#8230;]<\/p>\n<p>September 20, 2013<\/p>\n<\/div>\n\n\t\t\t  <div \n\t\t\t  \tclass = \"fb-comments\" \n\t\t\t  \tdata-href = \"http:\/\/www.eloriente.net\/home\/2013\/10\/24\/tolerancia-cero-contra-el-trabajo-infantil-en-oaxaca-organizaciones\/\"\n\t\t\t  \tdata-numposts = \"10\"\n\t\t\t\tdata-colorscheme = \"dark\"\n\t\t\t\tdata-order-by = \"social\"\n\t\t\t\tdata-mobile=true>\n\t\t\t  <\/div>\n\t\t  <style>\n\t\t\t.fb_iframe_widget_fluid_desktop iframe {\n\t\t\t    width: 100% !important;\n\t\t\t}\n\t\t  <\/style>\n\t\t  ","protected":false},"excerpt":{"rendered":"<p>eloriente.net\/Observatorio Ciudadano 24 de octubre de 2013 Presenta sociedad civil informe y actividades contra el Trabajo Infantil Convoca a medios de comunicaci\u00f3n a participar en Taller Internacional a realizarse en Oaxaca en noviembre En M\u00e9xico, cerca de 3 millones de ni\u00f1as y ni\u00f1os se encuentran en situaci\u00f3n de trabajo infantil, por lo cual es fundamental [&hellip;]<\/p>\n","protected":false},"author":1,"featured_media":17119,"comment_status":"open","ping_status":"open","sticky":false,"template":"","format":"standard","meta":{"_jetpack_memberships_contains_paid_content":false,"footnotes":""},"categories":[22,32,63,10,31],"tags":[],"class_list":["post-17118","post","type-post","status-publish","format-standard","has-post-thumbnail","hentry","category-derechos-humanos","category-entradas","category-estados","category-lo-mas-reciente","category-principal"],"jetpack_featured_media_url":"http:\/\/www.eloriente.net\/home\/wp-content\/uploads\/2013\/10\/Conferencia-de-Prensa-Observatorio-OIT.jpg","jetpack_sharing_enabled":true,"_links":{"self":[{"href":"http:\/\/www.eloriente.net\/home\/wp-json\/wp\/v2\/posts\/17118"}],"collection":[{"href":"http:\/\/www.eloriente.net\/home\/wp-json\/wp\/v2\/posts"}],"about":[{"href":"http:\/\/www.eloriente.net\/home\/wp-json\/wp\/v2\/types\/post"}],"author":[{"embeddable":true,"href":"http:\/\/www.eloriente.net\/home\/wp-json\/wp\/v2\/users\/1"}],"replies":[{"embeddable":true,"href":"http:\/\/www.eloriente.net\/home\/wp-json\/wp\/v2\/comments?post=17118"}],"version-history":[{"count":3,"href":"http:\/\/www.eloriente.net\/home\/wp-json\/wp\/v2\/posts\/17118\/revisions"}],"predecessor-version":[{"id":17125,"href":"http:\/\/www.eloriente.net\/home\/wp-json\/wp\/v2\/posts\/17118\/revisions\/17125"}],"wp:featuredmedia":[{"embeddable":true,"href":"http:\/\/www.eloriente.net\/home\/wp-json\/wp\/v2\/media\/17119"}],"wp:attachment":[{"href":"http:\/\/www.eloriente.net\/home\/wp-json\/wp\/v2\/media?parent=17118"}],"wp:term":[{"taxonomy":"category","embeddable":true,"href":"http:\/\/www.eloriente.net\/home\/wp-json\/wp\/v2\/categories?post=17118"},{"taxonomy":"post_tag","embeddable":true,"href":"http:\/\/www.eloriente.net\/home\/wp-json\/wp\/v2\/tags?post=17118"}],"curies":[{"name":"wp","href":"https:\/\/api.w.org\/{rel}","templated":true}]}}