{"id":17122,"date":"2013-10-24T10:19:15","date_gmt":"2013-10-24T16:19:15","guid":{"rendered":"http:\/\/www.eloriente.net\/home\/?p=17122"},"modified":"2013-10-24T12:22:43","modified_gmt":"2013-10-24T18:22:43","slug":"me-voy-a-la-cumbre-1millon-de-jovenes-por-mexico","status":"publish","type":"post","link":"http:\/\/www.eloriente.net\/home\/2013\/10\/24\/me-voy-a-la-cumbre-1millon-de-jovenes-por-mexico\/","title":{"rendered":"Me voy a la Cumbre \u201c1mill\u00f3n de j\u00f3venes por M\u00e9xico\u201d"},"content":{"rendered":"<p>eloriente.net<\/p>\n<p>24 de octubre de 2013<\/p>\n<p style=\"text-align: right\">Por: <a href=\"http:\/\/www.eloriente.net\/home\/category\/colaboradores\/alejandra-silva-soriano\/\" target=\"_blank\">Alejandra Silva Soriano<\/a><\/p>\n<p>Mis querid\u00edsimos lectores, les comparto que en estos momentos me dirijo a Quer\u00e9taro, porque tengo el verdadero honor de haber sido seleccionada como una de las representantes de Oaxaca que participar\u00e1n en la Cumbre \u201c1mill\u00f3n de j\u00f3venes por M\u00e9xico\u201d, la cual, reunir\u00e1 a los l\u00edderes juveniles de todo el pa\u00eds para crear sinergias y construir un mejor lugar para vivir.<\/p>\n<p>Un mill\u00f3n de j\u00f3venes por M\u00e9xico, es una red nacional de j\u00f3venes con presencia en las 40 principales ciudades de M\u00e9xico que mantiene una interlocuci\u00f3n eficaz con el gobierno para impulsar una agenda a favor de la juventud mexicana, independientemente de los intereses partidistas.<\/p>\n<p>Participaremos j\u00f3venes mexicanos de entre 16 y 35 a\u00f1os, que tenemos un proyecto de alto impacto en el pa\u00eds. Dentro de los actores sociales que iremos a la cumbre se encuentran funcionarios de gobierno, representantes de partidos pol\u00edticos, l\u00edderes estudiantiles, empresarios, emprendedores o actores de la sociedad civil.<\/p>\n<p>Habr\u00e1 una gran diversidad de temas, tales como Seguridad Democr\u00e1tica y Estado de Derecho, Educaci\u00f3n de Calidad, Desarrollo Econ\u00f3mico y Sustentabilidad,\u00a0 Cohesi\u00f3n Social e Identidad, Gobernabilidad, Democracia y Sociedad Civil<\/p>\n<p>Este ser\u00e1 un espacio en el que nos reuniremos con reconocidos expertos, acad\u00e9micos, empresarios, pol\u00edticos y l\u00edderes mundiales, en conferencias magistrales y talleres vivenciales que fortalecer\u00e1n nuestras habilidades para que los proyectos sociales que estamos desarrollando tengan mayor impacto.<\/p>\n<p>\u00a1Enhorabuena! Es un orgullo ENORME, pero sobre todo una gran responsabilidad, ser considerada una joven l\u00edder de mi estado. La pr\u00f3xima semana les cuento qu\u00e9 tal se puso. Les mando abrazos grandes. Dios nos bendiga mucho.<\/p>\n<p>&nbsp;<\/p>\n<p>Entradas Anteriores:<\/p>\n<p><a title=\"Permalink to D\u00eda Internacional de la Ni\u00f1a: Hay 40.4 millones de ni\u00f1as, ni\u00f1os y adolescentes en M\u00e9xico: INEGI\" href=\"http:\/\/www.eloriente.net\/home\/2013\/10\/11\/dia-internacional-de-la-nina-hay-40-4-millones-de-ninas-ninos-y-adolescentes-en-mexico-inegi\/\" rel=\"bookmark\">D\u00eda Internacional de la Ni\u00f1a: Hay 40.4 millones de ni\u00f1as, ni\u00f1os y adolescentes en M\u00e9xico: INEGI<\/a><\/p>\n<p><a href=\"http:\/\/www.eloriente.net\/home\/2013\/10\/11\/dia-internacional-de-la-nina-hay-40-4-millones-de-ninas-ninos-y-adolescentes-en-mexico-inegi\/\" rel=\"bookmark\"><img decoding=\"async\" src=\"http:\/\/www.eloriente.net\/home\/wp-content\/themes\/city-desk\/timthumb.php?src=http%3A%2F%2Fwww.eloriente.net%2Fhome%2Fwp-content%2Fuploads%2F2013%2F10%2FNi%C3%B1a-de-Sapa-Algunos-derechos-reservados-por-Galateina.jpg&amp;q=90&amp;w=160&amp;h=106&amp;zc=1\" alt=\"D\u00eda Internacional de la Ni\u00f1a: Hay 40.4 millones de ni\u00f1as, ni\u00f1os y adolescentes en M\u00e9xico: INEGI\" \/><\/a><\/p>\n<p>eloriente.net 11 de octubre de 2013 Por: Informe Especial del Instituto Nacional de Estad\u00edstica y Geograf\u00eda (INEGI) para el D\u00eda Internacional de la Ni\u00f1a 2013 Las proyecciones de poblaci\u00f3n indican que en M\u00e9xico, en 2013, hay 19.8 millones de ni\u00f1as y adolescentes menores de 18 a\u00f1os, lo que representa 49% del total de poblaci\u00f3n en [&#8230;]<\/p>\n<p>October 11, 2013<\/p>\n<div>\n<p><a title=\"Permalink to UABJO y Banco Santander convocan a Becas de Movilidad Acad\u00e9mica\" href=\"http:\/\/www.eloriente.net\/home\/2013\/10\/09\/uabjo-y-banco-santander-convocan-a-becas-de-movilidad-academica\/\" rel=\"bookmark\">UABJO y Banco Santander convocan a Becas de Movilidad Acad\u00e9mica<\/a><\/p>\n<p><a href=\"http:\/\/www.eloriente.net\/home\/2013\/10\/09\/uabjo-y-banco-santander-convocan-a-becas-de-movilidad-academica\/\" rel=\"bookmark\"><img decoding=\"async\" src=\"http:\/\/www.eloriente.net\/home\/wp-content\/themes\/city-desk\/timthumb.php?src=http%3A%2F%2Fwww.eloriente.net%2Fhome%2Fwp-content%2Fuploads%2F2013%2F10%2FBAnco-Santander-Investigacion-UABJO-eloriente.net_.jpg&amp;q=90&amp;w=160&amp;h=106&amp;zc=1\" alt=\"UABJO y Banco Santander convocan a Becas de Movilidad Acad\u00e9mica\" \/><\/a>eloriente.net 9 de octubre de 2013 La Universidad\u00a0 Aut\u00f3noma \u201cBenito Ju\u00e1rez\u201d de Oaxaca (UABJO), a trav\u00e9s del\u00a0 Banco Santander, por medio del Plan de Apoyo a la Educaci\u00f3n Superior, Santander Universidades apoya la colaboraci\u00f3n acad\u00e9mica internacional de profesores e investigadores mexicanos con sus hom\u00f3logos en los pa\u00edses de Iberoam\u00e9rica y les convoca a concursar para [&#8230;]<\/p>\n<p>October 9, 2013<\/p>\n<\/div>\n<div>\n<p><a title=\"Permalink to Derechos Humanos en Oaxaca compromete estudio sobre pueblos en defensa del agua\" href=\"http:\/\/www.eloriente.net\/home\/2013\/10\/09\/derechos-humanos-en-oaxaca-compromete-estudio-sobre-pueblos-en-defensa-del-agua\/\" rel=\"bookmark\">Derechos Humanos en Oaxaca compromete estudio sobre pueblos en defensa del agua<\/a><\/p>\n<p><a href=\"http:\/\/www.eloriente.net\/home\/2013\/10\/09\/derechos-humanos-en-oaxaca-compromete-estudio-sobre-pueblos-en-defensa-del-agua\/\" rel=\"bookmark\"><img decoding=\"async\" src=\"http:\/\/www.eloriente.net\/home\/wp-content\/themes\/city-desk\/timthumb.php?src=http%3A%2F%2Fwww.eloriente.net%2Fhome%2Fwp-content%2Fuploads%2F2013%2F10%2FTemplo-de-Zimatla%CC%81n-Atribucio%CC%81nCompartir-bajo-la-misma-licencia-Algunos-derechos-reservados-por-no-rain-corp.-.jpg&amp;q=90&amp;w=160&amp;h=106&amp;zc=1\" alt=\"Derechos Humanos en Oaxaca compromete estudio sobre pueblos en defensa del agua\" \/><\/a>eloriente.net\/DDHPO* 9 de octubre de 2013 La Defensor\u00eda de los Derechos Humanos del Pueblo de Oaxaca (DDHPO) celebra que comunidades ind\u00edgenas zapotecas \u00a0de los distritos de Ocotl\u00e1n de Morelos \u00a0y Zimatl\u00e1n de \u00c1lvarez, en la regi\u00f3n de Valles Centrales, \u00a0\u00a0hayan obtenido una resoluci\u00f3n a su favor del Tribunal Colegiado en Materia Administrativa del Primer Circuito, [&#8230;]<\/p>\n<p>October 9, 2013<\/p>\n<\/div>\n\n\t\t\t  <div \n\t\t\t  \tclass = \"fb-comments\" \n\t\t\t  \tdata-href = \"http:\/\/www.eloriente.net\/home\/2013\/10\/24\/me-voy-a-la-cumbre-1millon-de-jovenes-por-mexico\/\"\n\t\t\t  \tdata-numposts = \"10\"\n\t\t\t\tdata-colorscheme = \"dark\"\n\t\t\t\tdata-order-by = \"social\"\n\t\t\t\tdata-mobile=true>\n\t\t\t  <\/div>\n\t\t  <style>\n\t\t\t.fb_iframe_widget_fluid_desktop iframe {\n\t\t\t    width: 100% !important;\n\t\t\t}\n\t\t  <\/style>\n\t\t  ","protected":false},"excerpt":{"rendered":"<p>eloriente.net 24 de octubre de 2013 Por: Alejandra Silva Soriano Mis querid\u00edsimos lectores, les comparto que en estos momentos me dirijo a Quer\u00e9taro, porque tengo el verdadero honor de haber sido seleccionada como una de las representantes de Oaxaca que participar\u00e1n en la Cumbre \u201c1mill\u00f3n de j\u00f3venes por M\u00e9xico\u201d, la cual, reunir\u00e1 a los l\u00edderes [&hellip;]<\/p>\n","protected":false},"author":20,"featured_media":0,"comment_status":"open","ping_status":"open","sticky":false,"template":"","format":"standard","meta":{"_jetpack_memberships_contains_paid_content":false,"footnotes":""},"categories":[72,11,32,16,10],"tags":[],"class_list":["post-17122","post","type-post","status-publish","format-standard","hentry","category-alejandra-silva-soriano","category-colaboradores","category-entradas","category-salud-y-estilo-de-vida","category-lo-mas-reciente"],"jetpack_featured_media_url":"","jetpack_sharing_enabled":true,"_links":{"self":[{"href":"http:\/\/www.eloriente.net\/home\/wp-json\/wp\/v2\/posts\/17122"}],"collection":[{"href":"http:\/\/www.eloriente.net\/home\/wp-json\/wp\/v2\/posts"}],"about":[{"href":"http:\/\/www.eloriente.net\/home\/wp-json\/wp\/v2\/types\/post"}],"author":[{"embeddable":true,"href":"http:\/\/www.eloriente.net\/home\/wp-json\/wp\/v2\/users\/20"}],"replies":[{"embeddable":true,"href":"http:\/\/www.eloriente.net\/home\/wp-json\/wp\/v2\/comments?post=17122"}],"version-history":[{"count":1,"href":"http:\/\/www.eloriente.net\/home\/wp-json\/wp\/v2\/posts\/17122\/revisions"}],"predecessor-version":[{"id":17123,"href":"http:\/\/www.eloriente.net\/home\/wp-json\/wp\/v2\/posts\/17122\/revisions\/17123"}],"wp:attachment":[{"href":"http:\/\/www.eloriente.net\/home\/wp-json\/wp\/v2\/media?parent=17122"}],"wp:term":[{"taxonomy":"category","embeddable":true,"href":"http:\/\/www.eloriente.net\/home\/wp-json\/wp\/v2\/categories?post=17122"},{"taxonomy":"post_tag","embeddable":true,"href":"http:\/\/www.eloriente.net\/home\/wp-json\/wp\/v2\/tags?post=17122"}],"curies":[{"name":"wp","href":"https:\/\/api.w.org\/{rel}","templated":true}]}}