{"id":17137,"date":"2013-10-25T00:26:05","date_gmt":"2013-10-25T06:26:05","guid":{"rendered":"http:\/\/www.eloriente.net\/home\/?p=17137"},"modified":"2013-10-24T18:29:25","modified_gmt":"2013-10-25T00:29:25","slug":"ninas-y-ninos-su-explotacion-natural","status":"publish","type":"post","link":"http:\/\/www.eloriente.net\/home\/2013\/10\/25\/ninas-y-ninos-su-explotacion-natural\/","title":{"rendered":"Ni\u00f1as y ni\u00f1os, su explotaci\u00f3n natural"},"content":{"rendered":"<p>eloriente.net<\/p>\n<p>25 de octubre de 2013<\/p>\n<p style=\"text-align: right\">Por: Juan Pablo Vasconcelos*<\/p>\n<p><strong>Ni\u00f1as y ni\u00f1os, su explotaci\u00f3n natural<\/strong><\/p>\n<p>Por fortuna para la reputaci\u00f3n de las y los mexicanos, en el pa\u00eds s\u00f3lo hay 3 millones de ni\u00f1as y ni\u00f1os en situaci\u00f3n de trabajo infantil. El historiador, dir\u00eda que hay otros malestares en el mundo a\u00fan m\u00e1s graves (la ca\u00edda de Constantinopla o el deceso inexplicable de Esquilo), como para andar perdiendo con estas cifras la \u201cvisi\u00f3n panor\u00e1mica del curso general de los acontecimientos\u201d. El pol\u00edtico, esquivar\u00eda diciendo que el consenso sobre la cifra del trabajo infantil es dudosa y en todo caso producto de un sistema en descomposici\u00f3n, que \u201ctodos deseamos cambiar sin demora\u201d. El padre de familia, responder\u00eda que el trabajo es sagrado y por lo tanto sus valores deben ser inculcados desde temprana edad: \u201cLa vida es dura y los ni\u00f1os deben saberlo y sufrirlo en carne propia y pelearse con la vida desde que son ni\u00f1os\u201d.<\/p>\n<p>Pero aunque pudieran hacerlo, ni el historiador, ni el pol\u00edtico, ni el padre dir\u00e1n nada de lo escrito, pues el trabajo infantil es cosa tan natural en nuestras ciudades que no causa sorpresa, condena o necesidad de justificante alguno.<\/p>\n<p>Es posible que a menos de cien metros a la redonda, una ni\u00f1a o un ni\u00f1o, vecino tuyo, hija como tu, hijo como tu padre, est\u00e9n siendo explotados laboralmente, retirados de los centros escolares, ocupados como peones y tratados como los adultos que no son.<\/p>\n<p>No es normal, no es natural, no son esclavos. Por eso, hablando como hombres o como mujeres, \u00bfqu\u00e9 piensas t\u00fa de los 400 mil ni\u00f1os que son jornaleros agr\u00edcolas en el pa\u00eds? \u00bfqu\u00e9, del 1.2 millones que no asiste a la escuela por trabajar a cambio? \u00bfqu\u00e9 pensamos nosotros de nosotros mismos si no hacemos nada por transformar esta situaci\u00f3n?<\/p>\n<p>El sabio (Confucio) dir\u00eda: \u201cContr\u00f3late a ti mismo hasta en tu casa; no hagas, ni a\u00fan en el lugar m\u00e1s secreto nada de lo que puedas avergonzarte\u201d.<\/p>\n<p>&nbsp;<\/p>\n<p><strong>Correo: direcciongeneral@eloriente.net<\/strong><\/p>\n<p><strong>*El Autor es Magister en Gesti\u00f3n Cultural por el Instituto Jos\u00e9 Ortega y Gasset<\/strong><\/p>\n<p>&nbsp;<\/p>\n<p><strong>Otras Entradas:<\/strong><\/p>\n<div>\n<p><a title=\"Permalink to Tolerancia Cero contra el Trabajo Infantil en Oaxaca: Organizaciones\" href=\"http:\/\/www.eloriente.net\/home\/2013\/10\/24\/tolerancia-cero-contra-el-trabajo-infantil-en-oaxaca-organizaciones\/\" rel=\"bookmark\">Tolerancia Cero contra el Trabajo Infantil en Oaxaca: Organizaciones<\/a><\/p>\n<p><a href=\"http:\/\/www.eloriente.net\/home\/2013\/10\/24\/tolerancia-cero-contra-el-trabajo-infantil-en-oaxaca-organizaciones\/\" rel=\"bookmark\"><img decoding=\"async\" src=\"http:\/\/www.eloriente.net\/home\/wp-content\/themes\/city-desk\/timthumb.php?src=http%3A%2F%2Fwww.eloriente.net%2Fhome%2Fwp-content%2Fuploads%2F2013%2F10%2FConferencia-de-Prensa-Observatorio-OIT.jpg&amp;q=90&amp;w=160&amp;h=106&amp;zc=1\" alt=\"Tolerancia Cero contra el Trabajo Infantil en Oaxaca: Organizaciones\" \/><\/a>eloriente.net\/Observatorio Ciudadano 24 de octubre de 2013 Presenta sociedad civil informe y actividades contra el Trabajo Infantil Convoca a medios de comunicaci\u00f3n a participar en Taller Internacional a realizarse en Oaxaca en noviembre En M\u00e9xico, cerca de 3 millones de ni\u00f1as y ni\u00f1os se encuentran en situaci\u00f3n de trabajo infantil, por lo cual es fundamental [&#8230;]<\/p>\n<p>October 24, 2013<\/p>\n<\/div>\n<div>\n<p><a title=\"Permalink to Me voy a la Cumbre \u201c1mill\u00f3n de j\u00f3venes por M\u00e9xico\u201d\" href=\"http:\/\/www.eloriente.net\/home\/2013\/10\/24\/me-voy-a-la-cumbre-1millon-de-jovenes-por-mexico\/\" rel=\"bookmark\">Me voy a la Cumbre \u201c1mill\u00f3n de j\u00f3venes por M\u00e9xico\u201d<\/a><\/p>\n<p>eloriente.net 24 de octubre de 2013 Por: Alejandra Silva Soriano Mis querid\u00edsimos lectores, les comparto que en estos momentos me dirijo a Quer\u00e9taro, porque tengo el verdadero honor de haber sido seleccionada como una de las representantes de Oaxaca que participar\u00e1n en la Cumbre \u201c1mill\u00f3n de j\u00f3venes por M\u00e9xico\u201d, la cual, reunir\u00e1 a los l\u00edderes [&#8230;]<\/p>\n<p>October 24, 2013<\/p>\n<\/div>\n<p><a title=\"Permalink to Trabajo Infantil: Demos una oportunidad a las ni\u00f1as\" href=\"http:\/\/www.eloriente.net\/home\/2013\/10\/23\/trabajo-infantil-demos-una-oportunidad-a-las-ninas\/\" rel=\"bookmark\">Trabajo Infantil: Demos una oportunidad a las ni\u00f1as<\/a><\/p>\n<p>eloriente.net\/Hub Oaxaca 23 de octubre de 2013 Por: Hub Oaxaca Las estimaciones mundiales m\u00e1s recientes de la OIT sobre la magnitud del trabajo\u00a0infantil indicaban que exist\u00edan m\u00e1s de 100 millones de ni\u00f1as trabajadoras.\u00a0Estas ni\u00f1as\u00a0representan aproximadamente el 46 por ciento de todos los ni\u00f1os que trabajan.\u00a0Se calculaba que unos 53 millones de ni\u00f1as realizaban\u00a0trabajos peligrosos,identificados como [&#8230;]<\/p>\n<p>October 23, 2013<\/p>\n<p>&nbsp;<\/p>\n<p>&nbsp;<\/p>\n\n\t\t\t  <div \n\t\t\t  \tclass = \"fb-comments\" \n\t\t\t  \tdata-href = \"http:\/\/www.eloriente.net\/home\/2013\/10\/25\/ninas-y-ninos-su-explotacion-natural\/\"\n\t\t\t  \tdata-numposts = \"10\"\n\t\t\t\tdata-colorscheme = \"dark\"\n\t\t\t\tdata-order-by = \"social\"\n\t\t\t\tdata-mobile=true>\n\t\t\t  <\/div>\n\t\t  <style>\n\t\t\t.fb_iframe_widget_fluid_desktop iframe {\n\t\t\t    width: 100% !important;\n\t\t\t}\n\t\t  <\/style>\n\t\t  ","protected":false},"excerpt":{"rendered":"<p>eloriente.net 25 de octubre de 2013 Por: Juan Pablo Vasconcelos* Ni\u00f1as y ni\u00f1os, su explotaci\u00f3n natural Por fortuna para la reputaci\u00f3n de las y los mexicanos, en el pa\u00eds s\u00f3lo hay 3 millones de ni\u00f1as y ni\u00f1os en situaci\u00f3n de trabajo infantil. El historiador, dir\u00eda que hay otros malestares en el mundo a\u00fan m\u00e1s graves [&hellip;]<\/p>\n","protected":false},"author":13,"featured_media":0,"comment_status":"open","ping_status":"open","sticky":false,"template":"","format":"standard","meta":{"_jetpack_memberships_contains_paid_content":false,"footnotes":""},"categories":[11,22,32,54,10],"tags":[],"class_list":["post-17137","post","type-post","status-publish","format-standard","hentry","category-colaboradores","category-derechos-humanos","category-entradas","category-juan-pablo-vasconcelos","category-lo-mas-reciente"],"jetpack_featured_media_url":"","jetpack_sharing_enabled":true,"_links":{"self":[{"href":"http:\/\/www.eloriente.net\/home\/wp-json\/wp\/v2\/posts\/17137"}],"collection":[{"href":"http:\/\/www.eloriente.net\/home\/wp-json\/wp\/v2\/posts"}],"about":[{"href":"http:\/\/www.eloriente.net\/home\/wp-json\/wp\/v2\/types\/post"}],"author":[{"embeddable":true,"href":"http:\/\/www.eloriente.net\/home\/wp-json\/wp\/v2\/users\/13"}],"replies":[{"embeddable":true,"href":"http:\/\/www.eloriente.net\/home\/wp-json\/wp\/v2\/comments?post=17137"}],"version-history":[{"count":1,"href":"http:\/\/www.eloriente.net\/home\/wp-json\/wp\/v2\/posts\/17137\/revisions"}],"predecessor-version":[{"id":17138,"href":"http:\/\/www.eloriente.net\/home\/wp-json\/wp\/v2\/posts\/17137\/revisions\/17138"}],"wp:attachment":[{"href":"http:\/\/www.eloriente.net\/home\/wp-json\/wp\/v2\/media?parent=17137"}],"wp:term":[{"taxonomy":"category","embeddable":true,"href":"http:\/\/www.eloriente.net\/home\/wp-json\/wp\/v2\/categories?post=17137"},{"taxonomy":"post_tag","embeddable":true,"href":"http:\/\/www.eloriente.net\/home\/wp-json\/wp\/v2\/tags?post=17137"}],"curies":[{"name":"wp","href":"https:\/\/api.w.org\/{rel}","templated":true}]}}