{"id":17153,"date":"2013-10-25T13:18:06","date_gmt":"2013-10-25T19:18:06","guid":{"rendered":"http:\/\/www.eloriente.net\/home\/?p=17153"},"modified":"2013-10-29T22:10:20","modified_gmt":"2013-10-30T04:10:20","slug":"en-memoria-de-alfonso-calvo-cuevas","status":"publish","type":"post","link":"http:\/\/www.eloriente.net\/home\/2013\/10\/25\/en-memoria-de-alfonso-calvo-cuevas\/","title":{"rendered":"En Memoria de Alfonso Calvo Cuevas"},"content":{"rendered":"<p>eloriente.net<\/p>\n<p>25 de octubre de 2013<\/p>\n<p>La madrugada de este d\u00eda se dio a conocer el fallecimiento de Don Alfonso Calvo Cuevas, ser humano muy apreciado en Oaxaca. De ah\u00ed, que el Cronista de la Ciudad nos hiciera llegar este texto de su autor\u00eda, parte de su colecci\u00f3n de escritos: \u00abPersonajes de Oaxaca\u00bb.<\/p>\n<p style=\"text-align: right;\"><strong>Por: Rub\u00e9n Vasconcelos Beltr\u00e1n<\/strong><\/p>\n<p>Alfonso Calvo Cuevas\u00a0fue presidente de la Asociaci\u00f3n de Empresarios y Ejecutivos de Oaxaca los \u00faltimos cuatro a\u00f1os y los resultados de su gesti\u00f3n est\u00e1n a la vista. Cada semana se re\u00fane el grupo a comentar los asuntos que m\u00e1s impactan a la sociedad en ese momento, y para ello invitan a alg\u00fan socio o persona que conozca del tema. En este per\u00edodo se cont\u00f3 con la asistencia de poco m\u00e1s de 150 invitados, que hablaron de la Historia de M\u00e9xico y, Oaxaca, de cuestiones de car\u00e1cter cultural, fiscal, de pol\u00edtica administrativa, financiera, ecolog\u00eda, nuevos cultivos, padecimientos frecuentes en el hombre y la mujer, en fin, temas variados que permitieron a los socios conocerse mejor a s\u00ed mismos y su entorno.<\/p>\n<p>Don Alfonso naci\u00f3 en el Barrio del Sol en 1933, en la esquina de M\u00e1rtires de Tacubaya y Abasolo. Su padre, Alfonso A. Calvo M\u00e9ndez, se dedic\u00f3 a la tenedur\u00eda de libros, tuvo una imprenta, tambi\u00e9n una talabarter\u00eda, a la industria de la construcci\u00f3n y al turismo, pues fue propietario del famoso Hotel Modelo, en la parte oriente del Z\u00f3calo, donde hoy est\u00e1 el restaurante Terranova.<\/p>\n<p style=\"text-align: left;\"><strong>\u00a0ESTUDIOS<\/strong><\/p>\n<p>Alfonso Calvo estudi\u00f3 la primaria en la escuela Uni\u00f3n y Progreso, y en la Gral. Porfirio D\u00edaz, cuyo director era el ameritado maestro Alfonso Pacheco Arango, conductor de muchas generaciones, llegando a ser director de la Escuela Normal, cuando funcionaba en el edificio del actual Palacio Municipal.<\/p>\n<p>Al concluir su instrucci\u00f3n primaria, Alfonso ingres\u00f3 al Instituto Centroam\u00e9rica de los salesianos, en la Ciudad de M\u00e9xico. Posteriormente curs\u00f3 la carrera de contador privado en la Escuela Bancaria y Comercial, y fue entonces cuando tom\u00f3 su primer curso de electr\u00f3nica, que en los a\u00f1os por venir lo volvieron famoso, porque instal\u00f3 un taller llamado Radio Marconi, en la 1\u00aa calle de Trujano, para la venta, reparaci\u00f3n y servicio de radios.<\/p>\n<p><strong>SU VIDA EN LOS NEGOCIOS<\/strong><\/p>\n<p>En ese entonces era casi obligado que cualquier persona con un negocio, se inscribiese en la C\u00e1mara de Comercio, que era la agrupaci\u00f3n m\u00e1s poderosa de la iniciativa privada y que ofrec\u00eda orientaci\u00f3n y apoyo a sus agremiados en cuanto a conseguir contactos comerciales, nuevos negocios, problemas de car\u00e1cter fiscal, financiero, entre otros. Cuando se promovi\u00f3 la instalaci\u00f3n de delegaciones en distintas regiones del estado, la agrupaci\u00f3n se hizo aun m\u00e1s fuerte, por lo que las diferentes instancias de gobierno la tomaban muy en cuenta para decidir lo que deb\u00eda de hacerse en la ciudad y en toda la entidad.<\/p>\n<p><strong>SU PARTICIPACI\u00d3N EN LA VIDA SOCIAL<\/strong><\/p>\n<p>Don Alfonso Calvo ingres\u00f3 a la C\u00e1mara de Comercio, y su juventud, su don de gentes y su actitud siempre positiva, le vali\u00f3 ocupar algunos puestos en la directiva de la instituci\u00f3n hasta llegar a ser presidente en el periodo 1972-1973. Era una \u00e9poca dif\u00edcil porque la SHCP trat\u00f3 de aplicar auditor\u00edas masivas en todo el estado, lo cual orill\u00f3 al comercio organizado que encabezaba la C\u00e1mara de Comercio, apoyada por la Asociaci\u00f3n de Ejecutivos de Ventas y Mercadotecnia y la Federaci\u00f3n de Mercados, a determinar un cierre total. Ello motiv\u00f3 la visita del Subsecretario de Ingresos de la SHCP, licenciado Gustavo Petriccholi, con quien se firm\u00f3 un acuerdo de suspensi\u00f3n de las auditor\u00edas. El vicepresidente de la agrupaci\u00f3n era Gilberto Trujillo; el secretario, Antonio Harp y el tesorero, \u00c1ngel Bello, y como gerente, Vicente Prieto.<\/p>\n<p>En 1969-70, don Alfonso fue presidente de la Asociaci\u00f3n de Ejecutivos de Ventas y Mercadotecnia, sustituyendo a Luis Felipe Gonz\u00e1lez. Tambi\u00e9n fue presidente del Centro Patronal, cuyo primer presidente fue Juan Jos\u00e9 Guti\u00e9rrez Ruiz\u00a0y luego Nicol\u00e1s Monteagudo Ch\u00e1vez. Todo esto le permiti\u00f3 ampliar mucho sus relaciones comerciales y pol\u00edticas, pero nunca dej\u00f3 sus negocios, por el contrario, abri\u00f3 en la calle de Trujano 102, una muebler\u00eda, para luego dedicarse a fabricar radio transmisores de comunicaci\u00f3n, en sociedad con Ra\u00fal Fern\u00e1ndez Fern\u00e1ndez, otro hombre de empresa que se dedicaba b\u00e1sicamente al transporte de combustibles y al cine, y con Di\u00f3doro Carrasco Palacios, dedicado a la agricultura.<\/p>\n<p>Algo interesante de observar es que en esos tiempos surgieron con estas personas otro tipo de negocios, como el Cinelandia que funcionaba en la capilla del actual Hotel Camino Real, y fue una promoci\u00f3n de Ra\u00fal Fern\u00e1ndez Fern\u00e1ndez en sociedad con Jaime Yanselson. Posteriormente se construye el cine Reforma, en la 1\u00aa calle de Trujano, en uno de los patios del ex convento de los jesuitas, propiedad de la se\u00f1ora Ang\u00e9lica Castillo Vda. de Muro. Este negocio se hizo en sociedad con Ra\u00fal Fern\u00e1ndez Fern\u00e1ndez y Antonio Mendiola Col\u00edn\u00a0y el gerente fue Alfonso Calvo Cuevas, adem\u00e1s de ser propietario de una tienda de artesan\u00edas llamada Galer\u00edas y Artesan\u00edas del Portal. Actualmente tiene una empresa denominada Comisiones y Representaciones A. Calvo.<\/p>\n<p><strong>EN LA POL\u00cdTICA<\/strong><\/p>\n<p>Alfonso Calvo particip\u00f3 tambi\u00e9n en la pol\u00edtica pues fue S\u00edndico II, en el ayuntamiento que encabez\u00f3 Fernando Iturribarr\u00eda Bola\u00f1os (1983-1985), y cuyo periodo concluy\u00f3 el arquitecto Ra\u00fal Corzo Llaguno. Tambi\u00e9n fue Regidor de Hacienda Municipal con Carlos Manuel Sada Solana (1993-1995), y Presidente Interino en \u00e9ste periodo, entregando el cargo a Pablo Arnaud Carre\u00f1o, Presidente Municipal electo. Fue delegado federal del Fideicomiso de Subsidio a la Tortilla y Director de Protecci\u00f3n Civil Municipal.<\/p>\n<p><strong>EN EL DEPORTE<\/strong><\/p>\n<p>Don Alfonso fund\u00f3 el equipo Radio Marconi, que se inici\u00f3 en la tercera fuerza pero lleg\u00f3 a la primera, pues tuvo jugadores de gran val\u00eda y entrenadores como Juan Meza, dominicano de origen y Manuel Quevedo, cubano y pitcher zurdo. Tambi\u00e9n incursion\u00f3 en el front\u00f3n y en la cacer\u00eda, formando parte de una agrupaci\u00f3n de distinguidos cazadores como Max y Jaime Larumbe, Farid Mena, Roberto Jones, Jos\u00e9 Kuri, Jaime Villarreal, Pedro Cancino y Carlos Innes, entre otros. En fin, ha tenido una vida muy rica, con muchas experiencias dignas de ser contadas<\/p>\n<p>&nbsp;<\/p>\n<p><a href=\"http:\/\/www.eloriente.net\/home\/wp-content\/uploads\/2013\/10\/AlfonsoCalvo-@ticogomez.jpg\"><img loading=\"lazy\" decoding=\"async\" class=\"alignnone size-medium wp-image-17154\" title=\"AlfonsoCalvo @ticogomez\" src=\"http:\/\/www.eloriente.net\/home\/wp-content\/uploads\/2013\/10\/AlfonsoCalvo-@ticogomez-300x254.jpg\" alt=\"\" width=\"300\" height=\"254\" srcset=\"http:\/\/www.eloriente.net\/home\/wp-content\/uploads\/2013\/10\/AlfonsoCalvo-@ticogomez-300x254.jpg 300w, http:\/\/www.eloriente.net\/home\/wp-content\/uploads\/2013\/10\/AlfonsoCalvo-@ticogomez.jpg 400w\" sizes=\"(max-width: 300px) 100vw, 300px\" \/><\/a><\/p>\n<p>FOTO compartida por C. G\u00f3mez<\/p>\n<p><strong>\u00a0ALGUNAS REACCIONES P\u00daBLICAS:<\/strong><\/p>\n<blockquote class=\"twitter-tweet\"><p>Muri\u00f3 don Alfonso Calvo Cuevas, ex presidente municipal de Oaxaca de Ju\u00e1rez y reconocido empresario<\/p>\n<p>\u2014 humberto torres (@plumastecolote) <a href=\"https:\/\/twitter.com\/plumastecolote\/statuses\/393602161268912128\">October 25, 2013<\/a><\/p><\/blockquote>\n<p>&nbsp;<\/p>\n<blockquote class=\"twitter-tweet\"><p>Muri\u00f3 un gran amigo. Don Alfonso Calvo Cuevas, con quien siempre mantuve una gran relaci\u00f3n. Sirvi\u00f3 a Oaxaca, es una pena su fallecimiento.<\/p>\n<p>\u2014 Jes\u00fasMart\u00ednezAlvarez (@JesusMtzAlvarez) <a href=\"https:\/\/twitter.com\/JesusMtzAlvarez\/statuses\/393749625149992961\">October 25, 2013<\/a><\/p><\/blockquote>\n<p>&nbsp;<\/p>\n<blockquote class=\"twitter-tweet\"><p>Lament\u00f3 el fallecimiento de mi amigo Alfonso Calvo Cuevas ex presidente de Empresarios y Ejecutivos de Oaxaca. QEPD <a href=\"http:\/\/t.co\/npluDe0wdM\">pic.twitter.com\/npluDe0wdM<\/a><\/p>\n<p>\u2014 Celestino Gomez (@ticogomez73) <a href=\"https:\/\/twitter.com\/ticogomez73\/statuses\/393732601665433602\">October 25, 2013<\/a><\/p><\/blockquote>\n<p>&nbsp;<\/p>\n<blockquote class=\"twitter-tweet\"><p>Lamentamos el fallecimiento de nuestro amigo Rotario Alfonso Calvo Cuevas, es una pena dejar de convivir con alguien como \u00e9l.<\/p>\n<p>\u2014 Rotaract Monte Alban (@RotaractOax) <a href=\"https:\/\/twitter.com\/RotaractOax\/statuses\/393740914092298240\">October 25, 2013<\/a><\/p><\/blockquote>\n<p>&nbsp;<\/p>\n<blockquote class=\"twitter-tweet\"><p>Lamentamos el fallecimiento de Don Alfonso Calvo Cuevas, destacado oaxaque\u00f1o, empresario, pol\u00edtico y excelente ser humano. Descanse en paz.<\/p>\n<p>\u2014 Pol\u00edGrafO Digital (@PoligrafOax) <a href=\"https:\/\/twitter.com\/PoligrafOax\/statuses\/393747527440539648\">October 25, 2013<\/a><\/p><\/blockquote>\n<p>&nbsp;<\/p>\n<p>&nbsp;<\/p>\n<p>&nbsp;<\/p>\n\n\t\t\t  <div \n\t\t\t  \tclass = \"fb-comments\" \n\t\t\t  \tdata-href = \"http:\/\/www.eloriente.net\/home\/2013\/10\/25\/en-memoria-de-alfonso-calvo-cuevas\/\"\n\t\t\t  \tdata-numposts = \"10\"\n\t\t\t\tdata-colorscheme = \"dark\"\n\t\t\t\tdata-order-by = \"social\"\n\t\t\t\tdata-mobile=true>\n\t\t\t  <\/div>\n\t\t  <style>\n\t\t\t.fb_iframe_widget_fluid_desktop iframe {\n\t\t\t    width: 100% !important;\n\t\t\t}\n\t\t  <\/style>\n\t\t  ","protected":false},"excerpt":{"rendered":"<p>eloriente.net 25 de octubre de 2013 La madrugada de este d\u00eda se dio a conocer el fallecimiento de Don Alfonso Calvo Cuevas, ser humano muy apreciado en Oaxaca. De ah\u00ed, que el Cronista de la Ciudad nos hiciera llegar este texto de su autor\u00eda, parte de su colecci\u00f3n de escritos: \u00abPersonajes de Oaxaca\u00bb. Por: Rub\u00e9n [&hellip;]<\/p>\n","protected":false},"author":1,"featured_media":17154,"comment_status":"open","ping_status":"open","sticky":false,"template":"","format":"standard","meta":{"_jetpack_memberships_contains_paid_content":false,"footnotes":""},"categories":[29,32,10,12],"tags":[],"class_list":["post-17153","post","type-post","status-publish","format-standard","has-post-thumbnail","hentry","category-capital","category-entradas","category-lo-mas-reciente","category-todo-oaxaca-radio"],"jetpack_featured_media_url":"http:\/\/www.eloriente.net\/home\/wp-content\/uploads\/2013\/10\/AlfonsoCalvo-@ticogomez.jpg","jetpack_sharing_enabled":true,"_links":{"self":[{"href":"http:\/\/www.eloriente.net\/home\/wp-json\/wp\/v2\/posts\/17153"}],"collection":[{"href":"http:\/\/www.eloriente.net\/home\/wp-json\/wp\/v2\/posts"}],"about":[{"href":"http:\/\/www.eloriente.net\/home\/wp-json\/wp\/v2\/types\/post"}],"author":[{"embeddable":true,"href":"http:\/\/www.eloriente.net\/home\/wp-json\/wp\/v2\/users\/1"}],"replies":[{"embeddable":true,"href":"http:\/\/www.eloriente.net\/home\/wp-json\/wp\/v2\/comments?post=17153"}],"version-history":[{"count":3,"href":"http:\/\/www.eloriente.net\/home\/wp-json\/wp\/v2\/posts\/17153\/revisions"}],"predecessor-version":[{"id":17156,"href":"http:\/\/www.eloriente.net\/home\/wp-json\/wp\/v2\/posts\/17153\/revisions\/17156"}],"wp:featuredmedia":[{"embeddable":true,"href":"http:\/\/www.eloriente.net\/home\/wp-json\/wp\/v2\/media\/17154"}],"wp:attachment":[{"href":"http:\/\/www.eloriente.net\/home\/wp-json\/wp\/v2\/media?parent=17153"}],"wp:term":[{"taxonomy":"category","embeddable":true,"href":"http:\/\/www.eloriente.net\/home\/wp-json\/wp\/v2\/categories?post=17153"},{"taxonomy":"post_tag","embeddable":true,"href":"http:\/\/www.eloriente.net\/home\/wp-json\/wp\/v2\/tags?post=17153"}],"curies":[{"name":"wp","href":"https:\/\/api.w.org\/{rel}","templated":true}]}}