{"id":17157,"date":"2013-10-26T07:01:09","date_gmt":"2013-10-26T13:01:09","guid":{"rendered":"http:\/\/www.eloriente.net\/home\/?p=17157"},"modified":"2013-10-26T07:01:09","modified_gmt":"2013-10-26T13:01:09","slug":"inah-y-unam-promueven-formacion-de-profesionales-en-patrimonio-cultural","status":"publish","type":"post","link":"http:\/\/www.eloriente.net\/home\/2013\/10\/26\/inah-y-unam-promueven-formacion-de-profesionales-en-patrimonio-cultural\/","title":{"rendered":"INAH y UNAM promueven formaci\u00f3n de profesionales en patrimonio cultural"},"content":{"rendered":"<p>eloriente.net\/INAH<\/p>\n<p>26 de octubre de 2013<\/p>\n<p><strong>*** La propuesta fue realizada por Teresa Franco, directora general del INAH, en el marco del Encuentro Internacional<em>Convenciones UNESCO. Una visi\u00f3n articulada desde Iberoam\u00e9rica<\/em><\/p>\n<p>*** Actualmente M\u00e9xico es un contribuyente central de la UNESCO, apegado a las directrices de sus convenciones y recomendaciones, expres\u00f3<\/strong><\/p>\n<p>En el \u00e1nimo de aunar esfuerzos para la formaci\u00f3n de profesionales en patrimonio cultural, Teresa Franco, directora general del Instituto Nacional de Antropolog\u00eda e Historia (INAH), inst\u00f3 a que la instituci\u00f3n a su cargo y la Universidad Nacional Aut\u00f3noma de M\u00e9xico (UNAM) generen un programa conjunto en la materia.<\/p>\n<p>La propuesta fue bien recibida por Eduardo B\u00e1rzana Garc\u00eda, secretario general de la UNAM, quien acudi\u00f3 en representaci\u00f3n del rector Jos\u00e9 Narro Robles al Encuentro Internacional<em>Convenciones UNESCO. Una visi\u00f3n articulada desde Iberoam\u00e9rica<\/em>, foro en el que se plantea el mejoramiento en la adopci\u00f3n de estas normativas en los pa\u00edses de la regi\u00f3n.<\/p>\n<p>Luego de aludir a una serie de proyectos de investigaci\u00f3n y conservaci\u00f3n que el INAH ha desarrollado junto con la m\u00e1xima casa de estudios del pa\u00eds, Teresa Franco coment\u00f3 que la continuidad de estas tareas requiere de visiones interdisciplinarias para atender un universo de bienes patrimoniales cada vez m\u00e1s amplio.<\/p>\n<p>Esta gran responsabilidad que el INAH asume como organismo t\u00e9cnico especializado del Estado mexicano \u2014urgi\u00f3 su titular\u2014, debe compartirse; \u201cno podemos seguir trabajando solos en materia de formaci\u00f3n de recursos humanos, requerimos de un programa profesional para poner en valor e innovar en la aplicaci\u00f3n de las convenciones de la UNESCO\u201d.<\/p>\n<p>La invitaci\u00f3n, que se extiende a otras universidades p\u00fablicas e instancias internacionales, podr\u00eda concretarse en 2014, a\u00f1o en que el INAH estar\u00e1 de pl\u00e1cemes celebrando su 75 aniversario.<\/p>\n<p>La directora general de INAH enumer\u00f3 los bienes que M\u00e9xico ha inscrito ante la Organizaci\u00f3n de las Naciones Unidas para la Educaci\u00f3n, la Ciencia y la Cultura. Hasta el momento nuestro pa\u00eds tiene registradas ocho manifestaciones como Patrimonio Cultural Inmaterial, adem\u00e1s de 27 bienes culturales y cinco naturales en la Lista de Patrimonio Mundial.<\/p>\n<p>Destac\u00f3 que en este 2013 se tiene proyectado que alrededor de 19 millones de personas visiten los museos y zonas arqueol\u00f3gicas de M\u00e9xico. De esta afluencia, cerca de 5.5 millones acudir\u00e1n a los once sitios arqueol\u00f3gicos que poseen la categor\u00eda de Patrimonio Mundial.<\/p>\n<p>\u201cActualmente M\u00e9xico es un contribuyente central de este importante organismo internacional (la UNESCO), apegado plenamente a las directrices de sus convenciones y recomendaciones, lo cual habla del compromiso patente de nuestro pa\u00eds con la tareas de la UNESCO, en especial con la protecci\u00f3n, conservaci\u00f3n, conocimiento y difusi\u00f3n de la riqueza cultural\u201d.<\/p>\n<p>De ah\u00ed la importancia del encuentro internacional\u00a0<em>Convenciones UNESCO. Una visi\u00f3n articulada desde Iberoam\u00e9rica<\/em>, organizado por el INAH y la UNAM, y que representa \u201cla primera ocasi\u00f3n en que se re\u00fanen 30 expertos para discutir los temas preocupaciones y propuestas de acci\u00f3n de seis convenciones culturales de la UNESCO\u201d, anot\u00f3 Teresa Franco.<\/p>\n<p>Tales instrumentos normativos recogen las problem\u00e1ticas concernientes a la Diversidad Cultural, Patrimonio Inmaterial, Conflicto Armado, Patrimonio Subacu\u00e1tico, Tr\u00e1fico Il\u00edcito y Patrimonio Mundial, temas que debatir\u00e1n especialistas de instituciones de M\u00e9xico, Chile, Argentina, Espa\u00f1a, Per\u00fa, Guatemala, Brasil, as\u00ed como de organismos internacionales.<\/p>\n<p>Nuria Sanz, representante de la Oficina de la UNESCO en M\u00e9xico, hizo hincapi\u00e9 en que a lo largo de m\u00e1s de 60 a\u00f1os, este organismo internacional junto con sus Estados parte han hecho prevalecer que cada una de las culturas contribuye de una forma decisiva, de un modo equivalente y complementario al patrimonio com\u00fan de la humanidad.<\/p>\n<p>En ese sentido \u2014dijo\u2014, la UNESCO ha generado una \u201cantropolog\u00eda de derecho internacional p\u00fablico, y que a trav\u00e9s de la cultura ha propiciado un respeto a todas aquellas formas de concebir la existencia y el desarrollo\u201d, bajo el entendido de que \u00e9sta (la cultura) es un derecho para enfrentar la desventaja, la inequidad y a lo invalidante.<\/p>\n<p>Reconoci\u00f3 que nuestro pa\u00eds ha jugado un papel de liderazgo ante el organismo internacional.<\/p>\n<p>En la actualidad, expres\u00f3 Nuria Sanz, M\u00e9xico \u201cest\u00e1 a la cabeza de otra de las convenciones, aquella que tiene que preparar las directrices operativas para evitar el Tr\u00e1fico Il\u00edcito de Bienes Culturales, y creo que hay una profunda inspiraci\u00f3n y cumplimiento latinoamericano para esa convenci\u00f3n, entendiendo que hay que pasar del expolio a las buenas pr\u00e1cticas, y de lo retroactivo a un r\u00e9gimen m\u00e1s proactivo\u201d.<\/p>\n<p>Para C\u00e9sar Guerrero, secretario general adjunto de la Comisi\u00f3n Mexicana de Cooperaci\u00f3n con la UNESCO, de la SEP, debemos congratularnos de la\u00a0 participaci\u00f3n activa de M\u00e9xico en las convenciones de este organismo internacional.<\/p>\n<p>Cit\u00f3 la elaboraci\u00f3n del expediente\u00a0<em>Peregrinaci\u00f3n a Wirikuta<\/em>, por parte de la Comisi\u00f3n Nacional para el Desarrollo de los Pueblos Ind\u00edgenas, a fin de ser inscrita en la Lista de Patrimonio Cultural Inmaterial que requiere medidas urgentes de salvaguardia.<\/p>\n<p>Esta candidatura ser\u00e1 examinada por el Comit\u00e9 Intergubernamental para la Salvaguardia del Patrimonio Cultural Inmaterial en su octava sesi\u00f3n, del 2 al 7 de diciembre, en Azerbaiy\u00e1n.<\/p>\n<p>Reunidos en Ciudad Universitaria, Eduardo B\u00e1rzana Garc\u00eda, secretario general de la UNAM, dio la bienvenida\u00a0 a los especialistas del Encuentro Internacional\u00a0<em>Convenciones UNESCO. Una visi\u00f3n articulada desde Iberoam\u00e9rica,<\/em>\u00a0el cual concluir\u00e1 el viernes pr\u00f3ximo en la Torre de Ingenier\u00eda.<\/p>\n<p><a href=\"http:\/\/www.eloriente.net\/home\/wp-content\/uploads\/2013\/10\/Teresa-Franco-INAH-congreso-Convenciones-cultura-INAH.jpg\"><img loading=\"lazy\" decoding=\"async\" class=\"alignnone size-medium wp-image-17158\" title=\"Teresa Franco INAH congreso Convenciones cultura INAH\" src=\"http:\/\/www.eloriente.net\/home\/wp-content\/uploads\/2013\/10\/Teresa-Franco-INAH-congreso-Convenciones-cultura-INAH-300x240.jpg\" alt=\"\" width=\"300\" height=\"240\" srcset=\"http:\/\/www.eloriente.net\/home\/wp-content\/uploads\/2013\/10\/Teresa-Franco-INAH-congreso-Convenciones-cultura-INAH-300x240.jpg 300w, http:\/\/www.eloriente.net\/home\/wp-content\/uploads\/2013\/10\/Teresa-Franco-INAH-congreso-Convenciones-cultura-INAH.jpg 500w\" sizes=\"(max-width: 300px) 100vw, 300px\" \/><\/a><\/p>\n<p>Foto: Teresa Franco (INAH)<\/p>\n\n\t\t\t  <div \n\t\t\t  \tclass = \"fb-comments\" \n\t\t\t  \tdata-href = \"http:\/\/www.eloriente.net\/home\/2013\/10\/26\/inah-y-unam-promueven-formacion-de-profesionales-en-patrimonio-cultural\/\"\n\t\t\t  \tdata-numposts = \"10\"\n\t\t\t\tdata-colorscheme = \"dark\"\n\t\t\t\tdata-order-by = \"social\"\n\t\t\t\tdata-mobile=true>\n\t\t\t  <\/div>\n\t\t  <style>\n\t\t\t.fb_iframe_widget_fluid_desktop iframe {\n\t\t\t    width: 100% !important;\n\t\t\t}\n\t\t  <\/style>\n\t\t  ","protected":false},"excerpt":{"rendered":"<p>eloriente.net\/INAH 26 de octubre de 2013 *** La propuesta fue realizada por Teresa Franco, directora general del INAH, en el marco del Encuentro InternacionalConvenciones UNESCO. Una visi\u00f3n articulada desde Iberoam\u00e9rica *** Actualmente M\u00e9xico es un contribuyente central de la UNESCO, apegado a las directrices de sus convenciones y recomendaciones, expres\u00f3 En el \u00e1nimo de aunar [&hellip;]<\/p>\n","protected":false},"author":1,"featured_media":17158,"comment_status":"open","ping_status":"open","sticky":false,"template":"","format":"standard","meta":{"_jetpack_memberships_contains_paid_content":false,"footnotes":""},"categories":[18,32,10,24],"tags":[],"class_list":["post-17157","post","type-post","status-publish","format-standard","has-post-thumbnail","hentry","category-educacion-y-cultura","category-entradas","category-lo-mas-reciente","category-mexico-y-el-mundo"],"jetpack_featured_media_url":"http:\/\/www.eloriente.net\/home\/wp-content\/uploads\/2013\/10\/Teresa-Franco-INAH-congreso-Convenciones-cultura-INAH.jpg","jetpack_sharing_enabled":true,"_links":{"self":[{"href":"http:\/\/www.eloriente.net\/home\/wp-json\/wp\/v2\/posts\/17157"}],"collection":[{"href":"http:\/\/www.eloriente.net\/home\/wp-json\/wp\/v2\/posts"}],"about":[{"href":"http:\/\/www.eloriente.net\/home\/wp-json\/wp\/v2\/types\/post"}],"author":[{"embeddable":true,"href":"http:\/\/www.eloriente.net\/home\/wp-json\/wp\/v2\/users\/1"}],"replies":[{"embeddable":true,"href":"http:\/\/www.eloriente.net\/home\/wp-json\/wp\/v2\/comments?post=17157"}],"version-history":[{"count":2,"href":"http:\/\/www.eloriente.net\/home\/wp-json\/wp\/v2\/posts\/17157\/revisions"}],"predecessor-version":[{"id":17160,"href":"http:\/\/www.eloriente.net\/home\/wp-json\/wp\/v2\/posts\/17157\/revisions\/17160"}],"wp:featuredmedia":[{"embeddable":true,"href":"http:\/\/www.eloriente.net\/home\/wp-json\/wp\/v2\/media\/17158"}],"wp:attachment":[{"href":"http:\/\/www.eloriente.net\/home\/wp-json\/wp\/v2\/media?parent=17157"}],"wp:term":[{"taxonomy":"category","embeddable":true,"href":"http:\/\/www.eloriente.net\/home\/wp-json\/wp\/v2\/categories?post=17157"},{"taxonomy":"post_tag","embeddable":true,"href":"http:\/\/www.eloriente.net\/home\/wp-json\/wp\/v2\/tags?post=17157"}],"curies":[{"name":"wp","href":"https:\/\/api.w.org\/{rel}","templated":true}]}}