{"id":17251,"date":"2013-10-31T18:26:15","date_gmt":"2013-11-01T00:26:15","guid":{"rendered":"http:\/\/www.eloriente.net\/home\/?p=17251"},"modified":"2014-03-18T18:51:00","modified_gmt":"2014-03-19T00:51:00","slug":"queretaro-la-conspiracion-se-hizo-visible-por-tomas-gonzalez","status":"publish","type":"post","link":"http:\/\/www.eloriente.net\/home\/2013\/10\/31\/queretaro-la-conspiracion-se-hizo-visible-por-tomas-gonzalez\/","title":{"rendered":"Quer\u00e9taro: La conspiraci\u00f3n se hizo visible, por Tom\u00e1s Gonz\u00e1lez"},"content":{"rendered":"<p>eloriente.net<\/p>\n<p>31 de octubre de 2013<\/p>\n<p style=\"text-align: right;\"><strong>Por: Tom\u00e1s Alejandro Gonz\u00e1lez<\/strong><\/p>\n<p align=\"right\"><strong><em>A Sa\u00fal Ru\u00edz Arriaga,<\/em><\/strong><\/p>\n<p align=\"right\"><strong><em>entra\u00f1able amigo y constante fuente de inspiraci\u00f3n.<\/em><\/strong><\/p>\n<p>Francamente, no esperaba encontrarme en medio de una multitud de j\u00f3venes que juntos fuimos invitados a volver al origen, a tener claro siempre, nuestra identidad, nuestro prop\u00f3sito y nuestro destino, en lo individual y en lo colectivo como Naci\u00f3n. Quiz\u00e1 el no haberme hecho expectativas ayud\u00f3, no lo s\u00e9; lo que s\u00ed s\u00e9 es que en esto, no hay coincidencias, no hay accidentes.<\/p>\n<p>Encontrar tal calidad de talento y pasi\u00f3n por M\u00e9xico en un solo lugar: chicuelas y chicuelos que desde sus 17, 18, 19 a\u00f1os est\u00e1n haciendo una diferencia en este mundo, en este pa\u00eds, en su ciudad, gan\u00e1ndose su lugar entre \u00ablos grandes\u00bb -a\u00fan sin pretenderlo-, fue uno de los elementos por el que entre otras cosas, al concluir lo que a continuaci\u00f3n les cuento, termin\u00e9 en un estado de shock muy peculiar.<\/p>\n<p>La Primera Cumbre \u00ab<strong><em>Un Mill\u00f3n de J\u00f3venes x M\u00e9xico<\/em><\/strong>\u00bb (#1MJxM), aconteci\u00f3 los d\u00edas 25 y 26 de octubre de 2013 en la capital del estado mexicano de #Quer\u00e9taro, fue un \u00e9xito por la suma de talentos y valor de sus participantes (organizadores, expositores y participantes). Sin duda un sue\u00f1o cumplido para algunos de ellos; no obstante, lo mejor de todo es que reci\u00e9n fue el inicio visible de <strong><em>La Conspiraci\u00f3n<\/em><\/strong><em> por la transformaci\u00f3n de M\u00e9xico <\/em>en un pa\u00eds pr\u00f3spero y digno para vivir.<\/p>\n<p>Parece que hoy en Quer\u00e9taro los queretanos, los buenos, los ciudadanos son m\u00e1s y que sin importar diferencias, hacen valer su calidad de mayor\u00eda; parece que han vuelto al origen, a valores eternos, a la familia, al respeto mutuo para partir por un camino que los lleve a ser mejores que s\u00ed mismos y de coraz\u00f3n deseo que as\u00ed sea. Sin duda un ejemplo para M\u00e9xico, Latinoam\u00e9rica y el mundo.<\/p>\n<p>No obstante, no debemos olvidar que hoy somos porque otros han sido; que juntos somos m\u00e1s.<\/p>\n<p>En este contexto, l\u00edderes de primer orden vinieron a M\u00e9xico desde diversas latitudes del mundo para compartir sus vivencias e inspirar a j\u00f3venes mexicanos que hoy est\u00e1n emprendiendo el sue\u00f1o de un M\u00e9xico justo, pr\u00f3spero y digno a lo largo y ancho de la Rep\u00fablica Mexicana.<\/p>\n<p>Algunos de ellos:<\/p>\n<p><strong>George Friedman,<\/strong> quiz\u00e1 el prospectivista con mayor credibilidad a nivel internacional, nos ret\u00f3 a cambiar de mentalidad y de actitud, a reconocer nuestro destino como mexicanos: destino de prosperidad y de liderazgo a nivel internacional; \u00bfpor qu\u00e9?, porque podemos serlo y porque las condiciones geopol\u00edticas lo permiten, son innegables; \u00bfc\u00f3mo?, haci\u00e9ndolo.<\/p>\n<p><strong>Jos\u00e9 Calzada<\/strong>, un gobernador que decidi\u00f3 sumarse a la ciudadan\u00eda con profesionalismo, energ\u00eda y nuevas ideas, comparti\u00f3 algunos resultados de la implementaci\u00f3n de un par de pol\u00edticas p\u00fablicas con un impacto positivo para los queretanos. <strong>Eduardo Verastegui<\/strong>, actor que se encontr\u00f3 al dejar de actuar s\u00f3lo para su propio ego, comparti\u00f3 su encuentro con la Vida a trav\u00e9s de la reflexi\u00f3n profunda y las experiencias de otros; Eduardo dej\u00f3 cierta intriga al adelantarnos un poco del pr\u00f3ximo filme en el que participa: <em>Little boy<\/em>, historia que promete much\u00edsimo, se estrenar\u00e1 en 2014.<\/p>\n<p>No tengo duda de que <strong>Loung Ung<\/strong>, mujer de Camboya, activista y defensora de Derechos Humanos fue inspiraci\u00f3n y dio \u00e1nimo a m\u00e1s de una de las asistentes. Es claro que en una cumbre como esta, no pod\u00eda faltar la Genialidad (con may\u00fascula) de personajes que a la vista de lo ordinario carecen de cierto grado de cordura, pero que justamente por eso han conseguido hacer ciudadan\u00eda a trav\u00e9s de diversas expresiones del arte en d\u00f3nde se vislumbraba muy dif\u00edcil, <strong>Antanas Mockus<\/strong> en Bogot\u00e1, Colombia y <strong>Vladimir Franz<\/strong> en la Rep\u00fablica Checa.<\/p>\n<p>Por supuesto la parte t\u00e9cnica, el <em>know-how,<\/em> y diversas herramientas no faltaron; cierro con fondo y no con forma.<\/p>\n<p>Personalmente el ser humano que tuvo mayor impacto en este que escribe fue <em>\u00abEl Jeque Verde\u00bb, <\/em><strong>Abdul Aziz<\/strong> <strong>Al Nuaimi<\/strong>, pues a pesar de las diferencias culturales entre \u00e1rabes y mexicanos, la conexi\u00f3n humana fue formidable y, siendo franco las palabras no dan para describir lo sucedido, se quedan cortas. Despu\u00e9s de ello termin\u00e9 en el estado que mencion\u00e9 al principio, una especie de shock reflexivo, espiritual, metaf\u00edsico.<\/p>\n<p>No hay duda de que lo planteado por los organizadores fue cubierto con creces, de que se conoci\u00f3 y se conocer\u00e1 que el 26 de octubre de 2013 hubo un grupo de j\u00f3venes, de <em>millenials<\/em>, que se atrevieron p\u00fablicamente a decir que <strong><em>\u00abdesde Quer\u00e9taro se dio inicio a la conspiraci\u00f3n por un M\u00e9xico justo, pr\u00f3spero y digno\u00bb<\/em>.<\/strong> Tengo la certeza de que cosas buenas est\u00e1n sucediendo, pero lo mejor est\u00e1 por venir.<\/p>\n<p>De nueva cuenta, a los organizadores y anfitriones que hicieron posible la 1a #CumbreMill\u00f3n: <strong>\u00a1GRACIAS!<\/strong><\/p>\n<p>Y a ella, que me dijo y pregunt\u00f3: \u00ab<em>Parece muy bueno para ser verdad, \u00bfcierto?<\/em>\u00ab, le digo que ser\u00e1 la historia la que dar\u00e1 la respuesta; pero que mientras tanto, me uno a los que creen que es verdad y que es posible, <em>haciendo<\/em> para que alg\u00fan d\u00eda al entregar la estafeta, juntos, al voltear atr\u00e1s podamos decir: \u00ab\u00a1\u00a1\u00a1Lo hicimos!!!<\/p>\n<p align=\"right\"><strong>\u00a0Tom\u00e1s Alejandro Gonz\u00e1lez, Oaxaca, M\u00e9xico<\/strong><\/p>\n<p style=\"text-align: right;\"><strong>@AlejandroGlz<\/strong><\/p>\n<p style=\"text-align: right;\"><a href=\"http:\/\/www.eloriente.net\/home\/wp-content\/uploads\/2013\/10\/Quere\u0301taro-Atribucio\u0301n-Algunos-derechos-reservados-por-Leandros-World-Tour-.jpg\"><img loading=\"lazy\" decoding=\"async\" class=\"size-medium wp-image-17252 alignleft\" title=\"Quere\u0301taro      Atribucio\u0301n Algunos derechos reservados por Leandro's World Tour\" src=\"http:\/\/www.eloriente.net\/home\/wp-content\/uploads\/2013\/10\/Quere\u0301taro-Atribucio\u0301n-Algunos-derechos-reservados-por-Leandros-World-Tour--300x225.jpg\" alt=\"\" width=\"300\" height=\"225\" srcset=\"http:\/\/www.eloriente.net\/home\/wp-content\/uploads\/2013\/10\/Quere\u0301taro-Atribucio\u0301n-Algunos-derechos-reservados-por-Leandros-World-Tour--300x225.jpg 300w, http:\/\/www.eloriente.net\/home\/wp-content\/uploads\/2013\/10\/Quere\u0301taro-Atribucio\u0301n-Algunos-derechos-reservados-por-Leandros-World-Tour-.jpg 1024w\" sizes=\"(max-width: 300px) 100vw, 300px\" \/><\/a><\/p>\n<p style=\"text-align: left;\">Foto:<\/p>\n<dl>\n<dd id=\"yui_3_11_0_3_1383262232574_320\"><a href=\"http:\/\/creativecommons.org\/licenses\/by\/2.0\/\"><img decoding=\"async\" title=\"Atribuci\u00f3n\" src=\"http:\/\/l.yimg.com\/g\/images\/cc_icon_attribution_small.gif\" alt=\"Atribuci\u00f3n\" border=\"0\" \/><\/a> <a title=\"Attribution License\" href=\"http:\/\/creativecommons.org\/licenses\/by\/2.0\/\">Algunos derechos reservados<\/a> por <a href=\"http:\/\/www.flickr.com\/photos\/leandrociuffo\/\">Leandro&#8217;s World Tour<\/a><\/dd>\n<dd><\/dd>\n<dd><\/dd>\n<\/dl>\n<p>Otras entradas:<\/p>\n<dl id=\"yui_3_11_0_3_1383262232574_321\">\n<dd>\n<div id=\"post-17122\">\n<p><a title=\"Permalink to Me voy a la Cumbre \u201c1mill\u00f3n de j\u00f3venes por M\u00e9xico\u201d\" href=\"http:\/\/www.eloriente.net\/home\/2013\/10\/24\/me-voy-a-la-cumbre-1millon-de-jovenes-por-mexico\/\" rel=\"bookmark\">Me voy a la Cumbre \u201c1mill\u00f3n de j\u00f3venes por M\u00e9xico\u201d<\/a><\/p>\n<p>eloriente.net 24 de octubre de 2013 Por: Alejandra Silva Soriano Mis querid\u00edsimos lectores, les comparto que en estos momentos me dirijo a Quer\u00e9taro, porque tengo el verdadero honor de haber sido seleccionada como una de las representantes de Oaxaca que participar\u00e1n en la Cumbre \u201c1mill\u00f3n de j\u00f3venes por M\u00e9xico\u201d, la cual, reunir\u00e1 a los l\u00edderes [&#8230;]<\/p>\n<p>October 24, 2013<\/p>\n<\/div>\n<div id=\"post-16996\">\n<p><a title=\"Permalink to Ricardo Adair: El derecho a decidir\" href=\"http:\/\/www.eloriente.net\/home\/2013\/10\/17\/ricardo-adair-el-derecho-a-decidir\/\" rel=\"bookmark\">Ricardo Adair: El derecho a decidir<\/a><\/p>\n<p>eloriente.net 17 de octubre de 2013 El d\u00eda de ayer fue hist\u00f3rico para todas las personas con discapacidad en M\u00e9xico, la Primera Sala de la Suprema Corte de Justicia de la Naci\u00f3n (SCJN) sent\u00f3 un precedente al reconocer que las personas con discapacidad intelectual gozan de derechos como cualquier otra persona, esto a ra\u00edz de [&#8230;]<\/p>\n<p>October 17, 2013<\/p>\n<\/div>\n<div id=\"post-16979\">\n<p><a title=\"Permalink to Crean nuevo mural en Facultad de Idiomas en Puerto Escondido\" href=\"http:\/\/www.eloriente.net\/home\/2013\/10\/16\/crean-nuevo-mural-en-facultad-de-idiomas-en-puerto-escondido\/\" rel=\"bookmark\">Crean nuevo mural en Facultad de Idiomas en Puerto Escondido<\/a><\/p>\n<p><a href=\"http:\/\/www.eloriente.net\/home\/2013\/10\/16\/crean-nuevo-mural-en-facultad-de-idiomas-en-puerto-escondido\/\" rel=\"bookmark\"><img decoding=\"async\" title=\"Crean nuevo mural en Facultad de Idiomas en Puerto Escondido\" src=\"http:\/\/www.eloriente.net\/home\/wp-content\/themes\/city-desk\/timthumb.php?src=http%3A%2F%2Fwww.eloriente.net%2Fhome%2Fwp-content%2Fuploads%2F2013%2F10%2FMural-en-Idiomas-de-Puerto-Escondido-UABJO.jpg&amp;q=90&amp;w=160&amp;h=106&amp;zc=1\" alt=\"Crean nuevo mural en Facultad de Idiomas en Puerto Escondido\" \/><\/a>eloriente.net\/UABJO 16 de octubre de 2013 Integrantes del Colectivo Bicu Yuba, Michel Pineda y Rodrigo V\u00e1squez se trasladaron a la Costa para realizar un taller de stencil, del cual se produjo un mural de 30 metros de longitud del nuevo edificio de la Facultad de Idiomas de la Universidad Aut\u00f3noma \u201cBenito Ju\u00e1rez\u201d de Oaxaca (UABJO) [&#8230;]<\/p>\n<p>October 16, 2013<\/p>\n<\/div>\n<p><a title=\"Permalink to Quer\u00e9taro, la ciudad con mayor calidad de vida; Oaxaca la \u00faltima: GCE\" href=\"http:\/\/www.eloriente.net\/home\/2013\/10\/08\/queretaro-la-ciudad-con-mayor-calidad-de-vida-oaxaca-la-ultima-gce\/\" rel=\"bookmark\">Quer\u00e9taro, la ciudad con mayor calidad de vida; Oaxaca la \u00faltima: GCE<\/a><\/p>\n<p><a href=\"http:\/\/www.eloriente.net\/home\/2013\/10\/08\/queretaro-la-ciudad-con-mayor-calidad-de-vida-oaxaca-la-ultima-gce\/\" rel=\"bookmark\"><img decoding=\"async\" title=\"Quer\u00e9taro, la ciudad con mayor calidad de vida; Oaxaca la \u00faltima: GCE\" src=\"http:\/\/www.eloriente.net\/home\/wp-content\/themes\/city-desk\/timthumb.php?src=http%3A%2F%2Fwww.eloriente.net%2Fhome%2Fwp-content%2Fuploads%2F2013%2F10%2FCaptura-de-pantalla-2013-10-08-a-las-10.20.31.png&amp;q=90&amp;w=160&amp;h=106&amp;zc=1\" alt=\"Quer\u00e9taro, la ciudad con mayor calidad de vida; Oaxaca la \u00faltima: GCE\" \/><\/a>eloriente.net 8 de octubre de 2013 eloriente.net (Oaxaca, M\u00e9xico).- El Gabinete de Comunicaci\u00f3n Estrat\u00e9gica (GCE) hizo p\u00fablica la edici\u00f3n 2013 del proyecto \u201cLas ciudades m\u00e1s habitables de M\u00e9xico\u201d que inici\u00f3 el a\u00f1o pasado y que da cuenta del desarrollo de los indicadores de Calidad de Vida (INCAVI), de Satisfacci\u00f3n con los Servicios (ISACS) y de [&#8230;]<\/p>\n<p>October 8, 2013<\/p>\n<\/dd>\n<\/dl>\n\n\t\t\t  <div \n\t\t\t  \tclass = \"fb-comments\" \n\t\t\t  \tdata-href = \"http:\/\/www.eloriente.net\/home\/2013\/10\/31\/queretaro-la-conspiracion-se-hizo-visible-por-tomas-gonzalez\/\"\n\t\t\t  \tdata-numposts = \"10\"\n\t\t\t\tdata-colorscheme = \"dark\"\n\t\t\t\tdata-order-by = \"social\"\n\t\t\t\tdata-mobile=true>\n\t\t\t  <\/div>\n\t\t  <style>\n\t\t\t.fb_iframe_widget_fluid_desktop iframe {\n\t\t\t    width: 100% !important;\n\t\t\t}\n\t\t  <\/style>\n\t\t  ","protected":false},"excerpt":{"rendered":"<p>eloriente.net 31 de octubre de 2013 Por: Tom\u00e1s Alejandro Gonz\u00e1lez A Sa\u00fal Ru\u00edz Arriaga, entra\u00f1able amigo y constante fuente de inspiraci\u00f3n. Francamente, no esperaba encontrarme en medio de una multitud de j\u00f3venes que juntos fuimos invitados a volver al origen, a tener claro siempre, nuestra identidad, nuestro prop\u00f3sito y nuestro destino, en lo individual y [&hellip;]<\/p>\n","protected":false},"author":1,"featured_media":17252,"comment_status":"open","ping_status":"open","sticky":false,"template":"","format":"standard","meta":{"_jetpack_memberships_contains_paid_content":false,"footnotes":""},"categories":[32,63,10,24,31,626,19],"tags":[],"class_list":["post-17251","post","type-post","status-publish","format-standard","has-post-thumbnail","hentry","category-entradas","category-estados","category-lo-mas-reciente","category-mexico-y-el-mundo","category-principal","category-tomas-alejandro-gonzalez","category-turismo-y-negocios"],"jetpack_featured_media_url":"http:\/\/www.eloriente.net\/home\/wp-content\/uploads\/2013\/10\/Quere\u0301taro-Atribucio\u0301n-Algunos-derechos-reservados-por-Leandros-World-Tour-.jpg","jetpack_sharing_enabled":true,"_links":{"self":[{"href":"http:\/\/www.eloriente.net\/home\/wp-json\/wp\/v2\/posts\/17251"}],"collection":[{"href":"http:\/\/www.eloriente.net\/home\/wp-json\/wp\/v2\/posts"}],"about":[{"href":"http:\/\/www.eloriente.net\/home\/wp-json\/wp\/v2\/types\/post"}],"author":[{"embeddable":true,"href":"http:\/\/www.eloriente.net\/home\/wp-json\/wp\/v2\/users\/1"}],"replies":[{"embeddable":true,"href":"http:\/\/www.eloriente.net\/home\/wp-json\/wp\/v2\/comments?post=17251"}],"version-history":[{"count":4,"href":"http:\/\/www.eloriente.net\/home\/wp-json\/wp\/v2\/posts\/17251\/revisions"}],"predecessor-version":[{"id":17255,"href":"http:\/\/www.eloriente.net\/home\/wp-json\/wp\/v2\/posts\/17251\/revisions\/17255"}],"wp:featuredmedia":[{"embeddable":true,"href":"http:\/\/www.eloriente.net\/home\/wp-json\/wp\/v2\/media\/17252"}],"wp:attachment":[{"href":"http:\/\/www.eloriente.net\/home\/wp-json\/wp\/v2\/media?parent=17251"}],"wp:term":[{"taxonomy":"category","embeddable":true,"href":"http:\/\/www.eloriente.net\/home\/wp-json\/wp\/v2\/categories?post=17251"},{"taxonomy":"post_tag","embeddable":true,"href":"http:\/\/www.eloriente.net\/home\/wp-json\/wp\/v2\/tags?post=17251"}],"curies":[{"name":"wp","href":"https:\/\/api.w.org\/{rel}","templated":true}]}}