{"id":17258,"date":"2013-11-01T10:16:34","date_gmt":"2013-11-01T16:16:34","guid":{"rendered":"http:\/\/www.eloriente.net\/home\/?p=17258"},"modified":"2013-11-01T10:16:34","modified_gmt":"2013-11-01T16:16:34","slug":"la-muerte-en-oaxaca-inegi","status":"publish","type":"post","link":"http:\/\/www.eloriente.net\/home\/2013\/11\/01\/la-muerte-en-oaxaca-inegi\/","title":{"rendered":"La Muerte en Oaxaca: INEGI"},"content":{"rendered":"<p>eloriente.net\/INEGI<\/p>\n<p>1 de noviembre de 2013<\/p>\n<p style=\"text-align: center;\"><strong>Estad\u00edsticas a Prop\u00f3sito del D\u00eda de Muertos: INEGI<\/strong><\/p>\n<p><iframe loading=\"lazy\" src=\"\/\/e.issuu.com\/embed.html#5422719\/5463644\" frameborder=\"0\" width=\"525\" height=\"679\"><\/iframe><br \/>\nEl Instituto Nacional de Geograf\u00eda y Estad\u00edstica ha compartido este reporte especial por el D\u00eda de Muertos 2013 con ELORIENTE.NET.<\/p>\n<p>El reporte es un compilaci\u00f3n exhaustiva de diversos aspectos relacionados con la muerte (y con la vida) en Oaxaca. Destacan datos sobre la esperanza de vida, monto y diferenciales en la mortalidad por edad y sexo, causa de mortalidad por edad de la poblaci\u00f3n, y ello adem\u00e1s significa un muy interesante acercamiento al estado de las enfermedades como causas mortales en el estado.<\/p>\n<p>Entre estos n\u00fameros, mencionamos que por cada 100 mujeres que fallecen, lo hacen 129 hombres. Las principales causas de muerte de la poblaci\u00f3n, representando el 34.2% de las defunciones, son: la diabetes melllitus, las enfermedades insqu\u00e9micas del coraz\u00f3n, las del h\u00edgado y las cerebovasculares.<\/p>\n<p>En esperanza de vida, para 1990 era de 67 a\u00f1os promedio (mujeres 71 y hombres 63); sin embargo para 2012 es de 72.3 a\u00f1os.<\/p>\n<p>Te invitamos a leer m\u00e1s sobre el tema en el reporte especial.<\/p>\n<p><a href=\"http:\/\/www.eloriente.net\/home\/wp-content\/uploads\/2013\/11\/Muertos-Oaxaca-Atribucio\u0301n-Algunos-derechos-reservados-por-Cidades-para-Pessoas-.jpg\"><img loading=\"lazy\" decoding=\"async\" class=\"alignnone size-medium wp-image-17259\" title=\"Muertos Oaxaca      Atribucio\u0301n Algunos derechos reservados por Cidades para Pessoas\" src=\"http:\/\/www.eloriente.net\/home\/wp-content\/uploads\/2013\/11\/Muertos-Oaxaca-Atribucio\u0301n-Algunos-derechos-reservados-por-Cidades-para-Pessoas--300x199.jpg\" alt=\"\" width=\"300\" height=\"199\" srcset=\"http:\/\/www.eloriente.net\/home\/wp-content\/uploads\/2013\/11\/Muertos-Oaxaca-Atribucio\u0301n-Algunos-derechos-reservados-por-Cidades-para-Pessoas--300x199.jpg 300w, http:\/\/www.eloriente.net\/home\/wp-content\/uploads\/2013\/11\/Muertos-Oaxaca-Atribucio\u0301n-Algunos-derechos-reservados-por-Cidades-para-Pessoas-.jpg 1024w\" sizes=\"(max-width: 300px) 100vw, 300px\" \/><\/a><\/p>\n<dl id=\"yui_3_11_0_3_1383322491396_317\">\n<dd id=\"yui_3_11_0_3_1383322491396_316\"><a href=\"http:\/\/creativecommons.org\/licenses\/by\/2.0\/\"><img decoding=\"async\" title=\"Atribuci\u00f3n\" src=\"http:\/\/l.yimg.com\/g\/images\/cc_icon_attribution_small.gif\" alt=\"Atribuci\u00f3n\" border=\"0\" \/><\/a> <a id=\"yui_3_11_0_3_1383322491396_315\" title=\"Attribution License\" href=\"http:\/\/creativecommons.org\/licenses\/by\/2.0\/\">Algunos derechos reservados<\/a> por <a href=\"http:\/\/www.flickr.com\/photos\/natigarcia\/\">Cidades para Pessoas<\/a><\/dd>\n<\/dl>\n<p><strong>Otras entradas:<\/strong><\/p>\n<div id=\"post-1046\">\n<p><a title=\"Permalink to Poblaci\u00f3n en Oaxaca (Parte 4) Migraci\u00f3n\" href=\"http:\/\/www.eloriente.net\/home\/2012\/07\/22\/poblacion-en-oaxaca-parte-4-migracion\/\" rel=\"bookmark\">Poblaci\u00f3n en Oaxaca (Parte 4) Migraci\u00f3n<\/a><\/p>\n<p><a href=\"http:\/\/www.eloriente.net\/home\/2012\/07\/22\/poblacion-en-oaxaca-parte-4-migracion\/\" rel=\"bookmark\"><img decoding=\"async\" title=\"Poblaci\u00f3n en Oaxaca (Parte 4) Migraci\u00f3n\" src=\"http:\/\/www.eloriente.net\/home\/wp-content\/themes\/city-desk\/timthumb.php?src=http%3A%2F%2Fwww.eloriente.net%2Fhome%2Fwp-content%2Fuploads%2F2012%2F07%2Fprincipal-entidad-de-origende-inmigrantes-inegi.jpg&amp;q=90&amp;w=160&amp;h=106&amp;zc=1\" alt=\"Poblaci\u00f3n en Oaxaca (Parte 4) Migraci\u00f3n\" \/><\/a>eloriente.net \/ INEGI 22 de julio de 2012 Con motivo del D\u00eda Mundial de la Poblaci\u00f3n, el Instituto Nacional de Estad\u00edstica (INEGI) en Oaxaca, prepar\u00f3 este reporte especial que comparte con los lectores de EL ORIENTE. Lo publicaremos en partes para facilitar su lectura. Revisa las entregas en este sitio. Si quieres revisar las anteriores [&#8230;]<\/p>\n<p>July 22, 2012<\/p>\n<\/div>\n<div id=\"post-934\">\n<p><a title=\"Permalink to Subocupaci\u00f3n registra un alza en junio: INEGI\" href=\"http:\/\/www.eloriente.net\/home\/2012\/07\/21\/subocupacion-registra-un-alza-en-junio-inegi\/\" rel=\"bookmark\">Subocupaci\u00f3n registra un alza en junio: INEGI<\/a><\/p>\n<p>eloriente.net\/INEGI 20 de julio\/2012 eloriente.net(Oaxaca, Oax) a 20 de julio de 2012.-\u00a0El Instituto Nacional de Estad\u00edstica y Geograf\u00eda(INEGI) dio a conocer los principales resultados de la Encuesta Nacional de \u00a0Ocupaci\u00f3n y Empleo (ENOE) para junio de 2012, los cuales indican una alza en la tasa de subocupaci\u00f3n, registrando 9.3% contra 7.8% del a\u00f1o pasado. Cifras [&#8230;]<\/p>\n<p>July 21, 2012<\/p>\n<\/div>\n<p><a title=\"Permalink to Uso estrat\u00e9gico de medicamentos reduce transmisi\u00f3n de VIH: OMS\" href=\"http:\/\/www.eloriente.net\/home\/2012\/07\/20\/uso-estrategico-de-medicamentos-reduce-transmision-de-vih-oms\/\" rel=\"bookmark\">Uso estrat\u00e9gico de medicamentos reduce transmisi\u00f3n de VIH: OMS<\/a><\/p>\n<p><a href=\"http:\/\/www.eloriente.net\/home\/2012\/07\/20\/uso-estrategico-de-medicamentos-reduce-transmision-de-vih-oms\/\" rel=\"bookmark\"><img decoding=\"async\" title=\"Uso estrat\u00e9gico de medicamentos reduce transmisi\u00f3n de VIH: OMS\" src=\"http:\/\/www.eloriente.net\/home\/wp-content\/themes\/city-desk\/timthumb.php?src=http%3A%2F%2Fwww.eloriente.net%2Fhome%2Fwp-content%2Fuploads%2F2012%2F07%2Fsida.jpeg&amp;q=90&amp;w=160&amp;h=106&amp;zc=1\" alt=\"Uso estrat\u00e9gico de medicamentos reduce transmisi\u00f3n de VIH: OMS\" \/><\/a><\/p>\n<p>eloriente.net\/ OMS 20 de julio\/2012 Un uso de los medicamentos antirretrov\u00edricos contra el VIH guiado por un criterio m\u00e1s estrat\u00e9gico puede reducir considerablemente la transmisi\u00f3n de este agente pat\u00f3geno, seg\u00fan las propuestas que la Organizaci\u00f3n Mundial de la Salud (OMS) dar\u00e1 a conocer en la XIX Conferencia Internacional sobre el Sida, que comenzar\u00e1 el domingo [&#8230;]<\/p>\n<p>July 20, 2012<\/p>\n\n\t\t\t  <div \n\t\t\t  \tclass = \"fb-comments\" \n\t\t\t  \tdata-href = \"http:\/\/www.eloriente.net\/home\/2013\/11\/01\/la-muerte-en-oaxaca-inegi\/\"\n\t\t\t  \tdata-numposts = \"10\"\n\t\t\t\tdata-colorscheme = \"dark\"\n\t\t\t\tdata-order-by = \"social\"\n\t\t\t\tdata-mobile=true>\n\t\t\t  <\/div>\n\t\t  <style>\n\t\t\t.fb_iframe_widget_fluid_desktop iframe {\n\t\t\t    width: 100% !important;\n\t\t\t}\n\t\t  <\/style>\n\t\t  ","protected":false},"excerpt":{"rendered":"<p>eloriente.net\/INEGI 1 de noviembre de 2013 Estad\u00edsticas a Prop\u00f3sito del D\u00eda de Muertos: INEGI El Instituto Nacional de Geograf\u00eda y Estad\u00edstica ha compartido este reporte especial por el D\u00eda de Muertos 2013 con ELORIENTE.NET. El reporte es un compilaci\u00f3n exhaustiva de diversos aspectos relacionados con la muerte (y con la vida) en Oaxaca. Destacan datos [&hellip;]<\/p>\n","protected":false},"author":1,"featured_media":17259,"comment_status":"open","ping_status":"open","sticky":false,"template":"","format":"standard","meta":{"_jetpack_memberships_contains_paid_content":false,"footnotes":""},"categories":[32,13,31,30],"tags":[],"class_list":["post-17258","post","type-post","status-publish","format-standard","has-post-thumbnail","hentry","category-entradas","category-especiales","category-principal","category-salud"],"jetpack_featured_media_url":"http:\/\/www.eloriente.net\/home\/wp-content\/uploads\/2013\/11\/Muertos-Oaxaca-Atribucio\u0301n-Algunos-derechos-reservados-por-Cidades-para-Pessoas-.jpg","jetpack_sharing_enabled":true,"_links":{"self":[{"href":"http:\/\/www.eloriente.net\/home\/wp-json\/wp\/v2\/posts\/17258"}],"collection":[{"href":"http:\/\/www.eloriente.net\/home\/wp-json\/wp\/v2\/posts"}],"about":[{"href":"http:\/\/www.eloriente.net\/home\/wp-json\/wp\/v2\/types\/post"}],"author":[{"embeddable":true,"href":"http:\/\/www.eloriente.net\/home\/wp-json\/wp\/v2\/users\/1"}],"replies":[{"embeddable":true,"href":"http:\/\/www.eloriente.net\/home\/wp-json\/wp\/v2\/comments?post=17258"}],"version-history":[{"count":2,"href":"http:\/\/www.eloriente.net\/home\/wp-json\/wp\/v2\/posts\/17258\/revisions"}],"predecessor-version":[{"id":17261,"href":"http:\/\/www.eloriente.net\/home\/wp-json\/wp\/v2\/posts\/17258\/revisions\/17261"}],"wp:featuredmedia":[{"embeddable":true,"href":"http:\/\/www.eloriente.net\/home\/wp-json\/wp\/v2\/media\/17259"}],"wp:attachment":[{"href":"http:\/\/www.eloriente.net\/home\/wp-json\/wp\/v2\/media?parent=17258"}],"wp:term":[{"taxonomy":"category","embeddable":true,"href":"http:\/\/www.eloriente.net\/home\/wp-json\/wp\/v2\/categories?post=17258"},{"taxonomy":"post_tag","embeddable":true,"href":"http:\/\/www.eloriente.net\/home\/wp-json\/wp\/v2\/tags?post=17258"}],"curies":[{"name":"wp","href":"https:\/\/api.w.org\/{rel}","templated":true}]}}