{"id":17264,"date":"2013-11-01T10:33:44","date_gmt":"2013-11-01T16:33:44","guid":{"rendered":"http:\/\/www.eloriente.net\/home\/?p=17264"},"modified":"2013-11-01T11:26:15","modified_gmt":"2013-11-01T17:26:15","slug":"que-implica-la-igualdad-de-genero","status":"publish","type":"post","link":"http:\/\/www.eloriente.net\/home\/2013\/11\/01\/que-implica-la-igualdad-de-genero\/","title":{"rendered":"\u00bfQu\u00e9 implica la Igualdad de G\u00e9nero?"},"content":{"rendered":"<p>eloriente.net\/<a href=\"http:\/\/miguelcarbonell.com\/\" target=\"_blank\">Miguel Carbonell<\/a><\/p>\n<p>1 de noviembre de 2013<br \/>\n<iframe loading=\"lazy\" src=\"\/\/www.youtube.com\/embed\/8K2VH29N-yY\" frameborder=\"0\" width=\"420\" height=\"315\"><\/iframe><\/p>\n<p>\u00abDi\u00e1logos con Carbonell\u00bb es una serie de c\u00e1psulas destinadas a contribuir en la formaci\u00f3n de las y los j\u00f3venes, dando impulso a los valores, el civismo, la \u00e9tica y la cultura de la legalidad\/ C\u00e1psulas grabadas por la Comisi\u00f3n Estatal de Derechos Humanos de Chihuahua en Septiembre, 2013.<\/p>\n<p>&nbsp;<\/p>\n<p><a href=\"http:\/\/www.eloriente.net\/home\/wp-content\/uploads\/2013\/11\/Captura-Miguel-Carbonell-Igualdad.png\"><img loading=\"lazy\" decoding=\"async\" class=\"alignnone size-medium wp-image-17271\" title=\"Captura Miguel Carbonell Igualdad\" src=\"http:\/\/www.eloriente.net\/home\/wp-content\/uploads\/2013\/11\/Captura-Miguel-Carbonell-Igualdad-300x166.png\" alt=\"\" width=\"300\" height=\"166\" srcset=\"http:\/\/www.eloriente.net\/home\/wp-content\/uploads\/2013\/11\/Captura-Miguel-Carbonell-Igualdad-300x166.png 300w, http:\/\/www.eloriente.net\/home\/wp-content\/uploads\/2013\/11\/Captura-Miguel-Carbonell-Igualdad.png 696w\" sizes=\"(max-width: 300px) 100vw, 300px\" \/><\/a><\/p>\n<p>&nbsp;<\/p>\n<p>&nbsp;<\/p>\n<p><strong>Otras Entradas:<\/strong><\/p>\n<div>\n<p><a title=\"Permalink to \u201cHomosexuales no deben ser juzgados ni marginados\u201d: Papa Franciso\" href=\"http:\/\/www.eloriente.net\/home\/2013\/07\/30\/homosexuales-no-deben-ser-juzgados-ni-marginados-papa-franciso\/\" rel=\"bookmark\">\u201cHomosexuales no deben ser juzgados ni marginados\u201d: Papa Francisco<\/a><\/p>\n<p><a href=\"http:\/\/www.eloriente.net\/home\/2013\/07\/30\/homosexuales-no-deben-ser-juzgados-ni-marginados-papa-franciso\/\" rel=\"bookmark\"><img decoding=\"async\" src=\"http:\/\/www.eloriente.net\/home\/wp-content\/themes\/city-desk\/timthumb.php?src=http%3A%2F%2Fwww.eloriente.net%2Fhome%2Fwp-content%2Fuploads%2F2013%2F07%2FPAPA-FRANCISCO.jpg&amp;q=90&amp;w=160&amp;h=106&amp;zc=1\" alt=\"\u201cHomosexuales no deben ser juzgados ni marginados\u201d: Papa Franciso\" \/><\/a>eloriente.net 30 de julio de 2013 eloriente.net (Oaxaca, Oax.) 30 de julio de 2013.- Ayer, durante su viaje de regreso de R\u00edo de Janeiro a Roma, el m\u00e1ximo l\u00edder de la Iglesia Cat\u00f3lica, el Papa Francisco, expres\u00f3 en una charla con periodistas\u00a0que los homosexuales no deben ser juzgados ni marginados en la sociedad. De acuerdo [&#8230;]<\/p>\n<p>July 30, 2013<\/p>\n<\/div>\n<div>\n<p><a title=\"Permalink to ONU lanza campa\u00f1a mundial \u201cLibre e Igual\u201d por los derechos de la comunidad LGTB\" href=\"http:\/\/www.eloriente.net\/home\/2013\/07\/26\/onu-lanza-campana-mundial-libre-e-igual-por-los-derechos-de-la-comunidad-lgtb\/\" rel=\"bookmark\">ONU lanza campa\u00f1a mundial \u201cLibre e Igual\u201d por los derechos de la comunidad LGTB<\/a><\/p>\n<p><a href=\"http:\/\/www.eloriente.net\/home\/2013\/07\/26\/onu-lanza-campana-mundial-libre-e-igual-por-los-derechos-de-la-comunidad-lgtb\/\" rel=\"bookmark\"><img decoding=\"async\" src=\"http:\/\/www.eloriente.net\/home\/wp-content\/themes\/city-desk\/timthumb.php?src=http%3A%2F%2Fwww.eloriente.net%2Fhome%2Fwp-content%2Fuploads%2F2013%2F07%2FAlgunos-derechos-reservados-por-FELGTB-lgtb.jpg&amp;q=90&amp;w=160&amp;h=106&amp;zc=1\" alt=\"ONU lanza campa\u00f1a mundial \u201cLibre e Igual\u201d por los derechos de la comunidad LGTB\" \/><\/a>eloriente.net\/ OACNUDH 26 de julio de 2013 eloriente.net (Oaxaca, Oax.) 26 de julio de 2013.- La Oficina del Alto Comisionado de las Naciones Unidas para los Derechos Humanos (OACNUDH) lanz\u00f3 este viernes 26 de julio una campa\u00f1a mundial para promover la tolerancia y la igualdad para las personas lesbianas, gays, bisexuales y transg\u00e9nero (LGBT). La [&#8230;]<\/p>\n<p>July 26, 2013<\/p>\n<\/div>\n<p><a title=\"Permalink to \u201cMovil\u00edzate, suscita el cambio\u201d en D\u00eda Internacional de Nelson Mandela\" href=\"http:\/\/www.eloriente.net\/home\/2013\/07\/18\/celebra-onu-dia-internacional-de-nelson-mandela\/\" rel=\"bookmark\">\u201cMovil\u00edzate, suscita el cambio\u201d en D\u00eda Internacional de Nelson Mandela<\/a><\/p>\n<p><a href=\"http:\/\/www.eloriente.net\/home\/2013\/07\/18\/celebra-onu-dia-internacional-de-nelson-mandela\/\" rel=\"bookmark\"><img decoding=\"async\" src=\"http:\/\/www.eloriente.net\/home\/wp-content\/themes\/city-desk\/timthumb.php?src=http%3A%2F%2Fwww.eloriente.net%2Fhome%2Fwp-content%2Fuploads%2F2013%2F03%2Fnelson-mandela-1918-to-2007-human-rights-302205_730_800.jpg&amp;q=90&amp;w=160&amp;h=106&amp;zc=1\" alt=\"\u201cMovil\u00edzate, suscita el cambio\u201d en D\u00eda Internacional de Nelson Mandela\" \/><\/a><\/p>\n<p>eloriente.net\/ Mandela Day\/ CINU 18 de julio de 2013 eloriente.net (Oaxaca, Oax.) 18 de julio de 2013.- Millones de personas celebran en todo el mundo el \u201cD\u00eda Internacional de Nelson Mandela\u201d este jueves 18 de julio\u2013fecha de nacimiento de \u2018Madiba, como se le conoce al expresidente Sudafricano\u2013, con el tema \u201cMovil\u00edzate, suscita el cambio\u201d, el [&#8230;]<\/p>\n<p>July 18, 2013<\/p>\n\n\t\t\t  <div \n\t\t\t  \tclass = \"fb-comments\" \n\t\t\t  \tdata-href = \"http:\/\/www.eloriente.net\/home\/2013\/11\/01\/que-implica-la-igualdad-de-genero\/\"\n\t\t\t  \tdata-numposts = \"10\"\n\t\t\t\tdata-colorscheme = \"dark\"\n\t\t\t\tdata-order-by = \"social\"\n\t\t\t\tdata-mobile=true>\n\t\t\t  <\/div>\n\t\t  <style>\n\t\t\t.fb_iframe_widget_fluid_desktop iframe {\n\t\t\t    width: 100% !important;\n\t\t\t}\n\t\t  <\/style>\n\t\t  ","protected":false},"excerpt":{"rendered":"<p>eloriente.net\/Miguel Carbonell 1 de noviembre de 2013 \u00abDi\u00e1logos con Carbonell\u00bb es una serie de c\u00e1psulas destinadas a contribuir en la formaci\u00f3n de las y los j\u00f3venes, dando impulso a los valores, el civismo, la \u00e9tica y la cultura de la legalidad\/ C\u00e1psulas grabadas por la Comisi\u00f3n Estatal de Derechos Humanos de Chihuahua en Septiembre, 2013. [&hellip;]<\/p>\n","protected":false},"author":11,"featured_media":17271,"comment_status":"open","ping_status":"open","sticky":false,"template":"","format":"standard","meta":{"_jetpack_memberships_contains_paid_content":false,"footnotes":""},"categories":[3,11,32,10,24,46],"tags":[],"class_list":["post-17264","post","type-post","status-publish","format-standard","has-post-thumbnail","hentry","category-canal-1-tu-aula","category-colaboradores","category-entradas","category-lo-mas-reciente","category-mexico-y-el-mundo","category-miguel-carbonell"],"jetpack_featured_media_url":"http:\/\/www.eloriente.net\/home\/wp-content\/uploads\/2013\/11\/Captura-Miguel-Carbonell-Igualdad.png","jetpack_sharing_enabled":true,"_links":{"self":[{"href":"http:\/\/www.eloriente.net\/home\/wp-json\/wp\/v2\/posts\/17264"}],"collection":[{"href":"http:\/\/www.eloriente.net\/home\/wp-json\/wp\/v2\/posts"}],"about":[{"href":"http:\/\/www.eloriente.net\/home\/wp-json\/wp\/v2\/types\/post"}],"author":[{"embeddable":true,"href":"http:\/\/www.eloriente.net\/home\/wp-json\/wp\/v2\/users\/11"}],"replies":[{"embeddable":true,"href":"http:\/\/www.eloriente.net\/home\/wp-json\/wp\/v2\/comments?post=17264"}],"version-history":[{"count":3,"href":"http:\/\/www.eloriente.net\/home\/wp-json\/wp\/v2\/posts\/17264\/revisions"}],"predecessor-version":[{"id":17268,"href":"http:\/\/www.eloriente.net\/home\/wp-json\/wp\/v2\/posts\/17264\/revisions\/17268"}],"wp:featuredmedia":[{"embeddable":true,"href":"http:\/\/www.eloriente.net\/home\/wp-json\/wp\/v2\/media\/17271"}],"wp:attachment":[{"href":"http:\/\/www.eloriente.net\/home\/wp-json\/wp\/v2\/media?parent=17264"}],"wp:term":[{"taxonomy":"category","embeddable":true,"href":"http:\/\/www.eloriente.net\/home\/wp-json\/wp\/v2\/categories?post=17264"},{"taxonomy":"post_tag","embeddable":true,"href":"http:\/\/www.eloriente.net\/home\/wp-json\/wp\/v2\/tags?post=17264"}],"curies":[{"name":"wp","href":"https:\/\/api.w.org\/{rel}","templated":true}]}}