{"id":17288,"date":"2013-11-02T11:18:57","date_gmt":"2013-11-02T17:18:57","guid":{"rendered":"http:\/\/www.eloriente.net\/home\/?p=17288"},"modified":"2013-11-02T11:19:42","modified_gmt":"2013-11-02T17:19:42","slug":"se-acabo-la-luna-de-miel-para-el-presidente","status":"publish","type":"post","link":"http:\/\/www.eloriente.net\/home\/2013\/11\/02\/se-acabo-la-luna-de-miel-para-el-presidente\/","title":{"rendered":"Se acab\u00f3 la &#8216;luna de miel&#8217; para el Presidente"},"content":{"rendered":"<p>eloriente.net<\/p>\n<p>2 de noviembre de 2013<\/p>\n<p style=\"text-align: right\"><a href=\"http:\/\/almargenoaxaca.wordpress.com\/author\/almargenoaxaca\/\" target=\"_blank\">Por: Adri\u00e1n Ortiz Romero<\/a><\/p>\n<p>Nada tiene de extra\u00f1o que un Presidente comience su proceso de desgaste desde el primer d\u00eda de su mandato. M\u00e1s bien, las dos preguntas que ser\u00eda interesante responder a partir de la experiencia de cada Mandatario son, primero, cu\u00e1nto tiempo dura lo que se conoce como \u201cla luna de miel\u201d del gobernante; y dos, y sobre todo, qu\u00e9 factores son los que llevan a dar por concluido ese primer periodo natural del gobernante con la poblaci\u00f3n y la opini\u00f3n p\u00fablica, en la que ni los cuestionamientos son tajantes ni han comenzado a marcarse las lejan\u00edas que luego se convierten en irremediables. Veamos el caso del presidente Enrique Pe\u00f1a Nieto, que parece estar llegando al fin de la luna de miel de su gobierno.<\/p>\n<p>En efecto, cada Presidente tiene su propio y particular proceso. Por ejemplo, en el caso de Felipe Calder\u00f3n, \u00e9ste tuvo una luna de miel pr\u00e1cticamente inexistente. Las condiciones en que le entreg\u00f3 Vicente Fox al pa\u00eds fueron determinantes para que, m\u00e1s bien, fuera en alg\u00fan punto intermedio de su gobierno, cuando fue m\u00e1s aceptado por la ciudadan\u00eda, antes de comenzar el declive natural, y terminar bajo un fuerte rechazo, que hoy en d\u00eda es casi inherente a los mandatarios. Fox, por su parte, tuvo una luna de miel que se rompi\u00f3 no por las adversidades, sino porque ya en el poder \u00e9ste se dio cuenta que resolver los problemas nacionales no era tan sencillo como fanfarroneaba cuando era candidato, y cuando asumi\u00f3 que no todos estar\u00edan dispuestos a ayudarlo oficiosamente.<\/p>\n<p>El caso de Enrique Pe\u00f1a Nieto como presidente es distinto. \u00c9ste lleg\u00f3 con un amplio margen de ventaja en la elecci\u00f3n, y con un nivel de aceptaci\u00f3n asimismo aceptable. Es parad\u00f3jico que apenas un a\u00f1o despu\u00e9s las condiciones comiencen a cambiar de forma radical, y que ello est\u00e9 determinado no por los desencuentros del Presidente con los dem\u00e1s actores pol\u00edticos, sino por el desgaste que le est\u00e1 generando el haber ido por las reformas. Es cierto que ello habla de un Presidente que no es timorato. Pero al mismo tiempo est\u00e1 marcando el fin del beneficio de la duda que se le dio a su administraci\u00f3n, para comenzar a entrar en el mundo de las realidades.<\/p>\n<p>En este sentido, hace unos d\u00edas el periodista Carlos Loret daba cuenta de una serie de factores que, dentro de no mucho tiempo, dar\u00e1n cuenta exacta del alto costo pol\u00edtico que est\u00e1 pagando el presidente Pe\u00f1a Nieto por las reformas. En su columna \u201cHistorias de Reportero\u201d del pasado 29 de octubre, daba siete claves de lo que dijo que ser\u00e1 la amarga noche del primer domingo de julio de 2015, cuando llegue el momento de los comicios intermedios y el PRI sea el gran perdedor.<\/p>\n<p>\u201cEs previsible que el PRI tenga un duro rev\u00e9s en las elecciones federales de 2015 porque: 1.- La econom\u00eda va mal y no tiene visos de recuperar fuerza. El crecimiento econ\u00f3mico de este a\u00f1o quedar\u00e1 en la frontera de la recesi\u00f3n y en 2014 y 2015 las expectativas son de apenas una leve mejor\u00eda. 2.- La reforma fiscal golpea a sectores pol\u00edticamente muy influyentes: los empresarios y la clase media. Los primeros son muchas veces fuente de apoyo a las campa\u00f1as de todos los niveles y los segundos construyen la opini\u00f3n p\u00fablica que incide en la narrativa de las contiendas electorales. 3.- El calendario no le ayuda: la reforma fiscal se aplicar\u00e1 a partir de 2014; sus efectos se sentir\u00e1n a la hora de hacer la declaraci\u00f3n de impuestos\u2026 en abril de 2015\u2026 tres meses antes de las elecciones para renovar la C\u00e1mara de Diputados federal y nueve gubernaturas. 4.- A cambio de sus votos en el Congreso, el gobierno ha sido generoso con PAN y PRD: sus gobernadores van a contar con m\u00e1s presupuesto, del que podr\u00e1n echar mano para alentar a sus partidos (nom\u00e1s el GDF perredista se llev\u00f3 un \u201cfondo de capitalidad\u201d por 500 millones de d\u00f3lares para repartir a discreci\u00f3n).<\/p>\n<p>\u201c5.- El PAN se ha posicionado como fuerte opositor a los atropellos fiscales. Quiere regresar a sus fundacionales como defensor del empresariado y las clases medias ilustradas urbanas. Adem\u00e1s, su apasionado rechazo al IVA en la frontera le permitir\u00e1 llegar con discurso para mantener la supremac\u00eda en Baja California y Sonora (donde actualmente es gobierno), pelear Nuevo Le\u00f3n y Chihuahua (donde ya ha gobernado), y buscar crecer en Coahuila y Tamaulipas. 6.- La \u201cbondad\u201d de las reformas cuya aprobaci\u00f3n podr\u00eda beneficiar al PRI-gobierno est\u00e1 lejos de palparse: la educativa s\u00f3lo existe en el papel, la de telecomunicaciones no tiene ley secundaria, la fiscal no le dar\u00e1 un caudal de dinero sino apenas para pasar el 2014 y la energ\u00e9tica, de aprobarse, tardar\u00e1 dos o tres a\u00f1os en arrojar alg\u00fan efecto inicial. 7.- Los veinti\u00fan gobernadores priistas, que han sido eficaces operadores electorales, est\u00e1n vapuleados: el gobierno federal les ha reducido peso, poder y margen de maniobra, y han tenido que acatar la \u201cl\u00ednea\u201d de Los Pinos en temas impopulares en sus estados.\u201d<\/p>\n<p><strong>LOS DESENCUENTROS<\/strong><\/p>\n<p>Sobre esto mismo, el periodista Raymundo Riva Palacio se\u00f1alaba tambi\u00e9n esta semana, sobre el fin de la luna de miel del Presidente con los mexicanos, y el duro choque de su gobierno con la realidad, que \u201cPe\u00f1a Nieto a\u00fan no cumple su primer a\u00f1o de gobierno y se encuentra en un momento donde el \u00e9xito de su gesti\u00f3n est\u00e1 cuestionado. Se le carga haber arrastrado los dos factores que presumi\u00f3 el PRI durante los sexenios panistas: que sab\u00edan manejar la econom\u00eda, y que eran los \u00fanicos que propiciaban estabilidad y gobernabilidad. En 10 meses, el gobierno desmantel\u00f3 lo que parece haber sido un mito. El pa\u00eds crec\u00eda de manera mediocre en los gobiernos panistas, pero hoy, sin crisis mundial, est\u00e1 al borde de la recesi\u00f3n. La violencia subi\u00f3 pr\u00e1cticamente en todos sus g\u00e9neros; Michoac\u00e1n es territorio narco; el crimen organizado abri\u00f3 nuevos campos de batalla en la zona conurbada del Distrito Federal que colinda con el estado de M\u00e9xico; y un movimiento magisterial disidente en cinco entidades, existe ya en 22 estados.\u201d<\/p>\n<p><strong>FACTORES DEL DESASTRE<\/strong><\/p>\n<p>Loret dice que uno de los factores que le costar\u00e1 caro al Presidente es que, a pesar de lo mucho de su capital pol\u00edtico que invirti\u00f3 en sus reformas, \u00e9stas no dejar\u00e1n ver sus efectos sino hasta dentro de varios a\u00f1os, quiz\u00e1 cuando \u00e9ste ya no sea Mandatario (mientras, \u00e9l pagar\u00e1 los platos rotos). Y Riva Palacio apunta otro: con la reforma fiscal, el Presidente golpea a la clase empresarial que lo respald\u00f3, desde\u00f1a a los Gobernadores priistas, y premia a sus opositores. La luna de miel, pues, se acaba. \u00bfAlguien lo duda?<\/p>\n<p><a href=\"http:\/\/www.eloriente.net\/home\/wp-content\/uploads\/2012\/09\/pe\u00f1a-nieto.jpeg\"><img loading=\"lazy\" decoding=\"async\" class=\"alignnone  wp-image-3231\" src=\"http:\/\/www.eloriente.net\/home\/wp-content\/uploads\/2012\/09\/pe\u00f1a-nieto.jpeg\" alt=\"\" width=\"614\" height=\"410\" srcset=\"http:\/\/www.eloriente.net\/home\/wp-content\/uploads\/2012\/09\/pe\u00f1a-nieto.jpeg 1024w, http:\/\/www.eloriente.net\/home\/wp-content\/uploads\/2012\/09\/pe\u00f1a-nieto-300x200.jpeg 300w\" sizes=\"(max-width: 614px) 100vw, 614px\" \/><\/a><\/p>\n<p style=\"text-align: right\"><strong>Otras Entradas:<\/strong><\/p>\n<p><a title=\"Permalink to Mensaje \u00edntegro de Canciller de M\u00e9xico Jose Antonio Meade en Naciones Unidas\" href=\"http:\/\/www.eloriente.net\/home\/2013\/09\/26\/mensaje-integro-de-canciller-de-mexico-jose-antonio-meade-en-naciones-unidas\/\" rel=\"bookmark\">Mensaje \u00edntegro de Canciller de M\u00e9xico Jose Antonio Meade en Naciones Unidas<\/a><\/p>\n<p><a href=\"http:\/\/www.eloriente.net\/home\/2013\/09\/26\/mensaje-integro-de-canciller-de-mexico-jose-antonio-meade-en-naciones-unidas\/\" rel=\"bookmark\"><img decoding=\"async\" src=\"http:\/\/www.eloriente.net\/home\/wp-content\/themes\/city-desk\/timthumb.php?src=http%3A%2F%2Fwww.eloriente.net%2Fhome%2Fwp-content%2Fuploads%2F2013%2F09%2FCaptura-Meade-Kuri-ONU.jpg&amp;q=90&amp;w=160&amp;h=106&amp;zc=1\" alt=\"Mensaje \u00edntegro de Canciller de M\u00e9xico Jose Antonio Meade en Naciones Unidas\" \/><\/a><\/p>\n<p>eloriente.net\/ONU TV 26 de septiembre de 2013 Este d\u00eda, Jos\u00e9 Antonio Meade Kuri Bre\u00f1a represent\u00f3 al Presidente Pe\u00f1a Nieto en la sesi\u00f3n plenaria de la Organizaci\u00f3n de Naciones Unidas. Por su trascendencia diplom\u00e1tica, ELORIENTE.NET deja el testimonio de esta intervenci\u00f3n. En un primer momento, Kuri da la bienvenida a la intenci\u00f3n de celebrar en 2014 [&#8230;]<\/p>\n<p>September 26, 2013<\/p>\n<div>\n<p><a title=\"Permalink to \u201cSolicito que los recursos realmente se apliquen a reconstrucci\u00f3n\u201d: Pe\u00f1a Nieto\" href=\"http:\/\/www.eloriente.net\/home\/2013\/09\/25\/solicito-que-los-recursos-realmente-se-apliquen-a-reconstruccion-pena-nieto\/\" rel=\"bookmark\">\u201cSolicito que los recursos realmente se apliquen a reconstrucci\u00f3n\u201d: Pe\u00f1a Nieto<\/a><\/p>\n<p><a href=\"http:\/\/www.eloriente.net\/home\/2013\/09\/25\/solicito-que-los-recursos-realmente-se-apliquen-a-reconstruccion-pena-nieto\/\" rel=\"bookmark\"><img decoding=\"async\" src=\"http:\/\/www.eloriente.net\/home\/wp-content\/themes\/city-desk\/timthumb.php?src=http%3A%2F%2Fwww.eloriente.net%2Fhome%2Fwp-content%2Fuploads%2F2012%2F09%2Fpe%C3%B1a-nieto.jpeg&amp;q=90&amp;w=160&amp;h=106&amp;zc=1\" alt=\"\u201cSolicito que los recursos realmente se apliquen a reconstrucci\u00f3n\u201d: Pe\u00f1a Nieto\" \/><\/a>eloriente.net 25 de septiembre de 2013 eloriente.net (Oaxaca, Oax. a 25 de septiembre de 2013).- \u201cTransparencia y debido ejercicio de los recursos del FONDEM\u201d, es la instrucci\u00f3n que ha girado esta tarde el presidente Enrique Pe\u00f1a Nieto en el marco de la Reuni\u00f3n de Evaluaci\u00f3n del gobierno en pleno sobre la emergencia por lluvias en [&#8230;]<\/p>\n<p>September 25, 2013<\/p>\n<\/div>\n<div>\n<p><a title=\"Permalink to El conflicto magisterial debe resolverse en DF\" href=\"http:\/\/www.eloriente.net\/home\/2013\/09\/24\/el-conflicto-magisterial-debe-resolverse-en-df\/\" rel=\"bookmark\">El conflicto magisterial debe resolverse en DF<\/a><\/p>\n<p>eloriente.net 24 de septiembre de 2013 Por: Adri\u00e1n Ortiz Romero + El conflicto magisterial debe resolverse en DF + Oaxaca no debe permitir ser minor\u00eda oprimida Es posible que estemos viendo los \u00faltimos cap\u00edtulos del conflicto magisterial en la Ciudad de M\u00e9xico, aunque lo que ahora no debe permitirse es que la inconformidad s\u00f3lo se [&#8230;]<\/p>\n<p>September 24, 2013<\/p>\n<\/div>\n\n\t\t\t  <div \n\t\t\t  \tclass = \"fb-comments\" \n\t\t\t  \tdata-href = \"http:\/\/www.eloriente.net\/home\/2013\/11\/02\/se-acabo-la-luna-de-miel-para-el-presidente\/\"\n\t\t\t  \tdata-numposts = \"10\"\n\t\t\t\tdata-colorscheme = \"dark\"\n\t\t\t\tdata-order-by = \"social\"\n\t\t\t\tdata-mobile=true>\n\t\t\t  <\/div>\n\t\t  <style>\n\t\t\t.fb_iframe_widget_fluid_desktop iframe {\n\t\t\t    width: 100% !important;\n\t\t\t}\n\t\t  <\/style>\n\t\t  ","protected":false},"excerpt":{"rendered":"<p>eloriente.net 2 de noviembre de 2013 Por: Adri\u00e1n Ortiz Romero Nada tiene de extra\u00f1o que un Presidente comience su proceso de desgaste desde el primer d\u00eda de su mandato. M\u00e1s bien, las dos preguntas que ser\u00eda interesante responder a partir de la experiencia de cada Mandatario son, primero, cu\u00e1nto tiempo dura lo que se conoce [&hellip;]<\/p>\n","protected":false},"author":2,"featured_media":3231,"comment_status":"open","ping_status":"open","sticky":false,"template":"","format":"standard","meta":{"_jetpack_memberships_contains_paid_content":false,"footnotes":""},"categories":[38,11,32,10,24,21],"tags":[],"class_list":["post-17288","post","type-post","status-publish","format-standard","has-post-thumbnail","hentry","category-adrian-ortiz-romero","category-colaboradores","category-entradas","category-lo-mas-reciente","category-mexico-y-el-mundo","category-politica-y-gobierno"],"jetpack_featured_media_url":"http:\/\/www.eloriente.net\/home\/wp-content\/uploads\/2012\/09\/pe\u00f1a-nieto.jpeg","jetpack_sharing_enabled":true,"_links":{"self":[{"href":"http:\/\/www.eloriente.net\/home\/wp-json\/wp\/v2\/posts\/17288"}],"collection":[{"href":"http:\/\/www.eloriente.net\/home\/wp-json\/wp\/v2\/posts"}],"about":[{"href":"http:\/\/www.eloriente.net\/home\/wp-json\/wp\/v2\/types\/post"}],"author":[{"embeddable":true,"href":"http:\/\/www.eloriente.net\/home\/wp-json\/wp\/v2\/users\/2"}],"replies":[{"embeddable":true,"href":"http:\/\/www.eloriente.net\/home\/wp-json\/wp\/v2\/comments?post=17288"}],"version-history":[{"count":2,"href":"http:\/\/www.eloriente.net\/home\/wp-json\/wp\/v2\/posts\/17288\/revisions"}],"predecessor-version":[{"id":17290,"href":"http:\/\/www.eloriente.net\/home\/wp-json\/wp\/v2\/posts\/17288\/revisions\/17290"}],"wp:featuredmedia":[{"embeddable":true,"href":"http:\/\/www.eloriente.net\/home\/wp-json\/wp\/v2\/media\/3231"}],"wp:attachment":[{"href":"http:\/\/www.eloriente.net\/home\/wp-json\/wp\/v2\/media?parent=17288"}],"wp:term":[{"taxonomy":"category","embeddable":true,"href":"http:\/\/www.eloriente.net\/home\/wp-json\/wp\/v2\/categories?post=17288"},{"taxonomy":"post_tag","embeddable":true,"href":"http:\/\/www.eloriente.net\/home\/wp-json\/wp\/v2\/tags?post=17288"}],"curies":[{"name":"wp","href":"https:\/\/api.w.org\/{rel}","templated":true}]}}