{"id":17300,"date":"2013-11-04T09:32:52","date_gmt":"2013-11-04T15:32:52","guid":{"rendered":"http:\/\/www.eloriente.net\/home\/?p=17300"},"modified":"2013-11-04T09:32:52","modified_gmt":"2013-11-04T15:32:52","slug":"cumple-con-tu-deber-el-mensaje-para-dar-a-conocer-cambios-en-sistema-de-justicia","status":"publish","type":"post","link":"http:\/\/www.eloriente.net\/home\/2013\/11\/04\/cumple-con-tu-deber-el-mensaje-para-dar-a-conocer-cambios-en-sistema-de-justicia\/","title":{"rendered":"&#8216;Cumple con tu deber&#8217;, el mensaje para dar a conocer cambios en sistema de justicia"},"content":{"rendered":"<p>eloriente.net\/<a href=\"http:\/\/www.tribunaloax.gob.mx\/\" target=\"_blank\">TSJEO<\/a><\/p>\n<p>4 de noviembre de 2013<\/p>\n<p>A m\u00e1s tardar el pr\u00f3ximo 15 de diciembre, unos 72 mil habitantes de la regi\u00f3n de la Cuenca del Papaloapan habr\u00e1n conocido sobre\u00a0 los beneficios y garant\u00edas que ofrece el Nuevo Sistema de Justicia Penal, implementado el pasado mes de septiembre en esta zona del estado.<\/p>\n<p>Lo anterior, derivado del programa de visitas Casa por Casa que la Procuradur\u00eda para la Defensa del Ind\u00edgena y Grupos Vulnerables (PRODI) lleva a cabo con el apoyo de 30 j\u00f3venes profesionistas y universitarios de la regi\u00f3n quienes recorren los municipios de Tuxtepec, Acatl\u00e1n de P\u00e9rez Figueroa, Cosolapa, Jalapa de D\u00edaz y Loma Bonita, con la meta de llevar informaci\u00f3n a 24 mil hogares.<\/p>\n<p>La instituci\u00f3n, que trabaja de manera conjunta con el Poder Judicial del Estado, la Procuradur\u00eda General de Justicia y la Secretar\u00eda de Seguridad P\u00fablica, integradas en el \u00d3rgano Implementador del Sistema Acusatorio Adversarial (OISA), llev\u00f3 a cabo una jornada de capacitaci\u00f3n previa para los operadores de esta acci\u00f3n.<\/p>\n<p>Los j\u00f3venes, que portan gafete, gorra y una playera con el slogan \u201cCumple con tu deber\u201d, comunican a los ciudadanos la necesidad de transformar la forma de impartir justicia, pasando de un sistema inquisitivo a uno de corte Acusatorio Adversarial, donde las audiencias son p\u00fablicas, el imputado tiene la oportunidad de enfrentar el proceso en libertad y se hacen v\u00e1lidos diversos mecanismos como las salidas alternas.<\/p>\n<p>Durante las visitas, se hace entrega de diversos obsequios, entre ellos: llaveros, lapiceros, abanicos, tr\u00edpticos y carteles, as\u00ed como juegos de loter\u00eda y memorama, que contienen im\u00e1genes alusivas a los actores involucrados en los Juicios Orales. El material gr\u00e1fico contiene informaci\u00f3n sobre el sistema, que busca brindar mejores soluciones a los problemas de car\u00e1cter penal, procurando la armon\u00eda social.<\/p>\n<p>El programa de visitas casa por casa inici\u00f3 el 17 de octubre en los municipios Acatl\u00e1n de P\u00e9rez Figueroa y Cosolapa, mientras en Jalapa de D\u00edaz y Loma Bonita arranc\u00f3 el pasado 18 de octubre y hasta ahora la respuesta de la gente ha sido positiva, indic\u00f3 la jefa del departamento de Atenci\u00f3n a Grupos Vulnerables de la PRODI, Marta Mart\u00ednez R\u00edos.<\/p>\n<p>\u201cHemos observado que la poblaci\u00f3n de la Cuenca del Papaloapan conf\u00eda en la labor que desempe\u00f1ar\u00e1n las instituciones encargadas de impartir justicia con el Nuevo Sistema de Justicia Penal\u201d, asegur\u00f3 durante su visita para coordinar las actividades en esa regi\u00f3n.<\/p>\n<p><a href=\"http:\/\/www.eloriente.net\/home\/wp-content\/uploads\/2013\/11\/OISA-Cuenca.jpg\"><img loading=\"lazy\" decoding=\"async\" class=\"alignnone size-medium wp-image-17301\" title=\"OISA Cuenca\" src=\"http:\/\/www.eloriente.net\/home\/wp-content\/uploads\/2013\/11\/OISA-Cuenca-300x168.jpg\" alt=\"\" width=\"300\" height=\"168\" srcset=\"http:\/\/www.eloriente.net\/home\/wp-content\/uploads\/2013\/11\/OISA-Cuenca-300x168.jpg 300w, http:\/\/www.eloriente.net\/home\/wp-content\/uploads\/2013\/11\/OISA-Cuenca-1024x576.jpg 1024w\" sizes=\"(max-width: 300px) 100vw, 300px\" \/><\/a><\/p>\n<p>Foto: TSJEO<\/p>\n<p style=\"text-align: right;\"><strong>Otras Entradas:<\/strong><\/p>\n<div id=\"post-17175\">\n<p><a title=\"Permalink to A 35,000 ha llegado Plan Estrat\u00e9gico de Difusi\u00f3n de Sistema Adversarial\" href=\"http:\/\/www.eloriente.net\/home\/2013\/10\/28\/a-35000-ha-llegado-plan-estrategico-de-difusion-de-sistema-adversarial\/\" rel=\"bookmark\">A 35,000 ha llegado Plan Estrat\u00e9gico de Difusi\u00f3n de Sistema Adversarial<\/a><\/p>\n<p><a href=\"http:\/\/www.eloriente.net\/home\/2013\/10\/28\/a-35000-ha-llegado-plan-estrategico-de-difusion-de-sistema-adversarial\/\" rel=\"bookmark\"><img decoding=\"async\" title=\"A 35,000 ha llegado Plan Estrat\u00e9gico de Difusi\u00f3n de Sistema Adversarial\" src=\"http:\/\/www.eloriente.net\/home\/wp-content\/themes\/city-desk\/timthumb.php?src=http%3A%2F%2Fwww.eloriente.net%2Fhome%2Fwp-content%2Fuploads%2F2013%2F10%2FEl-magistrado-Alfredo-Lagunas-en-evaluaci%C3%B3n-de-acciones-del-Sistema-Acusatorio-Adversarial-1.jpg&amp;q=90&amp;w=160&amp;h=106&amp;zc=1\" alt=\"A 35,000 ha llegado Plan Estrat\u00e9gico de Difusi\u00f3n de Sistema Adversarial\" \/><\/a>eloriente.net\/TSJEO 28 de octubre de 2013 El presidente del\u00a0Consejo de Coordinaci\u00f3n para la Implementaci\u00f3n del Sistema Acusatorio, magistrado Alfredo Lagunas, evalu\u00f3\u00a0\u00a0resultados del Plan Estrat\u00e9gico de Difusi\u00f3n. El titular del Poder Judicial, magistrado Alfredo Lagunas Rivera, afirm\u00f3 que el Sistema Acusatorio Adversarial, bajo el esquema de juicios orales, se ha implementado en el 60 por ciento [&#8230;]<\/p>\n<p>October 28, 2013<\/p>\n<\/div>\n<div id=\"post-17118\">\n<p><a title=\"Permalink to Tolerancia Cero contra el Trabajo Infantil en Oaxaca: Organizaciones\" href=\"http:\/\/www.eloriente.net\/home\/2013\/10\/24\/tolerancia-cero-contra-el-trabajo-infantil-en-oaxaca-organizaciones\/\" rel=\"bookmark\">Tolerancia Cero contra el Trabajo Infantil en Oaxaca: Organizaciones<\/a><\/p>\n<p><a href=\"http:\/\/www.eloriente.net\/home\/2013\/10\/24\/tolerancia-cero-contra-el-trabajo-infantil-en-oaxaca-organizaciones\/\" rel=\"bookmark\"><img decoding=\"async\" title=\"Tolerancia Cero contra el Trabajo Infantil en Oaxaca: Organizaciones\" src=\"http:\/\/www.eloriente.net\/home\/wp-content\/themes\/city-desk\/timthumb.php?src=http%3A%2F%2Fwww.eloriente.net%2Fhome%2Fwp-content%2Fuploads%2F2013%2F10%2FConferencia-de-Prensa-Observatorio-OIT.jpg&amp;q=90&amp;w=160&amp;h=106&amp;zc=1\" alt=\"Tolerancia Cero contra el Trabajo Infantil en Oaxaca: Organizaciones\" \/><\/a>eloriente.net\/Observatorio Ciudadano 24 de octubre de 2013 Presenta sociedad civil informe y actividades contra el Trabajo Infantil Convoca a medios de comunicaci\u00f3n a participar en Taller Internacional a realizarse en Oaxaca en noviembre En M\u00e9xico, cerca de 3 millones de ni\u00f1as y ni\u00f1os se encuentran en situaci\u00f3n de trabajo infantil, por lo cual es fundamental [&#8230;]<\/p>\n<p>October 24, 2013<\/p>\n<\/div>\n<p><a title=\"Permalink to Trabajo Infantil: Demos una oportunidad a las ni\u00f1as\" href=\"http:\/\/www.eloriente.net\/home\/2013\/10\/23\/trabajo-infantil-demos-una-oportunidad-a-las-ninas\/\" rel=\"bookmark\">Trabajo Infantil: Demos una oportunidad a las ni\u00f1as<\/a><\/p>\n<p>eloriente.net\/Hub Oaxaca 23 de octubre de 2013 Por: Hub Oaxaca Las estimaciones mundiales m\u00e1s recientes de la OIT sobre la magnitud del trabajo\u00a0infantil indicaban que exist\u00edan m\u00e1s de 100 millones de ni\u00f1as trabajadoras.\u00a0Estas ni\u00f1as\u00a0representan aproximadamente el 46 por ciento de todos los ni\u00f1os que trabajan.\u00a0Se calculaba que unos 53 millones de ni\u00f1as realizaban\u00a0trabajos peligrosos,identificados como [&#8230;]<\/p>\n<p>October 23, 2013<\/p>\n\n\t\t\t  <div \n\t\t\t  \tclass = \"fb-comments\" \n\t\t\t  \tdata-href = \"http:\/\/www.eloriente.net\/home\/2013\/11\/04\/cumple-con-tu-deber-el-mensaje-para-dar-a-conocer-cambios-en-sistema-de-justicia\/\"\n\t\t\t  \tdata-numposts = \"10\"\n\t\t\t\tdata-colorscheme = \"dark\"\n\t\t\t\tdata-order-by = \"social\"\n\t\t\t\tdata-mobile=true>\n\t\t\t  <\/div>\n\t\t  <style>\n\t\t\t.fb_iframe_widget_fluid_desktop iframe {\n\t\t\t    width: 100% !important;\n\t\t\t}\n\t\t  <\/style>\n\t\t  ","protected":false},"excerpt":{"rendered":"<p>eloriente.net\/TSJEO 4 de noviembre de 2013 A m\u00e1s tardar el pr\u00f3ximo 15 de diciembre, unos 72 mil habitantes de la regi\u00f3n de la Cuenca del Papaloapan habr\u00e1n conocido sobre\u00a0 los beneficios y garant\u00edas que ofrece el Nuevo Sistema de Justicia Penal, implementado el pasado mes de septiembre en esta zona del estado. Lo anterior, derivado [&hellip;]<\/p>\n","protected":false},"author":1,"featured_media":17301,"comment_status":"open","ping_status":"open","sticky":false,"template":"","format":"standard","meta":{"_jetpack_memberships_contains_paid_content":false,"footnotes":""},"categories":[22,32,13],"tags":[],"class_list":["post-17300","post","type-post","status-publish","format-standard","has-post-thumbnail","hentry","category-derechos-humanos","category-entradas","category-especiales"],"jetpack_featured_media_url":"http:\/\/www.eloriente.net\/home\/wp-content\/uploads\/2013\/11\/OISA-Cuenca.jpg","jetpack_sharing_enabled":true,"_links":{"self":[{"href":"http:\/\/www.eloriente.net\/home\/wp-json\/wp\/v2\/posts\/17300"}],"collection":[{"href":"http:\/\/www.eloriente.net\/home\/wp-json\/wp\/v2\/posts"}],"about":[{"href":"http:\/\/www.eloriente.net\/home\/wp-json\/wp\/v2\/types\/post"}],"author":[{"embeddable":true,"href":"http:\/\/www.eloriente.net\/home\/wp-json\/wp\/v2\/users\/1"}],"replies":[{"embeddable":true,"href":"http:\/\/www.eloriente.net\/home\/wp-json\/wp\/v2\/comments?post=17300"}],"version-history":[{"count":1,"href":"http:\/\/www.eloriente.net\/home\/wp-json\/wp\/v2\/posts\/17300\/revisions"}],"predecessor-version":[{"id":17302,"href":"http:\/\/www.eloriente.net\/home\/wp-json\/wp\/v2\/posts\/17300\/revisions\/17302"}],"wp:featuredmedia":[{"embeddable":true,"href":"http:\/\/www.eloriente.net\/home\/wp-json\/wp\/v2\/media\/17301"}],"wp:attachment":[{"href":"http:\/\/www.eloriente.net\/home\/wp-json\/wp\/v2\/media?parent=17300"}],"wp:term":[{"taxonomy":"category","embeddable":true,"href":"http:\/\/www.eloriente.net\/home\/wp-json\/wp\/v2\/categories?post=17300"},{"taxonomy":"post_tag","embeddable":true,"href":"http:\/\/www.eloriente.net\/home\/wp-json\/wp\/v2\/tags?post=17300"}],"curies":[{"name":"wp","href":"https:\/\/api.w.org\/{rel}","templated":true}]}}