{"id":17310,"date":"2013-11-04T11:19:32","date_gmt":"2013-11-04T17:19:32","guid":{"rendered":"http:\/\/www.eloriente.net\/home\/?p=17310"},"modified":"2013-11-04T11:19:32","modified_gmt":"2013-11-04T17:19:32","slug":"las-10-vistas-de-eloriente-net-en-octubre-de-2013","status":"publish","type":"post","link":"http:\/\/www.eloriente.net\/home\/2013\/11\/04\/las-10-vistas-de-eloriente-net-en-octubre-de-2013\/","title":{"rendered":"Las 10+ Vistas de ELORIENTE.NET en octubre de 2013"},"content":{"rendered":"<p>eloriente.net<\/p>\n<p>4 de noviembre de 2013<\/p>\n<p>Cada mes, El Oriente publica esta lista de los contenidos m\u00e1s visitados por nuestros usuarios. Esto, para que aquellos que se han perdido una buena recomendaci\u00f3n, una buena nota, tengan la oportunidad de volver sobre ella, aprender, regocijarse, disfrutar.<\/p>\n<p>Hay que recordar que el objetivo de El Oriente es no solamente informar, sino hacer llegar a tu mirada algunas de las cosas que valen la pena de la vida: im\u00e1genes extraordinarias, palabras que transforman, voces para aprender.<\/p>\n<p><a href=\"http:\/\/www.eloriente.net\/home\/2013\/03\/07\/historia-detras-de-la-cancion-y-como-es-el-de-jose-luis-perales-por-canal-3\/\" target=\"_blank\">1. LA SERIE \u00abLA HISTORIA DETR\u00c1S DE LA CANCI\u00d3N\u00bb<\/a><\/p>\n<p>Un conjunto de entradas preparadas por ELORIENTE.NET sobre las historias o an\u00e9cdotas que dieron origen en su momento a que importantes artistas y compositores escribieran canciones de gran popularidad. Adem\u00e1s de la que en agosto fue m\u00e1s vista \u00bfY qui\u00e9n es \u00e9l? de Jos\u00e9 Luis Perales, se han preparado art\u00edculos sobre canciones de\u00a0<a href=\"http:\/\/www.eloriente.net\/home\/2013\/02\/28\/historia-detras-de-la-cancion-tears-in-heaven-de-eric-clapton-por-canal-3\/\" target=\"_blank\">Eric Clapton<\/a>, The Beatles.,\u00a0<a href=\"http:\/\/www.eloriente.net\/home\/2013\/07\/29\/historia-detras-de-la-cancion-la-nina-de-guatemala-de-oscar-chavez-por-canal-3\/\" target=\"_blank\">Oscar Ch\u00e1vez\u00a0<\/a>\u00a0 y hasta de\u00a0<a href=\"http:\/\/www.eloriente.net\/home\/2013\/01\/23\/historia-detras-de-alfonsina-y-el-mar-de-mercedes-sosa\/\" target=\"_blank\">Mercedes Sosa<\/a>.<\/p>\n<p>Ahora, tambi\u00e9n los viernes estamos publicando TODO EL CONCIERTO, una serie de conciertos magnificos, filtrados y seleccionados. El m\u00e1s reciente es el concierto de Omara Portuondo en Montreal.<\/p>\n<p><a href=\"http:\/\/www.eloriente.net\/home\/2013\/03\/05\/cronicas-beisboleras-la-maldicion-del-bambino\/\" target=\"_blank\">2. CR\u00d3NICAS BEISBOLERAS: LA MALDICI\u00d3N DEL BAMBINO<\/a><\/p>\n<p>Cada lunes, publicamos la columna sobre pelota de Jaime Palau Ranz y, en el mes de octubre, fue una sensaci\u00f3n su columna sobre la maldici\u00f3n del Bambino, influyendo en gran medida su pertinencia por la celebraci\u00f3n de la Serie Mundial en la cual los Red Sox se alzaron con el t\u00edtulo. Si eres aficionado al beisbol, no te puedes perder esta colaboraci\u00f3n.<\/p>\n<p><a href=\"http:\/\/www.eloriente.net\/home\/category\/convocatorias\/\" target=\"_blank\">3. SECCI\u00d3N DE CONVOCATORIAS DE ELORIENTE.NET<\/a><\/p>\n<p>Est\u00e1n abiertas convocatorias de ensayo, propuestas para organizaciones civiles, literatura, cine, entre otras. Filtramos algunas de las convocatorias m\u00e1s destacadas en el mundo y las ponemos a tu alcance. Muy pronto, estaremos abriendo nosotros otras m\u00e1s. Pendientes!<\/p>\n<p><a href=\"http:\/\/www.eloriente.net\/home\/2012\/07\/16\/mexico-uno-de-los-5-paises-megadiversos-del-mundo-y-oaxaca-el-estado-mas-biodiverso-del-pais-2\/\" target=\"_blank\">4. DIVERSIDAD EN OAXACA, LA MAYOR DE M\u00c9XICO<\/a><\/p>\n<p>Un trabajo especial para ELORIENTE.NET elaborado por los destacados investigadores de WWF-Programa Oaxaca, David Ortega del Valle y Gustavo S\u00e1nchez Ben\u00edtez, que explican desde el concepto de Biodiversidad hasta concluir porqu\u00e9 Oaxaca tiene \u201cmedalla de oro en biodiversidad\u201d.<\/p>\n<p>Hay que recordar que ELORIENTE.NET le dedic\u00f3 una editorial a este tema durante octubre: <a href=\"http:\/\/www.eloriente.net\/home\/2013\/10\/23\/comparte-editorial-23-10-13\/\" target=\"_blank\">#EnOaxacaNoM\u00e1sEspeciesenPeligro<\/a>, donde publicamos 4 Orientes poniendo alerta sobre una realidad: Oaxaca es primer lugar de los estados CON MAYOR CANTIDAD DE SITIOS con especies en peligro de extinci\u00f3n en el pa\u00eds.<\/p>\n<p><a href=\"http:\/\/www.eloriente.net\/home\/2013\/07\/26\/cuenca-del-papaloapan-oaxaca-una-de-las-regiones-mas-fertiles-del-pais\/\" target=\"_blank\">5. CUENCA DEL PAPALOAPAN, UNA DE LAS REGIONES M\u00c1S F\u00c9RTILES DEL PA\u00cdS<\/a><\/p>\n<p>Extraordinario que nuestros usuarios se interesen en lo que pasa en las regiones del estado. En este caso, inspirados en que: La regi\u00f3n de Cuenca del <em>Papaloapan<\/em> o de Tuxtepec \u2013una de las 8 regiones del estado de Oaxaca\u2013 es considerada una de las regiones m\u00e1s f\u00e9rtiles del pa\u00eds por su riqueza vegetal y humana, as\u00ed lo indica la Doctora Margarita Dalton en su libro \u201cBreve Historia de Oaxaca\u201d. Y todos los detalles, pueden revisarse en esta entrada.<\/p>\n<p><a href=\"http:\/\/www.eloriente.net\/home\/2013\/10\/08\/queretaro-la-ciudad-con-mayor-calidad-de-vida-oaxaca-la-ultima-gce\/\" target=\"_blank\">6. QUER\u00c9TARO, LA CIUDAD CON MAYOR CALIDAD DE VIDA; OAXACA LA \u00daLTIMA: GCE<\/a><\/p>\n<p>Gran preocupaci\u00f3n e inquietud provoc\u00f3 la publicaci\u00f3n del Gabinete de Comunicaci\u00f3n Estrat\u00e9gica sobre la edici\u00f3n 2013 del proyecto \u201cLas ciudades m\u00e1s habitables de M\u00e9xico\u201d que inici\u00f3 el a\u00f1o pasado y que da cuenta del desarrollo de los indicadores de Calidad de Vida (INCAVI), de Satisfacci\u00f3n con los Servicios (ISACS) y de Evaluaci\u00f3n del Desempe\u00f1o de los Alcaldes (IDEALC). En ella, 70 ciudades se clasifican. Y en efecto, Quer\u00e9taro puntea y Oaxaca est\u00e1 en \u00faltimo lugar. Checa tu ciudad y reflexiona.<\/p>\n<p><a href=\"http:\/\/www.eloriente.net\/home\/2013\/07\/18\/conoce-a-san-juan-tepeuxila-oaxaca-el-municipio-mas-pobre-de-mexico\/\" target=\"_blank\">7. CONOCE SANTIAGO TEPEUXILA, EL MUNICIPIO M\u00c1S POBRE DE M\u00c9XICO<\/a><\/p>\n<p>El Consejo Nacional de Evaluaci\u00f3n de la Pol\u00edtica de Desarrollo Social (Coneval), con base en cifras de 2010, dio a conocer a principios de este a\u00f1o la situaci\u00f3n de los municipios m\u00e1s pobres y m\u00e1s ricos de M\u00e9xico. De acuerdo al reporte presentado, los 10 municipios m\u00e1s pobres del pa\u00eds se encuentran en Chiapas, Oaxaca y\u00a0 Veracruz. Los detalles aqu\u00ed en ELORIENTE.NET<\/p>\n<p><a href=\"http:\/\/www.eloriente.net\/home\/2013\/04\/25\/sistema-educativo-mexicano-sigue-con-problemas-de-desigualdad-inee\/\" target=\"_blank\">8. SISTEMA EDUCATIVO MEXICANO SIGUE CON PROBLEMAS DE DESIGUALDAD: INEE<\/a><\/p>\n<p>El reporte del Instituto Nacional para la Evaluaci\u00f3n de la Educaci\u00f3n (INEE) revel\u00f3 datos muy interesantes sobre la materia en M\u00e9xico. Destaca el hecho que: \u00ab<strong>los ni\u00f1os que residen en \u00e1reas rurales, hablan alguna lengua ind\u00edgena, tienen padres con un nivel m\u00ednimo de escolaridad, residen en zonas de alta marginaci\u00f3n, en hogares con menores ingresos o pobres, o trabajan medio tiempo o m\u00e1s, quienes con menor frecuencia alcanzan las escolaridades planeadas\u00bb. <\/strong>Sigue en ELORIENTE.NET los estudios y estad\u00edsticas m\u00e1s relevantes en la materia.<\/p>\n<p><a href=\"http:\/\/www.eloriente.net\/home\/2013\/08\/22\/crit-oaxaca-algunos-mitos-y-realidades\/\" target=\"_blank\">9. CRIT OAXACA, ALGUNOS MITOS Y REALIDADES<\/a><\/p>\n<p>Columna de <a href=\"http:\/\/www.eloriente.net\/home\/category\/colaboradores\/alejandra-silva-soriano\/\" target=\"_blank\">Alejandra Silva Soriano<\/a> se dedica en general a temas de discapacidad. Es muy consultada por nuestros usuarios porque, entre otras virtudes, explica de manera sencilla el complejo panorama de la discapacidad en Oaxaca, M\u00e9xico y el Mundo. Ac\u00e9rcate.<\/p>\n<p><a href=\"http:\/\/www.eloriente.net\/home\/2013\/10\/25\/en-memoria-de-alfonso-calvo-cuevas\/\" target=\"_blank\">10. EN MEMORIA DE ALFONSO CALVO CUEVAS<\/a><\/p>\n<p>El 25 de octubre amanecimos con la triste noticia del fallecimiento de Don Alfonso en la capital del estado. De all\u00ed, una buena cantidad de personas visitaron esta rese\u00f1a que pretende dejar constancia del trabajo y dedicaci\u00f3n de Calvo durante sus importantes d\u00edas de vida. Que En Paz Descanse.<\/p>\n<p><a href=\"http:\/\/www.eloriente.net\/home\/wp-content\/uploads\/2013\/11\/Humor-Atribucio\u0301nCompartir-bajo-la-misma-licencia-Algunos-derechos-reservados-por-bertknot-.jpg\"><img loading=\"lazy\" decoding=\"async\" class=\"alignnone size-medium wp-image-17311\" title=\"Humor      Atribucio\u0301nCompartir bajo la misma licencia Algunos derechos reservados por bertknot\" src=\"http:\/\/www.eloriente.net\/home\/wp-content\/uploads\/2013\/11\/Humor-Atribucio\u0301nCompartir-bajo-la-misma-licencia-Algunos-derechos-reservados-por-bertknot--300x159.jpg\" alt=\"\" width=\"300\" height=\"159\" srcset=\"http:\/\/www.eloriente.net\/home\/wp-content\/uploads\/2013\/11\/Humor-Atribucio\u0301nCompartir-bajo-la-misma-licencia-Algunos-derechos-reservados-por-bertknot--300x159.jpg 300w, http:\/\/www.eloriente.net\/home\/wp-content\/uploads\/2013\/11\/Humor-Atribucio\u0301nCompartir-bajo-la-misma-licencia-Algunos-derechos-reservados-por-bertknot-.jpg 1024w\" sizes=\"(max-width: 300px) 100vw, 300px\" \/><\/a><\/p>\n<dl id=\"yui_3_11_0_3_1383585459366_322\">\n<dd id=\"yui_3_11_0_3_1383585459366_321\"><a href=\"http:\/\/creativecommons.org\/licenses\/by-sa\/2.0\/\"><img decoding=\"async\" title=\"Atribuci\u00f3n\" src=\"http:\/\/l.yimg.com\/g\/images\/cc_icon_attribution_small.gif\" alt=\"Atribuci\u00f3n\" border=\"0\" \/><img decoding=\"async\" title=\"Compartir bajo la misma licencia\" src=\"http:\/\/l.yimg.com\/g\/images\/cc_icon_sharealike_small.gif\" alt=\"Compartir bajo la misma licencia\" border=\"0\" \/><\/a> <a id=\"yui_3_11_0_3_1383585459366_320\" title=\"Attribution-ShareAlike License\" href=\"http:\/\/creativecommons.org\/licenses\/by-sa\/2.0\/\">Algunos derechos reservados<\/a> por <a href=\"http:\/\/www.flickr.com\/photos\/bertknot\/\">bertknot<\/a><\/dd>\n<\/dl>\n<p>&nbsp;<\/p>\n\n\t\t\t  <div \n\t\t\t  \tclass = \"fb-comments\" \n\t\t\t  \tdata-href = \"http:\/\/www.eloriente.net\/home\/2013\/11\/04\/las-10-vistas-de-eloriente-net-en-octubre-de-2013\/\"\n\t\t\t  \tdata-numposts = \"10\"\n\t\t\t\tdata-colorscheme = \"dark\"\n\t\t\t\tdata-order-by = \"social\"\n\t\t\t\tdata-mobile=true>\n\t\t\t  <\/div>\n\t\t  <style>\n\t\t\t.fb_iframe_widget_fluid_desktop iframe {\n\t\t\t    width: 100% !important;\n\t\t\t}\n\t\t  <\/style>\n\t\t  ","protected":false},"excerpt":{"rendered":"<p>eloriente.net 4 de noviembre de 2013 Cada mes, El Oriente publica esta lista de los contenidos m\u00e1s visitados por nuestros usuarios. Esto, para que aquellos que se han perdido una buena recomendaci\u00f3n, una buena nota, tengan la oportunidad de volver sobre ella, aprender, regocijarse, disfrutar. Hay que recordar que el objetivo de El Oriente es [&hellip;]<\/p>\n","protected":false},"author":1,"featured_media":17311,"comment_status":"open","ping_status":"open","sticky":false,"template":"","format":"standard","meta":{"_jetpack_memberships_contains_paid_content":false,"footnotes":""},"categories":[32,13,31],"tags":[],"class_list":["post-17310","post","type-post","status-publish","format-standard","has-post-thumbnail","hentry","category-entradas","category-especiales","category-principal"],"jetpack_featured_media_url":"http:\/\/www.eloriente.net\/home\/wp-content\/uploads\/2013\/11\/Humor-Atribucio\u0301nCompartir-bajo-la-misma-licencia-Algunos-derechos-reservados-por-bertknot-.jpg","jetpack_sharing_enabled":true,"_links":{"self":[{"href":"http:\/\/www.eloriente.net\/home\/wp-json\/wp\/v2\/posts\/17310"}],"collection":[{"href":"http:\/\/www.eloriente.net\/home\/wp-json\/wp\/v2\/posts"}],"about":[{"href":"http:\/\/www.eloriente.net\/home\/wp-json\/wp\/v2\/types\/post"}],"author":[{"embeddable":true,"href":"http:\/\/www.eloriente.net\/home\/wp-json\/wp\/v2\/users\/1"}],"replies":[{"embeddable":true,"href":"http:\/\/www.eloriente.net\/home\/wp-json\/wp\/v2\/comments?post=17310"}],"version-history":[{"count":2,"href":"http:\/\/www.eloriente.net\/home\/wp-json\/wp\/v2\/posts\/17310\/revisions"}],"predecessor-version":[{"id":17313,"href":"http:\/\/www.eloriente.net\/home\/wp-json\/wp\/v2\/posts\/17310\/revisions\/17313"}],"wp:featuredmedia":[{"embeddable":true,"href":"http:\/\/www.eloriente.net\/home\/wp-json\/wp\/v2\/media\/17311"}],"wp:attachment":[{"href":"http:\/\/www.eloriente.net\/home\/wp-json\/wp\/v2\/media?parent=17310"}],"wp:term":[{"taxonomy":"category","embeddable":true,"href":"http:\/\/www.eloriente.net\/home\/wp-json\/wp\/v2\/categories?post=17310"},{"taxonomy":"post_tag","embeddable":true,"href":"http:\/\/www.eloriente.net\/home\/wp-json\/wp\/v2\/tags?post=17310"}],"curies":[{"name":"wp","href":"https:\/\/api.w.org\/{rel}","templated":true}]}}