{"id":17322,"date":"2013-10-19T19:47:46","date_gmt":"2013-10-20T01:47:46","guid":{"rendered":"http:\/\/www.eloriente.net\/home\/?p=17322"},"modified":"2013-11-04T19:51:27","modified_gmt":"2013-11-05T01:51:27","slug":"conferencia-sobre-etnicidad-raza-y-pueblos-indigenas-23-25oct13","status":"publish","type":"post","link":"http:\/\/www.eloriente.net\/home\/2013\/10\/19\/conferencia-sobre-etnicidad-raza-y-pueblos-indigenas-23-25oct13\/","title":{"rendered":"Conferencia sobre Etnicidad, Raza y Pueblos Ind\u00edgenas, 23-25\/Oct\/13"},"content":{"rendered":"<p>eloriente.net\/UABJO<\/p>\n<p>19 de octubre de 2013<\/p>\n<p>El\u00a0Instituto de Investigaciones Sociol\u00f3gicas de la \u00a0Universidad Aut\u00f3noma \u00a0\u201cBenito Ju\u00e1rez\u201d de Oaxaca (IISUABJO) anunci\u00f3 la \u201cTercera Conferencia sobre Etnicidad, Raza y Pueblos Ind\u00edgenas en Am\u00e9rica Latina y el Caribe\u201d el cual se llevar\u00e1 a cabo del 23 al 25 de Octubre en las instalaciones del Centro de Evaluaci\u00f3n e Innovaci\u00f3n Educativa (CEVIE).<\/p>\n<p>El director del IISUABJO Arturo Ru\u00edz L\u00f3pez y la doctora Olga Montes Garc\u00eda, organizadora del evento, detallaron que esta ser\u00e1 la primera vez que se celebra en Am\u00e9rica donde se contar\u00e1 con la participaci\u00f3n de 350 ponentes provenientes de Europa, Estados Unidos y Am\u00e9rica Latina.<\/p>\n<p>Abordar\u00e1n temas relacionados a la poblaci\u00f3n ind\u00edgena en Oaxaca como son: etnicidad, econom\u00eda, desarrollo de los pueblos, genero, educaci\u00f3n, migraci\u00f3n,\u00a0 genocidio, interculturalidad, afro descendientes\u00a0 y pueblos originarios en las Am\u00e9ricas y en el Caribe, temas del \u00e1mbito acad\u00e9mico y de reflexi\u00f3n con los que se pueda concretar alguna soluci\u00f3n.<\/p>\n<p>Se llevar\u00e1n a cabo 9 mesas de trabajo simult\u00e1neas, 3 conferencias magistrales con los ponentes Michel Wieviorka, Jorge Hern\u00e1ndez D\u00edaz, Monica Moreno Figueroa, Mara viveros Vigoya, Irma Alicia Vel\u00e1squez Nimatuj as\u00ed como 45 paneles, por lo que no hay un cupo limitado ni costo y va dirigido a investigadores y estudiantes. Las sesiones ser\u00e1n de 9 a 19 horas los tres d\u00edas.<\/p>\n<p>Esta conferencia es organizada por ERIP-LASA (Ethnicity, Race and Indigenous People, secci\u00f3n de Latin American Studies Association) as\u00ed como el Departamento de Antropolog\u00eda de la Universidad Aut\u00f3noma Metropolitana- Iztapalapa, Seminario\u00a0 Africanos y Afrodescendientes, Instituto Nacional de Antropolog\u00eda e Historia. Centro de Investigaciones Superiores de Antropolog\u00eda Social- Oaxaca y la\u00a0 Jefatura de la Licenciatura de Antropolog\u00eda F\u00edsica de la Escuela Nacional de Antropolog\u00eda e Historia.<\/p>\n<p><a href=\"http:\/\/www.eloriente.net\/home\/wp-content\/uploads\/2013\/11\/Olga-Montes-UABJO.jpg\"><img loading=\"lazy\" decoding=\"async\" class=\"alignnone size-medium wp-image-17323\" title=\"Olga Montes UABJO\" src=\"http:\/\/www.eloriente.net\/home\/wp-content\/uploads\/2013\/11\/Olga-Montes-UABJO-300x200.jpg\" alt=\"\" width=\"300\" height=\"200\" srcset=\"http:\/\/www.eloriente.net\/home\/wp-content\/uploads\/2013\/11\/Olga-Montes-UABJO-300x200.jpg 300w, http:\/\/www.eloriente.net\/home\/wp-content\/uploads\/2013\/11\/Olga-Montes-UABJO-1024x683.jpg 1024w\" sizes=\"(max-width: 300px) 100vw, 300px\" \/><\/a><\/p>\n<p>FOTO: Olga Montes, UABJO.<\/p>\n\n\t\t\t  <div \n\t\t\t  \tclass = \"fb-comments\" \n\t\t\t  \tdata-href = \"http:\/\/www.eloriente.net\/home\/2013\/10\/19\/conferencia-sobre-etnicidad-raza-y-pueblos-indigenas-23-25oct13\/\"\n\t\t\t  \tdata-numposts = \"10\"\n\t\t\t\tdata-colorscheme = \"dark\"\n\t\t\t\tdata-order-by = \"social\"\n\t\t\t\tdata-mobile=true>\n\t\t\t  <\/div>\n\t\t  <style>\n\t\t\t.fb_iframe_widget_fluid_desktop iframe {\n\t\t\t    width: 100% !important;\n\t\t\t}\n\t\t  <\/style>\n\t\t  ","protected":false},"excerpt":{"rendered":"<p>eloriente.net\/UABJO 19 de octubre de 2013 El\u00a0Instituto de Investigaciones Sociol\u00f3gicas de la \u00a0Universidad Aut\u00f3noma \u00a0\u201cBenito Ju\u00e1rez\u201d de Oaxaca (IISUABJO) anunci\u00f3 la \u201cTercera Conferencia sobre Etnicidad, Raza y Pueblos Ind\u00edgenas en Am\u00e9rica Latina y el Caribe\u201d el cual se llevar\u00e1 a cabo del 23 al 25 de Octubre en las instalaciones del Centro de Evaluaci\u00f3n e [&hellip;]<\/p>\n","protected":false},"author":1,"featured_media":17323,"comment_status":"open","ping_status":"open","sticky":false,"template":"","format":"standard","meta":{"_jetpack_memberships_contains_paid_content":false,"footnotes":""},"categories":[8,32,10,84],"tags":[],"class_list":["post-17322","post","type-post","status-publish","format-standard","has-post-thumbnail","hentry","category-agenda","category-entradas","category-lo-mas-reciente","category-universidades"],"jetpack_featured_media_url":"http:\/\/www.eloriente.net\/home\/wp-content\/uploads\/2013\/11\/Olga-Montes-UABJO.jpg","jetpack_sharing_enabled":true,"_links":{"self":[{"href":"http:\/\/www.eloriente.net\/home\/wp-json\/wp\/v2\/posts\/17322"}],"collection":[{"href":"http:\/\/www.eloriente.net\/home\/wp-json\/wp\/v2\/posts"}],"about":[{"href":"http:\/\/www.eloriente.net\/home\/wp-json\/wp\/v2\/types\/post"}],"author":[{"embeddable":true,"href":"http:\/\/www.eloriente.net\/home\/wp-json\/wp\/v2\/users\/1"}],"replies":[{"embeddable":true,"href":"http:\/\/www.eloriente.net\/home\/wp-json\/wp\/v2\/comments?post=17322"}],"version-history":[{"count":2,"href":"http:\/\/www.eloriente.net\/home\/wp-json\/wp\/v2\/posts\/17322\/revisions"}],"predecessor-version":[{"id":17325,"href":"http:\/\/www.eloriente.net\/home\/wp-json\/wp\/v2\/posts\/17322\/revisions\/17325"}],"wp:featuredmedia":[{"embeddable":true,"href":"http:\/\/www.eloriente.net\/home\/wp-json\/wp\/v2\/media\/17323"}],"wp:attachment":[{"href":"http:\/\/www.eloriente.net\/home\/wp-json\/wp\/v2\/media?parent=17322"}],"wp:term":[{"taxonomy":"category","embeddable":true,"href":"http:\/\/www.eloriente.net\/home\/wp-json\/wp\/v2\/categories?post=17322"},{"taxonomy":"post_tag","embeddable":true,"href":"http:\/\/www.eloriente.net\/home\/wp-json\/wp\/v2\/tags?post=17322"}],"curies":[{"name":"wp","href":"https:\/\/api.w.org\/{rel}","templated":true}]}}