{"id":17340,"date":"2013-11-06T14:33:14","date_gmt":"2013-11-06T20:33:14","guid":{"rendered":"http:\/\/www.eloriente.net\/home\/?p=17340"},"modified":"2013-11-06T14:39:43","modified_gmt":"2013-11-06T20:39:43","slug":"comparte-editorial-06-11-13","status":"publish","type":"post","link":"http:\/\/www.eloriente.net\/home\/2013\/11\/06\/comparte-editorial-06-11-13\/","title":{"rendered":"Comparte Editorial #06.11.13"},"content":{"rendered":"<p>eloriente.net<\/p>\n<p>6 de noviembre de 2013<\/p>\n<p><a href=\"http:\/\/www.eloriente.net\/home\/wp-content\/uploads\/2013\/11\/Editorial-061113-AfavordelImpuestoaComidaChatarra.png\"><img loading=\"lazy\" decoding=\"async\" class=\"size-medium wp-image-17341 aligncenter\" title=\"Editorial 061113 #AfavordelImpuestoaComidaChatarra\" src=\"http:\/\/www.eloriente.net\/home\/wp-content\/uploads\/2013\/11\/Editorial-061113-AfavordelImpuestoaComidaChatarra-300x135.png\" alt=\"\" width=\"300\" height=\"135\" srcset=\"http:\/\/www.eloriente.net\/home\/wp-content\/uploads\/2013\/11\/Editorial-061113-AfavordelImpuestoaComidaChatarra-300x135.png 300w, http:\/\/www.eloriente.net\/home\/wp-content\/uploads\/2013\/11\/Editorial-061113-AfavordelImpuestoaComidaChatarra-1024x463.png 1024w, http:\/\/www.eloriente.net\/home\/wp-content\/uploads\/2013\/11\/Editorial-061113-AfavordelImpuestoaComidaChatarra.png 1247w\" sizes=\"(max-width: 300px) 100vw, 300px\" \/><\/a><\/p>\n<p><strong>Comp\u00e1rtelo en Twitter: <a href=\"https:\/\/twitter.com\/\" target=\"_blank\">#AFavordelImpuestoaComidaChatarra<\/a><\/strong><\/p>\n<p style=\"text-align: right;\"><strong>4 Orientes:<\/strong><\/p>\n<p style=\"text-align: right;\"><strong>PRIMERO:<\/strong><\/p>\n<p>El Senado de la Rep\u00fablica hace algunos d\u00edas aprob\u00f3, entre otros, los impuestos especiales:<\/p>\n<ul>\n<li>Un peso por cada litro a las bebidas saborizadas que contengan cualquier tipo de az\u00facares a\u00f1adidas<\/li>\n<li>Tasa de 8% a la enajenaci\u00f3n e importaci\u00f3n de alimentos no b\u00e1sicos con alta densidad cal\u00f3rica<\/li>\n<\/ul>\n<p>Esta situaci\u00f3n provoc\u00f3 un <a href=\"http:\/\/eleconomista.com.mx\/finanzas-publicas\/2013\/10\/30\/senado-aprueba-gravar-8-comida-chatarra\" target=\"_blank\">intenso debate entre legisladores<\/a>, entre legisladores y empresarios, y entre empresarios y Ejecutivo, pues con ello se afectan intereses y ganancias de empresas dedicadas a la producci\u00f3n de bebidas azucaradas, refrescos y comida chatarra.<\/p>\n<p>\u00bfPero porqu\u00e9 a favor?<\/p>\n<p style=\"text-align: right;\"><strong>SEGUNDO:<\/strong><\/p>\n<p>Entre otras razones econ\u00f3micas: <a href=\"http:\/\/www.salud.df.gob.mx\/ssdf\/index.php?option=com_content&amp;task=view&amp;id=4034\" target=\"_blank\">M\u00e9xico gasta 7% del presupuesto<\/a> destinado a salud para atender la obesidad, s\u00f3lo por debajo de Estados Unidos que invierte el 9%.<\/p>\n<p>Adem\u00e1s, cada a\u00f1o, el sistema de sanidad mexicano destina 60,000 millones de d\u00f3lares en este campo de <a href=\"http:\/\/www.espanol.rfi.fr\/americas\/20131102-pena-nieto-inicia-su-batalla-contra-el-sobrepeso\" target=\"_blank\">\u00abpatolog\u00edas derivadas del sobrepeso y la mala alimentaci\u00f3n\u00bb<\/a>.<\/p>\n<p style=\"text-align: right;\">\u00a0<strong>TERCERO:<\/strong><\/p>\n<p>Por razones de salud y porque el tama\u00f1o del problema es may\u00fasculo. Miren esta gr\u00e1fica de Este Pa\u00eds (2011), que contempla que menos del 30% de la poblaci\u00f3n mexicana est\u00e1 en buenas condiciones de peso:<\/p>\n<p><a href=\"http:\/\/estepais.com\/site\/wp-content\/uploads\/2011\/03\/IndicadorObesidadM%C3%A9xico_marzo2011.pdf\" target=\"_blank\"><img loading=\"lazy\" decoding=\"async\" class=\"size-medium wp-image-17342 aligncenter\" title=\"Gr\u00e1fica de ESTE PAIS sobre peso\" src=\"http:\/\/www.eloriente.net\/home\/wp-content\/uploads\/2013\/11\/Gr\u00e1fica-de-ESTE-PAIS-sobre-peso-300x135.png\" alt=\"\" width=\"300\" height=\"135\" srcset=\"http:\/\/www.eloriente.net\/home\/wp-content\/uploads\/2013\/11\/Gr\u00e1fica-de-ESTE-PAIS-sobre-peso-300x135.png 300w, http:\/\/www.eloriente.net\/home\/wp-content\/uploads\/2013\/11\/Gr\u00e1fica-de-ESTE-PAIS-sobre-peso.png 434w\" sizes=\"(max-width: 300px) 100vw, 300px\" \/><\/a><\/p>\n<p>Recomendamos verificar el art\u00edculo completo, dando click sobre la imagen.<\/p>\n<p style=\"text-align: right;\">\u00a0<strong>CUATRO:<\/strong><\/p>\n<p>\u00a0El Gobierno Federal y otras instancias presentaron la <a href=\"http:\/\/www.presidencia.gob.mx\/3-pilares-de-la-estrategia-nacional-para-un-mexico-sin-obesidad\/\" target=\"_blank\">Estrategia Nacional para un M\u00e9xico sin Obesidad<\/a>, con 3 ejes fundamentales:<\/p>\n<p>1. Salud P\u00fablica<\/p>\n<p>2. Atenci\u00f3n M\u00e9dica Oportuna<\/p>\n<p>3. Regulaci\u00f3n Sanitaria y Pol\u00edtica Fiscal en favor de la Salud<\/p>\n<p><strong>INFOGRAF\u00cdA <a href=\"http:\/\/contrapeso.org\/el-sobrepeso-y-la-obesidad-en-mexico\/\" target=\"_blank\">RELACIONADA<\/a> CON EL TEMA:<\/strong><\/p>\n<p><a href=\"http:\/\/www.eloriente.net\/home\/wp-content\/uploads\/2013\/11\/infografc3ada-sobrepeso-y-obesidad-contrapeso.jpg\"><img loading=\"lazy\" decoding=\"async\" class=\"alignnone size-medium wp-image-17343 aligncenter\" title=\"infografc3ada-sobrepeso-y-obesidad contrapeso\" src=\"http:\/\/www.eloriente.net\/home\/wp-content\/uploads\/2013\/11\/infografc3ada-sobrepeso-y-obesidad-contrapeso-224x300.jpg\" alt=\"\" width=\"224\" height=\"300\" srcset=\"http:\/\/www.eloriente.net\/home\/wp-content\/uploads\/2013\/11\/infografc3ada-sobrepeso-y-obesidad-contrapeso-224x300.jpg 224w, http:\/\/www.eloriente.net\/home\/wp-content\/uploads\/2013\/11\/infografc3ada-sobrepeso-y-obesidad-contrapeso.jpg 590w\" sizes=\"(max-width: 224px) 100vw, 224px\" \/><\/a><\/p>\n<p>&nbsp;<\/p>\n<p>&nbsp;<\/p>\n<p><strong>OTRAS EDITORIALES:<\/strong><\/p>\n<p><a title=\"Permalink to Comparte Editorial #29.10.13 y dinos tus razones\" href=\"http:\/\/www.eloriente.net\/home\/2013\/10\/29\/comparte-editorial-29-10-13-y-dinos-tus-razones\/\" rel=\"bookmark\">Comparte Editorial #29.10.13 y dinos tus razones<\/a><\/p>\n<p><a href=\"http:\/\/www.eloriente.net\/home\/2013\/10\/29\/comparte-editorial-29-10-13-y-dinos-tus-razones\/\" rel=\"bookmark\"><img decoding=\"async\" title=\"Comparte Editorial #29.10.13 y dinos tus razones\" src=\"http:\/\/www.eloriente.net\/home\/wp-content\/themes\/city-desk\/timthumb.php?src=http%3A%2F%2Fwww.eloriente.net%2Fhome%2Fwp-content%2Fuploads%2F2013%2F10%2FEditorial-291013-MegustanlasfiestasdemuertosenOaxaca-eloriente.net-2-2.png&amp;q=90&amp;w=160&amp;h=106&amp;zc=1\" alt=\"Comparte Editorial #29.10.13 y dinos tus razones\" \/><\/a><\/p>\n<p>eloriente.net 29 de octubre de 2013 Comp\u00e1rtelo en Twitter: #MeGustanLasFiestasdeMuertosEnOaxaca 4 Orientes: PRIMERO: Porque se trata de una de las tradiciones m\u00e1s antiguas de Mesoam\u00e9rica, compartida por un gran n\u00famero de pueblos ind\u00edgenas, entre los cuales se han identificado 41 espec\u00edficamente: amuzgos, atzincas, coras, cuicatecos, chatinos, chichimecas-jonaz, chinantecos, chocho-popolocas, choles, chontales de Oaxaca y Tabasco, [&#8230;]<\/p>\n<p>October 29, 2013<\/p>\n<div id=\"post-17090\">\n<p><a title=\"Permalink to Comparte Editorial #23.10.13\" href=\"http:\/\/www.eloriente.net\/home\/2013\/10\/23\/comparte-editorial-23-10-13\/\" rel=\"bookmark\">Comparte Editorial #23.10.13<\/a><\/p>\n<p><a href=\"http:\/\/www.eloriente.net\/home\/2013\/10\/23\/comparte-editorial-23-10-13\/\" rel=\"bookmark\"><img decoding=\"async\" title=\"Comparte Editorial #23.10.13\" src=\"http:\/\/www.eloriente.net\/home\/wp-content\/themes\/city-desk\/timthumb.php?src=http%3A%2F%2Fwww.eloriente.net%2Fhome%2Fwp-content%2Fuploads%2F2013%2F10%2FEnOaxacaNoM%C3%A1sEspeciesEnPeligro-Editorial-eloriente.net-231013.png&amp;q=90&amp;w=160&amp;h=106&amp;zc=1\" alt=\"Comparte Editorial #23.10.13\" \/><\/a>eloriente.net 22 de octubre de 2013 Comp\u00e1rtelo en Twitter: #EnOaxacaNoM\u00e1sEspeciesEnPeligro 4 ORIENTES: PRIMERO: La Alianza para Extinci\u00f3n Cero (AZE, por sus siglas en ingl\u00e9s), dio a conocer en el a\u00f1o 2010 que Oaxaca se encontraba en el primer lugar de los estados CON MAYOR CANTIDAD DE SITIOS con especies en peligro de extinci\u00f3n en el [&#8230;]<\/p>\n<p>October 23, 2013<\/p>\n<\/div>\n<div id=\"post-16840\">\n<p><a title=\"Permalink to Oscuridad del debate legislativo en Oaxaca\" href=\"http:\/\/www.eloriente.net\/home\/2013\/10\/08\/oscuridad-del-debate-legislativo-en-oaxaca\/\" rel=\"bookmark\">Oscuridad del debate legislativo en Oaxaca<\/a><\/p>\n<p><a href=\"http:\/\/www.eloriente.net\/home\/2013\/10\/08\/oscuridad-del-debate-legislativo-en-oaxaca\/\" rel=\"bookmark\"><img decoding=\"async\" title=\"Oscuridad del debate legislativo en Oaxaca\" src=\"http:\/\/www.eloriente.net\/home\/wp-content\/themes\/city-desk\/timthumb.php?src=http%3A%2F%2Fwww.eloriente.net%2Fhome%2Fwp-content%2Fuploads%2F2013%2F10%2FOscuridad-Atribucio%CC%81n-Algunos-derechos-reservados-por-Edur8-.jpg&amp;q=90&amp;w=160&amp;h=106&amp;zc=1\" alt=\"Oscuridad del debate legislativo en Oaxaca\" \/><\/a>eloriente.net 8 de octubre de 2013 Si en el pa\u00eds los debates de Reforma Hacendaria, Energ\u00e9tica, Educativa, Pol\u00edtica, Telecomunicaciones, Transparencia, entre otras, se han puesto en la vitrina de la opini\u00f3n de la p\u00fablica por parte tanto de los legisladores como del Ejecutivo, en forma por dem\u00e1s apasionada y y no pocas veces sustancial, en [&#8230;]<\/p>\n<p>October 8, 2013<\/p>\n<\/div>\n<p>&nbsp;<\/p>\n\n\t\t\t  <div \n\t\t\t  \tclass = \"fb-comments\" \n\t\t\t  \tdata-href = \"http:\/\/www.eloriente.net\/home\/2013\/11\/06\/comparte-editorial-06-11-13\/\"\n\t\t\t  \tdata-numposts = \"10\"\n\t\t\t\tdata-colorscheme = \"dark\"\n\t\t\t\tdata-order-by = \"social\"\n\t\t\t\tdata-mobile=true>\n\t\t\t  <\/div>\n\t\t  <style>\n\t\t\t.fb_iframe_widget_fluid_desktop iframe {\n\t\t\t    width: 100% !important;\n\t\t\t}\n\t\t  <\/style>\n\t\t  ","protected":false},"excerpt":{"rendered":"<p>eloriente.net 6 de noviembre de 2013 Comp\u00e1rtelo en Twitter: #AFavordelImpuestoaComidaChatarra 4 Orientes: PRIMERO: El Senado de la Rep\u00fablica hace algunos d\u00edas aprob\u00f3, entre otros, los impuestos especiales: Un peso por cada litro a las bebidas saborizadas que contengan cualquier tipo de az\u00facares a\u00f1adidas Tasa de 8% a la enajenaci\u00f3n e importaci\u00f3n de alimentos no b\u00e1sicos [&hellip;]<\/p>\n","protected":false},"author":1,"featured_media":17341,"comment_status":"open","ping_status":"open","sticky":false,"template":"","format":"standard","meta":{"_jetpack_memberships_contains_paid_content":false,"footnotes":""},"categories":[22,9,32,30],"tags":[],"class_list":["post-17340","post","type-post","status-publish","format-standard","has-post-thumbnail","hentry","category-derechos-humanos","category-editorial","category-entradas","category-salud"],"jetpack_featured_media_url":"http:\/\/www.eloriente.net\/home\/wp-content\/uploads\/2013\/11\/Editorial-061113-AfavordelImpuestoaComidaChatarra.png","jetpack_sharing_enabled":true,"_links":{"self":[{"href":"http:\/\/www.eloriente.net\/home\/wp-json\/wp\/v2\/posts\/17340"}],"collection":[{"href":"http:\/\/www.eloriente.net\/home\/wp-json\/wp\/v2\/posts"}],"about":[{"href":"http:\/\/www.eloriente.net\/home\/wp-json\/wp\/v2\/types\/post"}],"author":[{"embeddable":true,"href":"http:\/\/www.eloriente.net\/home\/wp-json\/wp\/v2\/users\/1"}],"replies":[{"embeddable":true,"href":"http:\/\/www.eloriente.net\/home\/wp-json\/wp\/v2\/comments?post=17340"}],"version-history":[{"count":3,"href":"http:\/\/www.eloriente.net\/home\/wp-json\/wp\/v2\/posts\/17340\/revisions"}],"predecessor-version":[{"id":17345,"href":"http:\/\/www.eloriente.net\/home\/wp-json\/wp\/v2\/posts\/17340\/revisions\/17345"}],"wp:featuredmedia":[{"embeddable":true,"href":"http:\/\/www.eloriente.net\/home\/wp-json\/wp\/v2\/media\/17341"}],"wp:attachment":[{"href":"http:\/\/www.eloriente.net\/home\/wp-json\/wp\/v2\/media?parent=17340"}],"wp:term":[{"taxonomy":"category","embeddable":true,"href":"http:\/\/www.eloriente.net\/home\/wp-json\/wp\/v2\/categories?post=17340"},{"taxonomy":"post_tag","embeddable":true,"href":"http:\/\/www.eloriente.net\/home\/wp-json\/wp\/v2\/tags?post=17340"}],"curies":[{"name":"wp","href":"https:\/\/api.w.org\/{rel}","templated":true}]}}