{"id":17347,"date":"2013-11-07T09:51:10","date_gmt":"2013-11-07T15:51:10","guid":{"rendered":"http:\/\/www.eloriente.net\/home\/?p=17347"},"modified":"2013-11-07T09:51:10","modified_gmt":"2013-11-07T15:51:10","slug":"el-cazo-de-lorenzo","status":"publish","type":"post","link":"http:\/\/www.eloriente.net\/home\/2013\/11\/07\/el-cazo-de-lorenzo\/","title":{"rendered":"El cazo de Lorenzo"},"content":{"rendered":"<p>eloriente.net<\/p>\n<p>7 de noviembre de 2013<\/p>\n<p style=\"text-align: right\">Por: <a href=\"http:\/\/www.eloriente.net\/home\/category\/colaboradores\/alejandra-silva-soriano\/\" target=\"_blank\">Alejandra Silva Soriano<\/a><\/p>\n<p>Hay una historia imperdible, de sencilla lectura pero que ilustra perfectamente las adversidades por las que atraviesan las personas con discapacidad. El cuento se llama \u201cEL CAZO DE LORENZO\u201d, la autora es Isabelle Carrier, quien aborda el tema de la discapacidad de manera sutil y entendible para todas las edades.<\/p>\n<p>Lorenzo es un ni\u00f1o que un d\u00eda recibe un golpe de un cazo, mismo que tendr\u00e1 que arrastrar toda la vida, el cazo representa metaf\u00f3ricamente la <em>discapacidad<\/em>, y a lo largo del cuento explican las dificultades por las que atraviesa Lorenzo, por ejemplo que todo el mundo ve \u201cel cazo\u201d y eso no les permite ver las virtudes y cualidades del personaje.<\/p>\n<p>Como dato curioso, dicen que la autora escogi\u00f3 el nombre \u201cLORENZO\u201d debido a que deriva de lat\u00edn <em>\u201cLaurentius\u201d, <\/em>que significa<em> Victorioso, con valor y audacia, <\/em>y es justo eso lo que ella quiere transmitir.<\/p>\n<p>Esta narraci\u00f3n es la forma m\u00e1s clara de decirle a la sociedad que TODOS SOMOS IGUALES, que este mundo es diverso, hay personas altas, bajas, chiquitas, grandes, con ojos grandes, peque\u00f1os, con discapacidad, sin discapacidad, y tenemos que aprender a vernos por nuestras virtudes, no por nuestras caracter\u00edsticas f\u00edsicas.<\/p>\n<p>Les recomiendo much\u00edsimo que lean este cuento, no les toma m\u00e1s de 5 minutos y les aseguro que les va a dejar una gran ense\u00f1anza, y si tienen ni\u00f1os peque\u00f1os en casa, les invito a que se los compartan, es una maravilla que los ni\u00f1os desde que se van formando aprendan a respetar a todos por igual.<\/p>\n<p>Aqu\u00ed est\u00e1 el link del cuento. http:\/\/www.caja-pdf.es\/2012\/03\/08\/el-cazo-de-lorenzo\/<\/p>\n<p>Que tengan un bonito fin de semana, divi\u00e9rtanse y lean mucho, eso nos permite acercarnos a otras realidades. Dios nos bendiga a todos. Abrazos.<\/p>\n<p><a href=\"http:\/\/www.eloriente.net\/home\/wp-content\/uploads\/2013\/11\/Cazo-Atribuci\u00f3nCompartir-bajo-la-misma-licencia-Algunos-derechos-reservados-por-Masterdreams.jpg\"><img loading=\"lazy\" decoding=\"async\" class=\"alignnone size-medium wp-image-17348\" src=\"http:\/\/www.eloriente.net\/home\/wp-content\/uploads\/2013\/11\/Cazo-Atribuci\u00f3nCompartir-bajo-la-misma-licencia-Algunos-derechos-reservados-por-Masterdreams-200x300.jpg\" alt=\"\" width=\"200\" height=\"300\" srcset=\"http:\/\/www.eloriente.net\/home\/wp-content\/uploads\/2013\/11\/Cazo-Atribuci\u00f3nCompartir-bajo-la-misma-licencia-Algunos-derechos-reservados-por-Masterdreams-200x300.jpg 200w, http:\/\/www.eloriente.net\/home\/wp-content\/uploads\/2013\/11\/Cazo-Atribuci\u00f3nCompartir-bajo-la-misma-licencia-Algunos-derechos-reservados-por-Masterdreams.jpg 683w\" sizes=\"(max-width: 200px) 100vw, 200px\" \/><\/a><\/p>\n<p>Foto:\u00a0<a href=\"http:\/\/creativecommons.org\/licenses\/by-sa\/2.0\/\"><img decoding=\"async\" src=\"http:\/\/l.yimg.com\/g\/images\/cc_icon_attribution_small.gif\" alt=\"Atribuci\u00f3n\" border=\"0\" \/><img decoding=\"async\" src=\"http:\/\/l.yimg.com\/g\/images\/cc_icon_sharealike_small.gif\" alt=\"Compartir bajo la misma licencia\" border=\"0\" \/><\/a>\u00a0<a title=\"Attribution-ShareAlike License\" href=\"http:\/\/creativecommons.org\/licenses\/by-sa\/2.0\/\">Algunos derechos reservados<\/a>\u00a0por\u00a0<a href=\"http:\/\/www.flickr.com\/photos\/1k3r\/\">Masterdreams<\/a><\/p>\n<p>&nbsp;<\/p>\n<p style=\"text-align: right\"><strong>Otras Entradas:<\/strong><\/p>\n<p><a title=\"Permalink to Ni\u00f1as y ni\u00f1os, su explotaci\u00f3n natural\" href=\"http:\/\/www.eloriente.net\/home\/2013\/10\/25\/ninas-y-ninos-su-explotacion-natural\/\" rel=\"bookmark\">Ni\u00f1as y ni\u00f1os, su explotaci\u00f3n natural<\/a><\/p>\n<p>eloriente.net 25 de octubre de 2013 Por: Juan Pablo Vasconcelos* Ni\u00f1as y ni\u00f1os, su explotaci\u00f3n natural Por fortuna para la reputaci\u00f3n de las y los mexicanos, en el pa\u00eds s\u00f3lo hay 3 millones de ni\u00f1as y ni\u00f1os en situaci\u00f3n de trabajo infantil. El historiador, dir\u00eda que hay otros malestares en el mundo a\u00fan m\u00e1s graves [&#8230;]<\/p>\n<p>October 25, 2013<\/p>\n<div>\n<p><a title=\"Permalink to Tolerancia Cero contra el Trabajo Infantil en Oaxaca: Organizaciones\" href=\"http:\/\/www.eloriente.net\/home\/2013\/10\/24\/tolerancia-cero-contra-el-trabajo-infantil-en-oaxaca-organizaciones\/\" rel=\"bookmark\">Tolerancia Cero contra el Trabajo Infantil en Oaxaca: Organizaciones<\/a><\/p>\n<p><a href=\"http:\/\/www.eloriente.net\/home\/2013\/10\/24\/tolerancia-cero-contra-el-trabajo-infantil-en-oaxaca-organizaciones\/\" rel=\"bookmark\"><img decoding=\"async\" src=\"http:\/\/www.eloriente.net\/home\/wp-content\/themes\/city-desk\/timthumb.php?src=http%3A%2F%2Fwww.eloriente.net%2Fhome%2Fwp-content%2Fuploads%2F2013%2F10%2FConferencia-de-Prensa-Observatorio-OIT.jpg&amp;q=90&amp;w=160&amp;h=106&amp;zc=1\" alt=\"Tolerancia Cero contra el Trabajo Infantil en Oaxaca: Organizaciones\" \/><\/a>eloriente.net\/Observatorio Ciudadano 24 de octubre de 2013 Presenta sociedad civil informe y actividades contra el Trabajo Infantil Convoca a medios de comunicaci\u00f3n a participar en Taller Internacional a realizarse en Oaxaca en noviembre En M\u00e9xico, cerca de 3 millones de ni\u00f1as y ni\u00f1os se encuentran en situaci\u00f3n de trabajo infantil, por lo cual es fundamental [&#8230;]<\/p>\n<p>October 24, 2013<\/p>\n<\/div>\n<div>\n<p><a title=\"Permalink to Me voy a la Cumbre \u201c1mill\u00f3n de j\u00f3venes por M\u00e9xico\u201d\" href=\"http:\/\/www.eloriente.net\/home\/2013\/10\/24\/me-voy-a-la-cumbre-1millon-de-jovenes-por-mexico\/\" rel=\"bookmark\">Me voy a la Cumbre \u201c1mill\u00f3n de j\u00f3venes por M\u00e9xico\u201d<\/a><\/p>\n<p>eloriente.net 24 de octubre de 2013 Por: Alejandra Silva Soriano Mis querid\u00edsimos lectores, les comparto que en estos momentos me dirijo a Quer\u00e9taro, porque tengo el verdadero honor de haber sido seleccionada como una de las representantes de Oaxaca que participar\u00e1n en la Cumbre \u201c1mill\u00f3n de j\u00f3venes por M\u00e9xico\u201d, la cual, reunir\u00e1 a los l\u00edderes [&#8230;]<\/p>\n<p>October 24, 2013<\/p>\n<\/div>\n<p>&nbsp;<\/p>\n\n\t\t\t  <div \n\t\t\t  \tclass = \"fb-comments\" \n\t\t\t  \tdata-href = \"http:\/\/www.eloriente.net\/home\/2013\/11\/07\/el-cazo-de-lorenzo\/\"\n\t\t\t  \tdata-numposts = \"10\"\n\t\t\t\tdata-colorscheme = \"dark\"\n\t\t\t\tdata-order-by = \"social\"\n\t\t\t\tdata-mobile=true>\n\t\t\t  <\/div>\n\t\t  <style>\n\t\t\t.fb_iframe_widget_fluid_desktop iframe {\n\t\t\t    width: 100% !important;\n\t\t\t}\n\t\t  <\/style>\n\t\t  ","protected":false},"excerpt":{"rendered":"<p>eloriente.net 7 de noviembre de 2013 Por: Alejandra Silva Soriano Hay una historia imperdible, de sencilla lectura pero que ilustra perfectamente las adversidades por las que atraviesan las personas con discapacidad. El cuento se llama \u201cEL CAZO DE LORENZO\u201d, la autora es Isabelle Carrier, quien aborda el tema de la discapacidad de manera sutil y [&hellip;]<\/p>\n","protected":false},"author":20,"featured_media":17348,"comment_status":"open","ping_status":"open","sticky":false,"template":"","format":"standard","meta":{"_jetpack_memberships_contains_paid_content":false,"footnotes":""},"categories":[72,11,22,32,10,30],"tags":[],"class_list":["post-17347","post","type-post","status-publish","format-standard","has-post-thumbnail","hentry","category-alejandra-silva-soriano","category-colaboradores","category-derechos-humanos","category-entradas","category-lo-mas-reciente","category-salud"],"jetpack_featured_media_url":"http:\/\/www.eloriente.net\/home\/wp-content\/uploads\/2013\/11\/Cazo-Atribuci\u00f3nCompartir-bajo-la-misma-licencia-Algunos-derechos-reservados-por-Masterdreams.jpg","jetpack_sharing_enabled":true,"_links":{"self":[{"href":"http:\/\/www.eloriente.net\/home\/wp-json\/wp\/v2\/posts\/17347"}],"collection":[{"href":"http:\/\/www.eloriente.net\/home\/wp-json\/wp\/v2\/posts"}],"about":[{"href":"http:\/\/www.eloriente.net\/home\/wp-json\/wp\/v2\/types\/post"}],"author":[{"embeddable":true,"href":"http:\/\/www.eloriente.net\/home\/wp-json\/wp\/v2\/users\/20"}],"replies":[{"embeddable":true,"href":"http:\/\/www.eloriente.net\/home\/wp-json\/wp\/v2\/comments?post=17347"}],"version-history":[{"count":2,"href":"http:\/\/www.eloriente.net\/home\/wp-json\/wp\/v2\/posts\/17347\/revisions"}],"predecessor-version":[{"id":17350,"href":"http:\/\/www.eloriente.net\/home\/wp-json\/wp\/v2\/posts\/17347\/revisions\/17350"}],"wp:featuredmedia":[{"embeddable":true,"href":"http:\/\/www.eloriente.net\/home\/wp-json\/wp\/v2\/media\/17348"}],"wp:attachment":[{"href":"http:\/\/www.eloriente.net\/home\/wp-json\/wp\/v2\/media?parent=17347"}],"wp:term":[{"taxonomy":"category","embeddable":true,"href":"http:\/\/www.eloriente.net\/home\/wp-json\/wp\/v2\/categories?post=17347"},{"taxonomy":"post_tag","embeddable":true,"href":"http:\/\/www.eloriente.net\/home\/wp-json\/wp\/v2\/tags?post=17347"}],"curies":[{"name":"wp","href":"https:\/\/api.w.org\/{rel}","templated":true}]}}