{"id":17359,"date":"2013-11-06T23:59:29","date_gmt":"2013-11-07T05:59:29","guid":{"rendered":"http:\/\/www.eloriente.net\/home\/?p=17359"},"modified":"2013-11-07T11:14:16","modified_gmt":"2013-11-07T17:14:16","slug":"anuncia-tribunal-unificacion-de-legislacion-para-adolescentes","status":"publish","type":"post","link":"http:\/\/www.eloriente.net\/home\/2013\/11\/06\/anuncia-tribunal-unificacion-de-legislacion-para-adolescentes\/","title":{"rendered":"Anuncia Tribunal &#8216;unificaci\u00f3n&#8217; de legislaci\u00f3n para adolescentes"},"content":{"rendered":"<p>eloriente.net\/<a href=\"http:\/\/www.tribunaloax.gob.mx\/\" target=\"_blank\">TSJEO<\/a><\/p>\n<p>6 de noviembre de 2013<\/p>\n<p>En el desarrollo del Segundo Congreso Internacional de Justicia para Adolescentes realizado en el estado de Morelos, cuya primera edici\u00f3n se realiz\u00f3 en Oaxaca a iniciativa del Poder Judicial y su titular, magistrado Alfredo Lagunas Rivera, la Secretar\u00eda T\u00e9cnica del Consejo Coordinador para la Implementaci\u00f3n del Sistema de Justicia Penal (SETEC) present\u00f3 el Proyecto de Legislaci\u00f3n Unificada para Adolescentes.<\/p>\n<p>Dicho modelo de justicia pretende unificar aspectos procesales para el tratamiento de los casos de adolescentes del pa\u00eds y que, as\u00ed como actualmente se analiza un C\u00f3digo Procesal \u00danico que regir\u00e1 a todas las entidades, tambi\u00e9n exista un documento apegado a lo que establece el art\u00edculo 18 Constitucional y diversos tratados internacionales para aplicar justicia conforme a derecho.<\/p>\n<p>Ante los m\u00e1s de 300 funcionarios especializados de toda la Rep\u00fablica que acudieron al Congreso, el \u00f3rgano perteneciente a la Secretar\u00eda de Gobernaci\u00f3n explic\u00f3 que el proyecto contempla algunos lineamientos importantes, como la incorporaci\u00f3n de est\u00e1ndares internacionales de Derechos Humanos en la legislaci\u00f3n y en la pr\u00e1ctica forense, as\u00ed como el compromiso de los estados por facilitar la especializaci\u00f3n de los operadores.<\/p>\n<p>As\u00ed tambi\u00e9n se considera la limitaci\u00f3n racional de la privaci\u00f3n de la libertad y, por el contrario, el uso de medidas alternas; mecanismos para que la prisi\u00f3n preventiva sea racionalmente aplicada; pautas para la creaci\u00f3n de una Unidad de Medidas Cautelares para Adolescentes en cada estado y el seguimiento de las medidas para facilitar la reinserci\u00f3n de los menores en la sociedad, como puntos\u00a0 importantes que permitan hacer efectiva dicha ley.<\/p>\n<p>Al respecto, el titular del Poder Judicial del Estado, magistrado Alfredo Lagunas Rivera, manifest\u00f3 su complacencia por el apoyo brindado por el Gobierno Federal para impulsar este tipo de acciones que nacieron en Oaxaca, pues fue en esta entidad donde se llev\u00f3 a cabo el primer congreso; para el 2014, dijo, la tercera edici\u00f3n podr\u00eda realizarse en el Distrito Federal o el estado de Puebla.<\/p>\n<p>Al evento, donde tambi\u00e9n estuvo presente la Consejera juez Violeta Margarita Sarmiento Sangin\u00e9s, la juez especializada en adolescentes Juana Rosa Corte Silva, y el administrador del juzgado para adolescentes V\u00edctor Manuel G\u00f3mez Ram\u00edrez del Poder Judicial de Oaxaca,\u00a0 acudieron ponentes invitados de Italia, Colombia, Uruguay, Chile y Argentina.<\/p>\n<p>Por su parte, la juez Juana Rosa Corte reconoci\u00f3 el apoyo brindado por el magistrado Alfredo Lagunas para permitir la especializaci\u00f3n de los servidores p\u00fablicos judiciales que atienden este sector de la poblaci\u00f3n, pues dijo, con esto se demuestra que Oaxaca avanza a pasos firmes por la transformaci\u00f3n de la justicia.<\/p>\n<p><a href=\"http:\/\/www.eloriente.net\/home\/wp-content\/uploads\/2013\/11\/El-magistrado-Alfredo-Lagunas-con-la-presidenta-del-Tribunal-Unitario-de-Justicia-para-Adolescentes-del-Estado-de-Morelos.jpg\"><img loading=\"lazy\" decoding=\"async\" class=\"alignnone size-medium wp-image-17360\" title=\"El magistrado Alfredo Lagunas con la presidenta del Tribunal Unitario de Justicia para Adolescentes del Estado de Morelos\" src=\"http:\/\/www.eloriente.net\/home\/wp-content\/uploads\/2013\/11\/El-magistrado-Alfredo-Lagunas-con-la-presidenta-del-Tribunal-Unitario-de-Justicia-para-Adolescentes-del-Estado-de-Morelos-300x190.jpg\" alt=\"\" width=\"300\" height=\"190\" srcset=\"http:\/\/www.eloriente.net\/home\/wp-content\/uploads\/2013\/11\/El-magistrado-Alfredo-Lagunas-con-la-presidenta-del-Tribunal-Unitario-de-Justicia-para-Adolescentes-del-Estado-de-Morelos-300x190.jpg 300w, http:\/\/www.eloriente.net\/home\/wp-content\/uploads\/2013\/11\/El-magistrado-Alfredo-Lagunas-con-la-presidenta-del-Tribunal-Unitario-de-Justicia-para-Adolescentes-del-Estado-de-Morelos-1024x650.jpg 1024w\" sizes=\"(max-width: 300px) 100vw, 300px\" \/><\/a><\/p>\n<p>Foto: TSJEO<\/p>\n<p>&nbsp;<\/p>\n<p style=\"text-align: right;\"><strong>Otras entradas:<\/strong><\/p>\n<p><a title=\"Permalink to Se instala primera Sala Constitucional en Oaxaca\" href=\"http:\/\/www.eloriente.net\/home\/2013\/10\/03\/se-instala-primera-sala-constitucional-en-oaxaca\/\" rel=\"bookmark\">Se instala primera Sala Constitucional en Oaxaca<\/a><\/p>\n<p><a href=\"http:\/\/www.eloriente.net\/home\/2013\/10\/03\/se-instala-primera-sala-constitucional-en-oaxaca\/\" rel=\"bookmark\"><img decoding=\"async\" title=\"Se instala primera Sala Constitucional en Oaxaca\" src=\"http:\/\/www.eloriente.net\/home\/wp-content\/themes\/city-desk\/timthumb.php?src=http%3A%2F%2Fwww.eloriente.net%2Fhome%2Fwp-content%2Fuploads%2F2013%2F10%2FTOMA-PROTESTA-01-sala-constitucional-oaxaca-eloriente.net_.jpg&amp;q=90&amp;w=160&amp;h=106&amp;zc=1\" alt=\"Se instala primera Sala Constitucional en Oaxaca\" \/><\/a><\/p>\n<p>eloriente.net\/TSJEO 3 de octubre de 2013 \u00a0 \u00a0 \u00a0Este jueves los magistrados integrantes del nuevo \u00f3rgano tomaron protesta en Sesi\u00f3n Solemne presidida por el titular del Poder Judicial, magistrado Alfredo Lagunas Al instalar formalmente la Sala Constitucional del Tribunal Superior de Justicia, el titular del Poder Judicial, magistrado Alfredo Lagunas Rivera, afirm\u00f3 que\u00a0\u00a0ello no s\u00f3lo [&#8230;]<\/p>\n<p>October 3, 2013<\/p>\n<div id=\"post-16757\">\n<p><a title=\"Permalink to Las 10+ Vistas de ELORIENTE.NET en Septiembre\/2013\" href=\"http:\/\/www.eloriente.net\/home\/2013\/10\/03\/las-10-vistas-de-eloriente-net-en-septiembre2013\/\" rel=\"bookmark\">Las 10+ Vistas de ELORIENTE.NET en Septiembre\/2013<\/a><\/p>\n<p><a href=\"http:\/\/www.eloriente.net\/home\/2013\/10\/03\/las-10-vistas-de-eloriente-net-en-septiembre2013\/\" rel=\"bookmark\"><img decoding=\"async\" title=\"Las 10+ Vistas de ELORIENTE.NET en Septiembre\/2013\" src=\"http:\/\/www.eloriente.net\/home\/wp-content\/themes\/city-desk\/timthumb.php?src=http%3A%2F%2Fwww.eloriente.net%2Fhome%2Fwp-content%2Fuploads%2F2013%2F10%2FRichard-Kalvar-La-Louvi%C3%A8re-Belgique-1979-%40MaisonEuropeennePhotographie.jpg&amp;q=90&amp;w=160&amp;h=106&amp;zc=1\" alt=\"Las 10+ Vistas de ELORIENTE.NET en Septiembre\/2013\" \/><\/a>eloriente.net 3 de octubre de 2013 Cada mes, El Oriente publicar\u00e1 esta lista de los contenidos m\u00e1s visitados por nuestros usuarios. Esto, para que aquellos que se han perdido una buena recomendaci\u00f3n, una buena nota, tengan la oportunidad de volver sobre ella, aprender, regocijarse, disfrutar. Hay que recordar que el objetivo de El Oriente es [&#8230;]<\/p>\n<p>October 3, 2013<\/p>\n<\/div>\n<div id=\"post-16719\">\n<p><a title=\"Permalink to Derecho-UABJO realiza Taller sobre Sistema Acusatorio Adversarial\" href=\"http:\/\/www.eloriente.net\/home\/2013\/09\/28\/derecho-uabjo-realiza-taller-sobre-sistema-acusatorio-adversarial\/\" rel=\"bookmark\">Derecho-UABJO realiza Taller sobre Sistema Acusatorio Adversarial<\/a><\/p>\n<p><a href=\"http:\/\/www.eloriente.net\/home\/2013\/09\/28\/derecho-uabjo-realiza-taller-sobre-sistema-acusatorio-adversarial\/\" rel=\"bookmark\"><img decoding=\"async\" title=\"Derecho-UABJO realiza Taller sobre Sistema Acusatorio Adversarial\" src=\"http:\/\/www.eloriente.net\/home\/wp-content\/themes\/city-desk\/timthumb.php?src=http%3A%2F%2Fwww.eloriente.net%2Fhome%2Fwp-content%2Fuploads%2F2013%2F10%2FDerecho-UABJO.jpg&amp;q=90&amp;w=160&amp;h=106&amp;zc=1\" alt=\"Derecho-UABJO realiza Taller sobre Sistema Acusatorio Adversarial\" \/><\/a>eloriente.net 28 de septiembre de 2013 La Facultad de Derecho y Ciencias Sociales de la Universidad Aut\u00f3noma \u201cBenito Ju\u00e1rez\u201d de Oaxaca (UABJO), realiz\u00f3 el \u201ctaller de Sistema Acusatorio Adversarial y medios alternativos de soluci\u00f3n a conflictos\u201d, dirigido a estudiantes, docentes y catedr\u00e1ticos interesados en el tema. Esta actividad acad\u00e9mica tiene como prop\u00f3sito fortalecer la pr\u00e1ctica [&#8230;]<\/p>\n<p>September 28, 2013<\/p>\n<\/div>\n\n\t\t\t  <div \n\t\t\t  \tclass = \"fb-comments\" \n\t\t\t  \tdata-href = \"http:\/\/www.eloriente.net\/home\/2013\/11\/06\/anuncia-tribunal-unificacion-de-legislacion-para-adolescentes\/\"\n\t\t\t  \tdata-numposts = \"10\"\n\t\t\t\tdata-colorscheme = \"dark\"\n\t\t\t\tdata-order-by = \"social\"\n\t\t\t\tdata-mobile=true>\n\t\t\t  <\/div>\n\t\t  <style>\n\t\t\t.fb_iframe_widget_fluid_desktop iframe {\n\t\t\t    width: 100% !important;\n\t\t\t}\n\t\t  <\/style>\n\t\t  ","protected":false},"excerpt":{"rendered":"<p>eloriente.net\/TSJEO 6 de noviembre de 2013 En el desarrollo del Segundo Congreso Internacional de Justicia para Adolescentes realizado en el estado de Morelos, cuya primera edici\u00f3n se realiz\u00f3 en Oaxaca a iniciativa del Poder Judicial y su titular, magistrado Alfredo Lagunas Rivera, la Secretar\u00eda T\u00e9cnica del Consejo Coordinador para la Implementaci\u00f3n del Sistema de Justicia [&hellip;]<\/p>\n","protected":false},"author":1,"featured_media":17360,"comment_status":"open","ping_status":"open","sticky":false,"template":"","format":"standard","meta":{"_jetpack_memberships_contains_paid_content":false,"footnotes":""},"categories":[22,32,10],"tags":[],"class_list":["post-17359","post","type-post","status-publish","format-standard","has-post-thumbnail","hentry","category-derechos-humanos","category-entradas","category-lo-mas-reciente"],"jetpack_featured_media_url":"http:\/\/www.eloriente.net\/home\/wp-content\/uploads\/2013\/11\/El-magistrado-Alfredo-Lagunas-con-la-presidenta-del-Tribunal-Unitario-de-Justicia-para-Adolescentes-del-Estado-de-Morelos.jpg","jetpack_sharing_enabled":true,"_links":{"self":[{"href":"http:\/\/www.eloriente.net\/home\/wp-json\/wp\/v2\/posts\/17359"}],"collection":[{"href":"http:\/\/www.eloriente.net\/home\/wp-json\/wp\/v2\/posts"}],"about":[{"href":"http:\/\/www.eloriente.net\/home\/wp-json\/wp\/v2\/types\/post"}],"author":[{"embeddable":true,"href":"http:\/\/www.eloriente.net\/home\/wp-json\/wp\/v2\/users\/1"}],"replies":[{"embeddable":true,"href":"http:\/\/www.eloriente.net\/home\/wp-json\/wp\/v2\/comments?post=17359"}],"version-history":[{"count":1,"href":"http:\/\/www.eloriente.net\/home\/wp-json\/wp\/v2\/posts\/17359\/revisions"}],"predecessor-version":[{"id":17361,"href":"http:\/\/www.eloriente.net\/home\/wp-json\/wp\/v2\/posts\/17359\/revisions\/17361"}],"wp:featuredmedia":[{"embeddable":true,"href":"http:\/\/www.eloriente.net\/home\/wp-json\/wp\/v2\/media\/17360"}],"wp:attachment":[{"href":"http:\/\/www.eloriente.net\/home\/wp-json\/wp\/v2\/media?parent=17359"}],"wp:term":[{"taxonomy":"category","embeddable":true,"href":"http:\/\/www.eloriente.net\/home\/wp-json\/wp\/v2\/categories?post=17359"},{"taxonomy":"post_tag","embeddable":true,"href":"http:\/\/www.eloriente.net\/home\/wp-json\/wp\/v2\/tags?post=17359"}],"curies":[{"name":"wp","href":"https:\/\/api.w.org\/{rel}","templated":true}]}}