{"id":17381,"date":"2013-11-08T12:46:45","date_gmt":"2013-11-08T18:46:45","guid":{"rendered":"http:\/\/www.eloriente.net\/home\/?p=17381"},"modified":"2013-11-08T12:46:45","modified_gmt":"2013-11-08T18:46:45","slug":"imer-flores-federalizar-vs-centralizar-o-nacionalizar-el-instituto-nacional-de-elecciones","status":"publish","type":"post","link":"http:\/\/www.eloriente.net\/home\/2013\/11\/08\/imer-flores-federalizar-vs-centralizar-o-nacionalizar-el-instituto-nacional-de-elecciones\/","title":{"rendered":"Imer Flores: Federalizar vs. Centralizar o Nacionalizar; el Instituto Nacional de Elecciones"},"content":{"rendered":"<p>eloriente.net\/<a href=\"http:\/\/www.juridicas.unam.mx\/\" target=\"_blank\">Instituto de Investigaciones Jur\u00eddicas<\/a><\/p>\n<p>8 de noviembre de 2013<br \/>\n<iframe loading=\"lazy\" src=\"\/\/www.youtube.com\/embed\/aW0CL7RU0Hs?list=UUnsAwaunoXOv-OUEABUbUmQ\" frameborder=\"0\" width=\"560\" height=\"315\"><\/iframe><\/p>\n<p>El Comentario Jur\u00eddico \u00abFederalizar vs Centralizar o Nacionalizar, El Instituto Nacional de Elecciones\u00bb, es una producci\u00f3n del Instituto de Investigaciones Jur\u00eddicas de la UNAM. Fue publicado originalmente el 23 de octubre de 2013.<\/p>\n<p>El comentarista, <a href=\"http:\/\/www.juridicas.unam.mx\/invest\/directorio\/investigador.htm?p=IMER\" target=\"_blank\">Dr. Imer Flores Mendoza<\/a>, es investigador titular \u00abB\u00bb de tiempo completo en el Instituto de Investigaciones Jur\u00eddicas de la UNAM; La Universidad Nacional Aut\u00f3noma de M\u00e9xico le reconoce con el PRIDE Nivel D; El Sistema Nacional de Investigadores le reconoce como Investigador Nacional Nivel 3.<\/p>\n<p>El Canal 1, Tu Aula, de ELORIENTE.NET actualiza contenidos, conferencias, cursos, libres, sobre temas de inter\u00e9s. Por favor, si deseas que mostremos alg\u00fan contenido en particular, deja comentario o bien escribe a direccioneditorial@eloriente.net<\/p>\n<p>Gracias!<\/p>\n<p><a href=\"http:\/\/www.eloriente.net\/home\/wp-content\/uploads\/2013\/11\/Imer-Flores-IIJ.png\"><img loading=\"lazy\" decoding=\"async\" class=\"alignnone size-medium wp-image-17382\" title=\"Imer Flores IIJ\" src=\"http:\/\/www.eloriente.net\/home\/wp-content\/uploads\/2013\/11\/Imer-Flores-IIJ-300x165.png\" alt=\"\" width=\"300\" height=\"165\" srcset=\"http:\/\/www.eloriente.net\/home\/wp-content\/uploads\/2013\/11\/Imer-Flores-IIJ-300x165.png 300w, http:\/\/www.eloriente.net\/home\/wp-content\/uploads\/2013\/11\/Imer-Flores-IIJ.png 640w\" sizes=\"(max-width: 300px) 100vw, 300px\" \/><\/a><\/p>\n<p style=\"text-align: right;\"><strong>Otras Entradas:<\/strong><\/p>\n<p><a title=\"Permalink to El cazo de Lorenzo\" href=\"http:\/\/www.eloriente.net\/home\/2013\/11\/07\/el-cazo-de-lorenzo\/\" rel=\"bookmark\">El cazo de Lorenzo<\/a><\/p>\n<p><a href=\"http:\/\/www.eloriente.net\/home\/2013\/11\/07\/el-cazo-de-lorenzo\/\" rel=\"bookmark\"><img decoding=\"async\" title=\"El cazo de Lorenzo\" src=\"http:\/\/www.eloriente.net\/home\/wp-content\/themes\/city-desk\/timthumb.php?src=http%3A%2F%2Fwww.eloriente.net%2Fhome%2Fwp-content%2Fuploads%2F2013%2F11%2FCazo-Atribuci%C3%B3nCompartir-bajo-la-misma-licencia-Algunos-derechos-reservados-por-Masterdreams.jpg&amp;q=90&amp;w=160&amp;h=106&amp;zc=1\" alt=\"El cazo de Lorenzo\" \/><\/a><\/p>\n<p>eloriente.net 7 de noviembre de 2013 Por: Alejandra Silva Soriano Hay una historia imperdible, de sencilla lectura pero que ilustra perfectamente las adversidades por las que atraviesan las personas con discapacidad. El cuento se llama \u201cEL CAZO DE LORENZO\u201d, la autora es Isabelle Carrier, quien aborda el tema de la discapacidad de manera sutil y [&#8230;]<\/p>\n<p>November 7, 2013<\/p>\n<div id=\"post-17359\">\n<p><a title=\"Permalink to Anuncia Tribunal \u2018unificaci\u00f3n\u2019 de legislaci\u00f3n para adolescentes\" href=\"http:\/\/www.eloriente.net\/home\/2013\/11\/06\/anuncia-tribunal-unificacion-de-legislacion-para-adolescentes\/\" rel=\"bookmark\">Anuncia Tribunal \u2018unificaci\u00f3n\u2019 de legislaci\u00f3n para adolescentes<\/a><\/p>\n<p><a href=\"http:\/\/www.eloriente.net\/home\/2013\/11\/06\/anuncia-tribunal-unificacion-de-legislacion-para-adolescentes\/\" rel=\"bookmark\"><img decoding=\"async\" title=\"Anuncia Tribunal \u2018unificaci\u00f3n\u2019 de legislaci\u00f3n para adolescentes\" src=\"http:\/\/www.eloriente.net\/home\/wp-content\/themes\/city-desk\/timthumb.php?src=http%3A%2F%2Fwww.eloriente.net%2Fhome%2Fwp-content%2Fuploads%2F2013%2F11%2FEl-magistrado-Alfredo-Lagunas-con-la-presidenta-del-Tribunal-Unitario-de-Justicia-para-Adolescentes-del-Estado-de-Morelos.jpg&amp;q=90&amp;w=160&amp;h=106&amp;zc=1\" alt=\"Anuncia Tribunal \u2018unificaci\u00f3n\u2019 de legislaci\u00f3n para adolescentes\" \/><\/a>eloriente.net\/TSJEO 6 de noviembre de 2013 En el desarrollo del Segundo Congreso Internacional de Justicia para Adolescentes realizado en el estado de Morelos, cuya primera edici\u00f3n se realiz\u00f3 en Oaxaca a iniciativa del Poder Judicial y su titular, magistrado Alfredo Lagunas Rivera, la Secretar\u00eda T\u00e9cnica del Consejo Coordinador para la Implementaci\u00f3n del Sistema de Justicia [&#8230;]<\/p>\n<p>November 6, 2013<\/p>\n<\/div>\n<div id=\"post-17340\">\n<p><a title=\"Permalink to Comparte Editorial #06.11.13\" href=\"http:\/\/www.eloriente.net\/home\/2013\/11\/06\/comparte-editorial-06-11-13\/\" rel=\"bookmark\">Comparte Editorial #06.11.13<\/a><\/p>\n<p><a href=\"http:\/\/www.eloriente.net\/home\/2013\/11\/06\/comparte-editorial-06-11-13\/\" rel=\"bookmark\"><img decoding=\"async\" title=\"Comparte Editorial #06.11.13\" src=\"http:\/\/www.eloriente.net\/home\/wp-content\/themes\/city-desk\/timthumb.php?src=http%3A%2F%2Fwww.eloriente.net%2Fhome%2Fwp-content%2Fuploads%2F2013%2F11%2FEditorial-061113-AfavordelImpuestoaComidaChatarra.png&amp;q=90&amp;w=160&amp;h=106&amp;zc=1\" alt=\"Comparte Editorial #06.11.13\" \/><\/a>eloriente.net 6 de noviembre de 2013 Comp\u00e1rtelo en Twitter: #AFavordelImpuestoaComidaChatarra 4 Orientes: PRIMERO: El Senado de la Rep\u00fablica hace algunos d\u00edas aprob\u00f3, entre otros, los impuestos especiales: Un peso por cada litro a las bebidas saborizadas que contengan cualquier tipo de az\u00facares a\u00f1adidas Tasa de 8% a la enajenaci\u00f3n e importaci\u00f3n de alimentos no b\u00e1sicos [&#8230;]<\/p>\n<p>November 6, 2013<\/p>\n<\/div>\n<p>&nbsp;<\/p>\n\n\t\t\t  <div \n\t\t\t  \tclass = \"fb-comments\" \n\t\t\t  \tdata-href = \"http:\/\/www.eloriente.net\/home\/2013\/11\/08\/imer-flores-federalizar-vs-centralizar-o-nacionalizar-el-instituto-nacional-de-elecciones\/\"\n\t\t\t  \tdata-numposts = \"10\"\n\t\t\t\tdata-colorscheme = \"dark\"\n\t\t\t\tdata-order-by = \"social\"\n\t\t\t\tdata-mobile=true>\n\t\t\t  <\/div>\n\t\t  <style>\n\t\t\t.fb_iframe_widget_fluid_desktop iframe {\n\t\t\t    width: 100% !important;\n\t\t\t}\n\t\t  <\/style>\n\t\t  ","protected":false},"excerpt":{"rendered":"<p>eloriente.net\/Instituto de Investigaciones Jur\u00eddicas 8 de noviembre de 2013 El Comentario Jur\u00eddico \u00abFederalizar vs Centralizar o Nacionalizar, El Instituto Nacional de Elecciones\u00bb, es una producci\u00f3n del Instituto de Investigaciones Jur\u00eddicas de la UNAM. Fue publicado originalmente el 23 de octubre de 2013. El comentarista, Dr. Imer Flores Mendoza, es investigador titular \u00abB\u00bb de tiempo completo [&hellip;]<\/p>\n","protected":false},"author":1,"featured_media":17382,"comment_status":"open","ping_status":"open","sticky":false,"template":"","format":"standard","meta":{"_jetpack_memberships_contains_paid_content":false,"footnotes":""},"categories":[3,11,22,71,32,10,24],"tags":[],"class_list":["post-17381","post","type-post","status-publish","format-standard","has-post-thumbnail","hentry","category-canal-1-tu-aula","category-colaboradores","category-derechos-humanos","category-elecciones","category-entradas","category-lo-mas-reciente","category-mexico-y-el-mundo"],"jetpack_featured_media_url":"http:\/\/www.eloriente.net\/home\/wp-content\/uploads\/2013\/11\/Imer-Flores-IIJ.png","jetpack_sharing_enabled":true,"_links":{"self":[{"href":"http:\/\/www.eloriente.net\/home\/wp-json\/wp\/v2\/posts\/17381"}],"collection":[{"href":"http:\/\/www.eloriente.net\/home\/wp-json\/wp\/v2\/posts"}],"about":[{"href":"http:\/\/www.eloriente.net\/home\/wp-json\/wp\/v2\/types\/post"}],"author":[{"embeddable":true,"href":"http:\/\/www.eloriente.net\/home\/wp-json\/wp\/v2\/users\/1"}],"replies":[{"embeddable":true,"href":"http:\/\/www.eloriente.net\/home\/wp-json\/wp\/v2\/comments?post=17381"}],"version-history":[{"count":2,"href":"http:\/\/www.eloriente.net\/home\/wp-json\/wp\/v2\/posts\/17381\/revisions"}],"predecessor-version":[{"id":17384,"href":"http:\/\/www.eloriente.net\/home\/wp-json\/wp\/v2\/posts\/17381\/revisions\/17384"}],"wp:featuredmedia":[{"embeddable":true,"href":"http:\/\/www.eloriente.net\/home\/wp-json\/wp\/v2\/media\/17382"}],"wp:attachment":[{"href":"http:\/\/www.eloriente.net\/home\/wp-json\/wp\/v2\/media?parent=17381"}],"wp:term":[{"taxonomy":"category","embeddable":true,"href":"http:\/\/www.eloriente.net\/home\/wp-json\/wp\/v2\/categories?post=17381"},{"taxonomy":"post_tag","embeddable":true,"href":"http:\/\/www.eloriente.net\/home\/wp-json\/wp\/v2\/tags?post=17381"}],"curies":[{"name":"wp","href":"https:\/\/api.w.org\/{rel}","templated":true}]}}