{"id":17388,"date":"2013-11-08T23:59:56","date_gmt":"2013-11-09T05:59:56","guid":{"rendered":"http:\/\/www.eloriente.net\/home\/?p=17388"},"modified":"2013-11-08T18:35:13","modified_gmt":"2013-11-09T00:35:13","slug":"inicia-semana-cultural-de-educacion-media-en-oaxaca-11nov13","status":"publish","type":"post","link":"http:\/\/www.eloriente.net\/home\/2013\/11\/08\/inicia-semana-cultural-de-educacion-media-en-oaxaca-11nov13\/","title":{"rendered":"Inicia Semana Cultural de Educaci\u00f3n Media en Oaxaca 11\/Nov\/13"},"content":{"rendered":"<p>eloriente.net\/UABJO<\/p>\n<p>8 de noviembre de 2013<\/p>\n<p>Armando Mart\u00ednez Gonz\u00e1lez, titular de la Direcci\u00f3n General de Educaci\u00f3n Media Superior (DGEMS) de la Universidad Aut\u00f3noma \u201cBenito Ju\u00e1rez\u201d de Oaxaca (UABJO), inform\u00f3 que ya se encuentran preparados para el inicio de su Segunda Semana Cultural de las Escuelas Preparatorias, misma que dar\u00e1 inicio este lunes 11 de noviembre.<\/p>\n<p>Al respecto, el funcionario indic\u00f3 que el objetivo de esta actividad es la integraci\u00f3n de la comunidad que integran los bachilleres universitarios, as\u00ed como potencializar sus actividades y encausar sus inquietudes mediante las manifestaciones art\u00edsticas.<\/p>\n<p>En ese sentido, Mart\u00ednez Gonz\u00e1lez dijo que las actividades programadas para esta Semana Cultural han captado la atenci\u00f3n de los j\u00f3venes, quienes de manera entusiasta se han reportado listos para participar, tal y como fue en la edici\u00f3n anterior, misma que tuvo un \u00e9xito sin precedente.<\/p>\n<p>En cuanto a las actividades ha realizar, el titular de la DGEMS de la UABJO inform\u00f3 que habr\u00e1 concursos de Oratoria, Declamaci\u00f3n, Ajedrez, Canto y Escoltas, as\u00ed mismo, se encuentran programados un Marat\u00f3n de Conocimientos y un Intercolegial de Baile.<\/p>\n<p>El evento iniciar\u00e1 este lunes con una calenda que partir\u00e1 de la explanada del Templo de Santo Domingo de Guzm\u00e1n a las 17 horas con rumbo al z\u00f3calo de la ciudad, d\u00f3nde se realizar\u00e1 el acto inaugural a las 19 horas, para dar paso a la presentaci\u00f3n de la Guelaguetza a cargo de estudiantes de diferentes Preparatorias.<\/p>\n<p><a href=\"http:\/\/www.eloriente.net\/home\/wp-content\/uploads\/2013\/11\/UABJO-EDUCACION-MEDIA.jpg\"><img loading=\"lazy\" decoding=\"async\" class=\"alignnone size-medium wp-image-17389\" title=\"UABJO EDUCACION MEDIA\" src=\"http:\/\/www.eloriente.net\/home\/wp-content\/uploads\/2013\/11\/UABJO-EDUCACION-MEDIA-300x199.jpg\" alt=\"\" width=\"300\" height=\"199\" srcset=\"http:\/\/www.eloriente.net\/home\/wp-content\/uploads\/2013\/11\/UABJO-EDUCACION-MEDIA-300x199.jpg 300w, http:\/\/www.eloriente.net\/home\/wp-content\/uploads\/2013\/11\/UABJO-EDUCACION-MEDIA-1024x682.jpg 1024w\" sizes=\"(max-width: 300px) 100vw, 300px\" \/><\/a><\/p>\n<p>FOTO: UABJO<\/p>\n<p>&nbsp;<\/p>\n<p style=\"text-align: right;\"><strong>ANTERIORES:<\/strong><\/p>\n<p><a title=\"Permalink to D\u00eda Internacional de la Ni\u00f1a: Hay 40.4 millones de ni\u00f1as, ni\u00f1os y adolescentes en M\u00e9xico: INEGI\" href=\"http:\/\/www.eloriente.net\/home\/2013\/10\/11\/dia-internacional-de-la-nina-hay-40-4-millones-de-ninas-ninos-y-adolescentes-en-mexico-inegi\/\" rel=\"bookmark\">D\u00eda Internacional de la Ni\u00f1a: Hay 40.4 millones de ni\u00f1as, ni\u00f1os y adolescentes en M\u00e9xico: INEGI<\/a><\/p>\n<p><a href=\"http:\/\/www.eloriente.net\/home\/2013\/10\/11\/dia-internacional-de-la-nina-hay-40-4-millones-de-ninas-ninos-y-adolescentes-en-mexico-inegi\/\" rel=\"bookmark\"><img decoding=\"async\" title=\"D\u00eda Internacional de la Ni\u00f1a: Hay 40.4 millones de ni\u00f1as, ni\u00f1os y adolescentes en M\u00e9xico: INEGI\" src=\"http:\/\/www.eloriente.net\/home\/wp-content\/themes\/city-desk\/timthumb.php?src=http%3A%2F%2Fwww.eloriente.net%2Fhome%2Fwp-content%2Fuploads%2F2013%2F10%2FNi%C3%B1a-de-Sapa-Algunos-derechos-reservados-por-Galateina.jpg&amp;q=90&amp;w=160&amp;h=106&amp;zc=1\" alt=\"D\u00eda Internacional de la Ni\u00f1a: Hay 40.4 millones de ni\u00f1as, ni\u00f1os y adolescentes en M\u00e9xico: INEGI\" \/><\/a><\/p>\n<p>eloriente.net 11 de octubre de 2013 Por: Informe Especial del Instituto Nacional de Estad\u00edstica y Geograf\u00eda (INEGI) para el D\u00eda Internacional de la Ni\u00f1a 2013 Las proyecciones de poblaci\u00f3n indican que en M\u00e9xico, en 2013, hay 19.8 millones de ni\u00f1as y adolescentes menores de 18 a\u00f1os, lo que representa 49% del total de poblaci\u00f3n en [&#8230;]<\/p>\n<p>October 11, 2013<\/p>\n<div id=\"post-16880\">\n<p><a title=\"Permalink to Se puede tener \u00e9xito haciendo nada\" href=\"http:\/\/www.eloriente.net\/home\/2013\/10\/10\/se-puede-tener-exito-haciendo-nada\/\" rel=\"bookmark\">Se puede tener \u00e9xito haciendo nada<\/a><\/p>\n<p>eloriente.net 10 de octubre de 2013 Por: Juan Pablo Vasconcelos Por: Juan Pablo Vasconcelos* \u00a0 Se puede tener \u00e9xito haciendo nada Kim, el personaje de Rudyard Kipling en la novela del mismo nombre, ten\u00eda una caracter\u00edstica esencial para los tiempos que vivimos, pues \u201cKim no hac\u00eda nada, pero, eso s\u00ed, con extraordinario \u00e9xito\u201d. Este rasgo, [&#8230;]<\/p>\n<p>October 10, 2013<\/p>\n<\/div>\n<div id=\"post-16840\">\n<p><a title=\"Permalink to Oscuridad del debate legislativo en Oaxaca\" href=\"http:\/\/www.eloriente.net\/home\/2013\/10\/08\/oscuridad-del-debate-legislativo-en-oaxaca\/\" rel=\"bookmark\">Oscuridad del debate legislativo en Oaxaca<\/a><\/p>\n<p><a href=\"http:\/\/www.eloriente.net\/home\/2013\/10\/08\/oscuridad-del-debate-legislativo-en-oaxaca\/\" rel=\"bookmark\"><img decoding=\"async\" title=\"Oscuridad del debate legislativo en Oaxaca\" src=\"http:\/\/www.eloriente.net\/home\/wp-content\/themes\/city-desk\/timthumb.php?src=http%3A%2F%2Fwww.eloriente.net%2Fhome%2Fwp-content%2Fuploads%2F2013%2F10%2FOscuridad-Atribucio%CC%81n-Algunos-derechos-reservados-por-Edur8-.jpg&amp;q=90&amp;w=160&amp;h=106&amp;zc=1\" alt=\"Oscuridad del debate legislativo en Oaxaca\" \/><\/a>eloriente.net 8 de octubre de 2013 Si en el pa\u00eds los debates de Reforma Hacendaria, Energ\u00e9tica, Educativa, Pol\u00edtica, Telecomunicaciones, Transparencia, entre otras, se han puesto en la vitrina de la opini\u00f3n de la p\u00fablica por parte tanto de los legisladores como del Ejecutivo, en forma por dem\u00e1s apasionada y y no pocas veces sustancial, en [&#8230;]<\/p>\n<p>October 8, 2013<\/p>\n<\/div>\n\n\t\t\t  <div \n\t\t\t  \tclass = \"fb-comments\" \n\t\t\t  \tdata-href = \"http:\/\/www.eloriente.net\/home\/2013\/11\/08\/inicia-semana-cultural-de-educacion-media-en-oaxaca-11nov13\/\"\n\t\t\t  \tdata-numposts = \"10\"\n\t\t\t\tdata-colorscheme = \"dark\"\n\t\t\t\tdata-order-by = \"social\"\n\t\t\t\tdata-mobile=true>\n\t\t\t  <\/div>\n\t\t  <style>\n\t\t\t.fb_iframe_widget_fluid_desktop iframe {\n\t\t\t    width: 100% !important;\n\t\t\t}\n\t\t  <\/style>\n\t\t  ","protected":false},"excerpt":{"rendered":"<p>eloriente.net\/UABJO 8 de noviembre de 2013 Armando Mart\u00ednez Gonz\u00e1lez, titular de la Direcci\u00f3n General de Educaci\u00f3n Media Superior (DGEMS) de la Universidad Aut\u00f3noma \u201cBenito Ju\u00e1rez\u201d de Oaxaca (UABJO), inform\u00f3 que ya se encuentran preparados para el inicio de su Segunda Semana Cultural de las Escuelas Preparatorias, misma que dar\u00e1 inicio este lunes 11 de noviembre. [&hellip;]<\/p>\n","protected":false},"author":1,"featured_media":17389,"comment_status":"open","ping_status":"open","sticky":false,"template":"","format":"standard","meta":{"_jetpack_memberships_contains_paid_content":false,"footnotes":""},"categories":[8,29,18,32,84],"tags":[],"class_list":["post-17388","post","type-post","status-publish","format-standard","has-post-thumbnail","hentry","category-agenda","category-capital","category-educacion-y-cultura","category-entradas","category-universidades"],"jetpack_featured_media_url":"http:\/\/www.eloriente.net\/home\/wp-content\/uploads\/2013\/11\/UABJO-EDUCACION-MEDIA.jpg","jetpack_sharing_enabled":true,"_links":{"self":[{"href":"http:\/\/www.eloriente.net\/home\/wp-json\/wp\/v2\/posts\/17388"}],"collection":[{"href":"http:\/\/www.eloriente.net\/home\/wp-json\/wp\/v2\/posts"}],"about":[{"href":"http:\/\/www.eloriente.net\/home\/wp-json\/wp\/v2\/types\/post"}],"author":[{"embeddable":true,"href":"http:\/\/www.eloriente.net\/home\/wp-json\/wp\/v2\/users\/1"}],"replies":[{"embeddable":true,"href":"http:\/\/www.eloriente.net\/home\/wp-json\/wp\/v2\/comments?post=17388"}],"version-history":[{"count":1,"href":"http:\/\/www.eloriente.net\/home\/wp-json\/wp\/v2\/posts\/17388\/revisions"}],"predecessor-version":[{"id":17390,"href":"http:\/\/www.eloriente.net\/home\/wp-json\/wp\/v2\/posts\/17388\/revisions\/17390"}],"wp:featuredmedia":[{"embeddable":true,"href":"http:\/\/www.eloriente.net\/home\/wp-json\/wp\/v2\/media\/17389"}],"wp:attachment":[{"href":"http:\/\/www.eloriente.net\/home\/wp-json\/wp\/v2\/media?parent=17388"}],"wp:term":[{"taxonomy":"category","embeddable":true,"href":"http:\/\/www.eloriente.net\/home\/wp-json\/wp\/v2\/categories?post=17388"},{"taxonomy":"post_tag","embeddable":true,"href":"http:\/\/www.eloriente.net\/home\/wp-json\/wp\/v2\/tags?post=17388"}],"curies":[{"name":"wp","href":"https:\/\/api.w.org\/{rel}","templated":true}]}}