{"id":17395,"date":"2013-11-09T12:48:58","date_gmt":"2013-11-09T18:48:58","guid":{"rendered":"http:\/\/www.eloriente.net\/home\/?p=17395"},"modified":"2013-11-09T12:48:58","modified_gmt":"2013-11-09T18:48:58","slug":"en-el-mundo-el-fracking-aqui-ni-una-reforma","status":"publish","type":"post","link":"http:\/\/www.eloriente.net\/home\/2013\/11\/09\/en-el-mundo-el-fracking-aqui-ni-una-reforma\/","title":{"rendered":"En el mundo, el fracking; aqu\u00ed ni una reforma"},"content":{"rendered":"<p>eloriente.net<\/p>\n<p>9 de noviembre de 2013<\/p>\n<p style=\"text-align: right\">Por: <a href=\"http:\/\/almargenoaxaca.wordpress.com\/author\/almargenoaxaca\/\" target=\"_blank\">Adri\u00e1n Ortiz Romero<\/a><\/p>\n<p><strong>+ En el mundo, el fracking; aqu\u00ed ni una reforma<\/strong><\/p>\n<p><strong>+ M\u00e9xico, tras una reforma que ya debi\u00f3 ocurrir<\/strong><\/p>\n<p>Una vez que termine la discusi\u00f3n sobre el Presupuesto de Egresos para 2014, en M\u00e9xico vendr\u00e1n dos temas que son decisivos para la vida p\u00fablica, pero que en esencia deb\u00edan tener una din\u00e1mica distinta a la de la discusi\u00f3n en t\u00e9rminos partidistas o ideol\u00f3gicos. La primera es la reforma pol\u00edtica, y la segunda es la energ\u00e9tica, que pretende reformar el r\u00e9gimen constitucional de la actividad petrolera, para que la industria privada pueda participar en actividades que hoy son exclusivas de Pemex. Sin embargo, mientras eso se discute en M\u00e9xico, en otros pa\u00edses tienen otras preocupaciones como la del \u201cfracking\u201d, que hoy en d\u00eda no se conoce en nuestro pa\u00eds pero que, quiz\u00e1, se fuente pr\u00f3xima de provecho para unos cu\u00e1ntos. Enter\u00e9monos qu\u00e9 es.<\/p>\n<p>En efecto, si usted no ha o\u00eddo hablar del fracking, pronto lo har\u00e1. Esta inc\u00f3moda palabra inglesa \u2014nos dice el acad\u00e9mico Manuel Arias Maldonado, en el n\u00famero de octubre de la revista Letras Libres, edici\u00f3n Espa\u00f1a, y que puede ser consultado en bit.ly\/19UVRly\u2014, para la que no tenemos todav\u00eda una traducci\u00f3n elegante, designa una pr\u00e1ctica de extracci\u00f3n de gas para muchos tambi\u00e9n inc\u00f3moda, desconocida para la mayor\u00eda, y prometedora para unos pocos. Su padre, el ingeniero texano George Mitchell, ha fallecido hace unas semanas, mientras en Espa\u00f1a el gobierno prepara una legislaci\u00f3n que permita las primeras prospecciones, y en Gran Breta\u00f1a se conocen sonoras protestas contra su despliegue inicial. O sea, que el fracking no es todav\u00eda entre nosotros, los europeos continentales, un asunto de conversaci\u00f3n p\u00fablica, pero empieza a serlo.<\/p>\n<p>En concreto debemos preguntarnos qu\u00e9 es el fracking. Arias Maldonado nos responde con una explicaci\u00f3n m\u00e1s o menos sencilla, que sin embargo deja ver con claridad todos los problemas y riesgos que entra\u00f1a una pr\u00e1ctica \u201cviolenta\u201d y hasta radical para la extracci\u00f3n de gas del subsuelo. Arias, sobre eso, apunta lo siguiente: \u201cel fracking consiste en la fractura hidr\u00e1ulica de las rocas situadas bajo el subsuelo, a una alta presi\u00f3n y con una mezcla de agua, arena y agentes qu\u00edmicos, creando grietas a trav\u00e9s de las cuales el gas es liberado y extra\u00eddo. Hay, naturalmente, riesgos asociados. \u00a1Pero es que la realidad es as\u00ed! Tal como dec\u00eda la cuarta de las leyes de la ecolog\u00eda formuladas por el conservacionista Barry Commoner, there is nothing like a free lunch, o sea: nada es gratis. En este caso, los principales riesgos tienen que ver con la posibilidad de que el ascenso de los gases a la superficie pueda contaminar los pozos de agua, siendo especialmente problem\u00e1tico el caso del metano, gas altamente contaminante y contribuyente neto al cambio clim\u00e1tico. Menos credibilidad parece merecer la vinculaci\u00f3n entre el fracking y los movimientos s\u00edsmicos. Por otro lado, una buena parte de las protestas se refiere al da\u00f1o al paisaje o constituye eso que los anglosajones llaman nimbiyism: rechazo a soportar en la propia vecindad las molestias que acarrean la extracci\u00f3n de recursos o la actividad industrial. Y es que, si no nos gustan los vecinos ruidosos, c\u00f3mo vamos a aceptar de buen grado que el progreso itself acampe junto a nuestra casa.\u201d<\/p>\n<p>\u00bfY LOS RIESGOS?<\/p>\n<p>Aunque las investigaciones al respecto no son todav\u00eda concluyentes, parece que el fracking no plantea problemas que justifiquen una prohibici\u00f3n prematura. Es verdad que, incluso queriendo hacer las cosas bien, con las cautelas medioambientales correspondientes y una regulaci\u00f3n severa, esas mismas cosas pueden salir mal. Pero, al igual que sucede con la energ\u00eda nuclear, se trata de proceder a una evaluaci\u00f3n racional de los costes y los beneficios asociados a una t\u00e9cnica concreta, no de rechazar autom\u00e1ticamente las alternativas a lo conocido, aunque no supongan, como en este caso, una revoluci\u00f3n. Adem\u00e1s, no debe olvidarse que el gas natural es m\u00e1s limpio que los combustibles cl\u00e1sicos, como el carb\u00f3n. El fracking puede ser un aliado contra el cambio clim\u00e1tico; quiz\u00e1 no el m\u00e1s eficaz, pero s\u00ed el m\u00e1s realista. Y desde luego, constituye un buen ejemplo de c\u00f3mo la innovaci\u00f3n humana acaba encontrando soluciones all\u00ed donde no parec\u00eda haberlas, proceso de descubrimiento que no puede desarrollarse sin el juego de pruebas y errores que conduce a escoger aquello que mejor funciona y desde\u00f1ar aquello que no funciona en absoluto. El propio Tim Jackson, adalid contempor\u00e1neo del decrecimiento, reconoce que la posibilidad de una revoluci\u00f3n tecnol\u00f3gica en el plano energ\u00e9tico no puede descartarse, pero esta no puede llegar si no dejamos que lo haga.<\/p>\n<p>No obstante, Arias Maldonado apunta el que pudiera ser el mayor riesgo en una discusi\u00f3n como \u00e9sta, en la que en M\u00e9xico podr\u00edamos prever que es desastrosa: el de la manipulaci\u00f3n ideol\u00f3gica o pol\u00edtica de un tema que, en el mejor de los casos, deber\u00eda discutirse en la b\u00fasqueda de consensos entre radicales y moderados, y que sobre todo deb\u00eda implicar la posibilidad de llegar a ciertos fines sin que una postura destruya a la otra. En este sentido, Arias apunta:<\/p>\n<p>\u201c\u2026tambi\u00e9n la conversaci\u00f3n p\u00fablica, como la ingenier\u00eda constitucional, depende en buena medida de un adecuado sistema de pesos y contrapesos. En ese sentido, la insatisfacci\u00f3n cr\u00f3nica de los verdes radicales, as\u00ed como la m\u00e1s ocasional de los moderados, constituye una voz necesaria dentro del debate medioambiental; entre otras cosas, compensa la agresividad de quienes responden a meros intereses particulares y dejan de lado la cualidad p\u00fablica de los recursos naturales. En ocasiones, la sentimentalizaci\u00f3n y el alarmismo al que tienden los primeros produce un da\u00f1o irreparable en la opini\u00f3n p\u00fablica, que antepone la emoci\u00f3n a la raz\u00f3n en asuntos tales como la energ\u00eda nuclear. Es memorable el hecho de que la Orquesta de Baviera se negase, tras el accidente de Fukushima, a viajar a Tokio, donde deb\u00eda actuar, por miedo a las concentraciones de uranio en la atm\u00f3sfera de la capital nipona; luego result\u00f3 que el aire de M\u00fanich albergaba m\u00e1s uranio que el de Tokio.\u201d<\/p>\n<p>\u00bfCONTRAPESOS EN M\u00c9XICO?<\/p>\n<p>No se toma como algo natural, pero en un pa\u00eds como M\u00e9xico los contrapesos y los equilibrios parecen imposibles. El fracking implica una serie de molestias y riesgos que causan pol\u00e9mica hoy en d\u00eda. En M\u00e9xico esa pol\u00e9mica se encuentra extraviada en el debate ideol\u00f3gico y sentimental del tema petrolero. \u00bfAlg\u00fan d\u00eda podr\u00edamos llegar a discutir el fracking con claridad y lejos de los intereses partidistas? Si hoy no podemos resolver el tema petrolero (que para el primer mundo es un tema \u201cviejo\u201d) dif\u00edcilmente podr\u00edamos llegar a este siguiente nivel en la discusi\u00f3n energ\u00e9tica.<\/p>\n<p><a href=\"http:\/\/www.eloriente.net\/home\/wp-content\/uploads\/2013\/09\/Bandera-M\u00e9xico-httpcreativecommons.orglicensesby-sa2.0.jpg\"><img loading=\"lazy\" decoding=\"async\" class=\"alignnone size-medium wp-image-16434\" src=\"http:\/\/www.eloriente.net\/home\/wp-content\/uploads\/2013\/09\/Bandera-M\u00e9xico-httpcreativecommons.orglicensesby-sa2.0-300x200.jpg\" alt=\"\" width=\"300\" height=\"200\" srcset=\"http:\/\/www.eloriente.net\/home\/wp-content\/uploads\/2013\/09\/Bandera-M\u00e9xico-httpcreativecommons.orglicensesby-sa2.0-300x200.jpg 300w, http:\/\/www.eloriente.net\/home\/wp-content\/uploads\/2013\/09\/Bandera-M\u00e9xico-httpcreativecommons.orglicensesby-sa2.0.jpg 1024w\" sizes=\"(max-width: 300px) 100vw, 300px\" \/><\/a><\/p>\n<p>Foto:\u00a0Bandera M\u00e9xico httpcreativecommons.orglicensesby-sa2.0<\/p>\n<p>&nbsp;<\/p>\n<p><strong>Anteriores:<\/strong><\/p>\n<p><a title=\"Permalink to Presidentes de institutos electorales se pronuncian en contra de creaci\u00f3n del INE ante diputados\" href=\"http:\/\/www.eloriente.net\/home\/2013\/10\/16\/presidentes-de-institutos-electorales-se-pronuncian-en-contra-de-creacion-del-ine-ante-diputados\/\" rel=\"bookmark\">Presidentes de institutos electorales se pronuncian en contra de creaci\u00f3n del INE ante diputados<\/a><\/p>\n<p><a href=\"http:\/\/www.eloriente.net\/home\/2013\/10\/16\/presidentes-de-institutos-electorales-se-pronuncian-en-contra-de-creacion-del-ine-ante-diputados\/\" rel=\"bookmark\"><img decoding=\"async\" src=\"http:\/\/www.eloriente.net\/home\/wp-content\/themes\/city-desk\/timthumb.php?src=http%3A%2F%2Fwww.eloriente.net%2Fhome%2Fwp-content%2Fuploads%2F2013%2F03%2Fsan-lazaro.jpg&amp;q=90&amp;w=160&amp;h=106&amp;zc=1\" alt=\"Presidentes de institutos electorales se pronuncian en contra de creaci\u00f3n del INE ante diputados\" \/><\/a><\/p>\n<p>eloriente.net\/C\u00e1mara de Diputados 15 de octubre de 2013 15-10-2013.- Diputados de la Comisi\u00f3n de Puntos Constitucionales recibieron a presidentes y presidentas de Institutos Electorales de 16 estados de la Rep\u00fablica, quienes se pronunciaron en contra de la creaci\u00f3n del Instituto Nacional Electoral (INE) que contempla la propuesta de la reforma electoral porque \u201ces atentatorio contra [&#8230;]<\/p>\n<p>October 16, 2013<\/p>\n<div>\n<p><a title=\"Permalink to Oscuridad del debate legislativo en Oaxaca\" href=\"http:\/\/www.eloriente.net\/home\/2013\/10\/08\/oscuridad-del-debate-legislativo-en-oaxaca\/\" rel=\"bookmark\">Oscuridad del debate legislativo en Oaxaca<\/a><\/p>\n<p><a href=\"http:\/\/www.eloriente.net\/home\/2013\/10\/08\/oscuridad-del-debate-legislativo-en-oaxaca\/\" rel=\"bookmark\"><img decoding=\"async\" src=\"http:\/\/www.eloriente.net\/home\/wp-content\/themes\/city-desk\/timthumb.php?src=http%3A%2F%2Fwww.eloriente.net%2Fhome%2Fwp-content%2Fuploads%2F2013%2F10%2FOscuridad-Atribucio%CC%81n-Algunos-derechos-reservados-por-Edur8-.jpg&amp;q=90&amp;w=160&amp;h=106&amp;zc=1\" alt=\"Oscuridad del debate legislativo en Oaxaca\" \/><\/a>eloriente.net 8 de octubre de 2013 Si en el pa\u00eds los debates de Reforma Hacendaria, Energ\u00e9tica, Educativa, Pol\u00edtica, Telecomunicaciones, Transparencia, entre otras, se han puesto en la vitrina de la opini\u00f3n de la p\u00fablica por parte tanto de los legisladores como del Ejecutivo, en forma por dem\u00e1s apasionada y y no pocas veces sustancial, en [&#8230;]<\/p>\n<p>October 8, 2013<\/p>\n<\/div>\n<div>\n<p><a title=\"Permalink to Regresiones disfrazadas de reformas: Juan Pablo Morales Garc\u00eda\" href=\"http:\/\/www.eloriente.net\/home\/2013\/10\/08\/regresiones-disfrazadas-de-reformas-juan-pablo-morales-garcia\/\" rel=\"bookmark\">Regresiones disfrazadas de reformas: Juan Pablo Morales Garc\u00eda<\/a><\/p>\n<p><a href=\"http:\/\/www.eloriente.net\/home\/2013\/10\/08\/regresiones-disfrazadas-de-reformas-juan-pablo-morales-garcia\/\" rel=\"bookmark\"><img decoding=\"async\" src=\"http:\/\/www.eloriente.net\/home\/wp-content\/themes\/city-desk\/timthumb.php?src=http%3A%2F%2Fwww.eloriente.net%2Fhome%2Fwp-content%2Fuploads%2F2012%2F07%2FFoto-contando-boletas-1.jpg&amp;q=90&amp;w=160&amp;h=106&amp;zc=1\" alt=\"Regresiones disfrazadas de reformas: Juan Pablo Morales Garc\u00eda\" \/><\/a>eloriente.net 8 de octubre de 2013 Por: Juan Pablo Morales Garc\u00eda Reformar, derogar o abrogar una ley no siempre representa la transformaci\u00f3n positiva de la realidad a la que est\u00e1 destinada. Las reformas pol\u00edticas de corte electoral son el ejemplo m\u00e1s tangible de la imperfecci\u00f3n de dicho mecanismo legal y donde despu\u00e9s de cada jornada [&#8230;]<\/p>\n<p>October 8, 2013<\/p>\n<\/div>\n\n\t\t\t  <div \n\t\t\t  \tclass = \"fb-comments\" \n\t\t\t  \tdata-href = \"http:\/\/www.eloriente.net\/home\/2013\/11\/09\/en-el-mundo-el-fracking-aqui-ni-una-reforma\/\"\n\t\t\t  \tdata-numposts = \"10\"\n\t\t\t\tdata-colorscheme = \"dark\"\n\t\t\t\tdata-order-by = \"social\"\n\t\t\t\tdata-mobile=true>\n\t\t\t  <\/div>\n\t\t  <style>\n\t\t\t.fb_iframe_widget_fluid_desktop iframe {\n\t\t\t    width: 100% !important;\n\t\t\t}\n\t\t  <\/style>\n\t\t  ","protected":false},"excerpt":{"rendered":"<p>eloriente.net 9 de noviembre de 2013 Por: Adri\u00e1n Ortiz Romero + En el mundo, el fracking; aqu\u00ed ni una reforma + M\u00e9xico, tras una reforma que ya debi\u00f3 ocurrir Una vez que termine la discusi\u00f3n sobre el Presupuesto de Egresos para 2014, en M\u00e9xico vendr\u00e1n dos temas que son decisivos para la vida p\u00fablica, pero [&hellip;]<\/p>\n","protected":false},"author":2,"featured_media":16434,"comment_status":"open","ping_status":"open","sticky":false,"template":"","format":"standard","meta":{"_jetpack_memberships_contains_paid_content":false,"footnotes":""},"categories":[38,11,32,10,21],"tags":[],"class_list":["post-17395","post","type-post","status-publish","format-standard","has-post-thumbnail","hentry","category-adrian-ortiz-romero","category-colaboradores","category-entradas","category-lo-mas-reciente","category-politica-y-gobierno"],"jetpack_featured_media_url":"http:\/\/www.eloriente.net\/home\/wp-content\/uploads\/2013\/09\/Bandera-M\u00e9xico-httpcreativecommons.orglicensesby-sa2.0.jpg","jetpack_sharing_enabled":true,"_links":{"self":[{"href":"http:\/\/www.eloriente.net\/home\/wp-json\/wp\/v2\/posts\/17395"}],"collection":[{"href":"http:\/\/www.eloriente.net\/home\/wp-json\/wp\/v2\/posts"}],"about":[{"href":"http:\/\/www.eloriente.net\/home\/wp-json\/wp\/v2\/types\/post"}],"author":[{"embeddable":true,"href":"http:\/\/www.eloriente.net\/home\/wp-json\/wp\/v2\/users\/2"}],"replies":[{"embeddable":true,"href":"http:\/\/www.eloriente.net\/home\/wp-json\/wp\/v2\/comments?post=17395"}],"version-history":[{"count":2,"href":"http:\/\/www.eloriente.net\/home\/wp-json\/wp\/v2\/posts\/17395\/revisions"}],"predecessor-version":[{"id":17397,"href":"http:\/\/www.eloriente.net\/home\/wp-json\/wp\/v2\/posts\/17395\/revisions\/17397"}],"wp:featuredmedia":[{"embeddable":true,"href":"http:\/\/www.eloriente.net\/home\/wp-json\/wp\/v2\/media\/16434"}],"wp:attachment":[{"href":"http:\/\/www.eloriente.net\/home\/wp-json\/wp\/v2\/media?parent=17395"}],"wp:term":[{"taxonomy":"category","embeddable":true,"href":"http:\/\/www.eloriente.net\/home\/wp-json\/wp\/v2\/categories?post=17395"},{"taxonomy":"post_tag","embeddable":true,"href":"http:\/\/www.eloriente.net\/home\/wp-json\/wp\/v2\/tags?post=17395"}],"curies":[{"name":"wp","href":"https:\/\/api.w.org\/{rel}","templated":true}]}}