{"id":17404,"date":"2013-11-10T13:26:03","date_gmt":"2013-11-10T19:26:03","guid":{"rendered":"http:\/\/www.eloriente.net\/home\/?p=17404"},"modified":"2013-11-10T13:26:03","modified_gmt":"2013-11-10T19:26:03","slug":"despertar-2","status":"publish","type":"post","link":"http:\/\/www.eloriente.net\/home\/2013\/11\/10\/despertar-2\/","title":{"rendered":"Despertar"},"content":{"rendered":"<p>eloriente.net<\/p>\n<p>9 de noviembre de 2013<\/p>\n<p style=\"text-align: right\"><a href=\"http:\/\/www.eloriente.net\/home\/category\/colaboradores\/omar-alejandro-angel\/\" target=\"_blank\">Por: Omar Alejandro \u00c1ngel<\/a><\/p>\n<p align=\"right\"><em>A Hugo Alejandro Gonz\u00e1lez Rocha<\/em><\/p>\n<p style=\"text-align: left\" align=\"right\"><strong>Despertar\u00a0<\/strong><\/p>\n<p>No quise. No quise decirte nada.\u2028Prefer\u00ed, en cambio, observar. Intent\u00e9, incluso, comprender la inexactitud de tus fatigados pasos, saber por qu\u00e9, inocentemente, prefer\u00edas el reposo, observar el juego, mantenerte al margen del fest\u00edn que personas como t\u00fa llevaban a cabo. Tanta libertad y, a\u00fan as\u00ed, ir\u00f3nicamente, atado.<\/p>\n<p>Preferible continuar. En ocasiones, llegu\u00e9 a pensar que cambiar\u00eda. Todo. Vi en tus ojos\u2028dos arbolitos locos que, tiempo despu\u00e9s, llenar\u00edan tu frente, tus manos e incluso lo que nadie ve\u00eda, ni vio. Perdiste el color y con ello, yo la esperanza. A ambos comenz\u00f3 a faltarnos el aire: la respiraci\u00f3n misma resultaba un maritirio.<\/p>\n<p>En ocasiones de aparente calma, llegamos a amar el vano transcurrir del tiempo que ten\u00edamos contado. Y nos gustaba, nos gustaba c\u00f3mo tu voz se deformaba, en ocasiones ronca, otras grave y unas m\u00e1s, hiperaguda. Llegamos a cantar, a ser sopranos y tenores. Querer result\u00f3 poco, mundano, finito. Desbord\u00e1bamos sentimientos por doquier; tanto, que aqu\u00e9l d\u00eda tu coraz\u00f3n marc\u00f3 el ritmo en toda la casa, estallando y pintando las paredes de lindo carmes\u00ed.<\/p>\n<p>Siendo sinceros, result\u00f3 suficiente. Al final, sent\u00eda tus ojos, ocultos, entre tantos nombres, aromas y dolores. Parec\u00eda irreal. Pesadillas que nos partieron en dos. Prefer\u00ed compartir sin tener, comprender y, con suerte, entenderte. Alg\u00fan d\u00eda sabr\u00e1s que formaba parte. Pero no en ese momento, ser\u00eda demasiado. Prefer\u00ed, en cambio, observar.<\/p>\n<p>Yo ser\u00eda el primero. No quise. No quise decirte nada.<\/p>\n<p>&nbsp;<\/p>\n<p>Entradas Anteriores:<\/p>\n<p>E<a title=\"Permalink to El problema de la educaci\u00f3n va de la mano con el de la cultura: Garc\u00eda Bergua\" href=\"http:\/\/www.eloriente.net\/home\/2013\/11\/06\/el-problema-de-la-educacion-va-de-la-mano-con-el-de-la-cultura-garcia-bergua\/\" rel=\"bookmark\">l problema de la educaci\u00f3n va de la mano con el de la cultura: Garc\u00eda Bergua<\/a><\/p>\n<p><a href=\"http:\/\/www.eloriente.net\/home\/2013\/11\/06\/el-problema-de-la-educacion-va-de-la-mano-con-el-de-la-cultura-garcia-bergua\/\" rel=\"bookmark\"><img decoding=\"async\" src=\"http:\/\/www.eloriente.net\/home\/wp-content\/themes\/city-desk\/timthumb.php?src=http%3A%2F%2Fwww.eloriente.net%2Fhome%2Fwp-content%2Fuploads%2F2013%2F11%2Fgarc%C3%ADa-bergua-n22.jpg&amp;q=90&amp;w=160&amp;h=106&amp;zc=1\" alt=\"El problema de la educaci\u00f3n va de la mano con el de la cultura: Garc\u00eda Bergua\" \/><\/a><\/p>\n<p>eloriente.net\/Agencia de Noticias de Canal 22 6 de noviembre de 2013 Por:\u00a0Alizbeth Mercado\u00a0@alizbeat CIUDAD DE M\u00c9XICO, M\u00e9xico, (N22).-\u00a0Pienso que sigue siendo necesario apoyar a los creadores, a los j\u00f3venes y es necesario el sistema de becas, porque no tenemos un sistema que haya creado p\u00fablicos que sostengan ese trabajo. De alguna manera si quitas lo [&#8230;]<\/p>\n<p>November 6, 2013<\/p>\n<div>\n<p><a title=\"Permalink to 8\/Nov Abre Feria Internacional del Libro Infantil y Juvenil con tema: \u2018recomposici\u00f3n del tejido social\u2019\" href=\"http:\/\/www.eloriente.net\/home\/2013\/11\/05\/8nov-abre-feria-internacional-del-libro-infantil-y-juvenil-con-tema-recomposicion-del-tejido-social\/\" rel=\"bookmark\">8\/Nov Abre Feria Internacional del Libro Infantil y Juvenil con tema: \u2018recomposici\u00f3n del tejido social\u2019<\/a><\/p>\n<p><a href=\"http:\/\/www.eloriente.net\/home\/2013\/11\/05\/8nov-abre-feria-internacional-del-libro-infantil-y-juvenil-con-tema-recomposicion-del-tejido-social\/\" rel=\"bookmark\"><img decoding=\"async\" src=\"http:\/\/www.eloriente.net\/home\/wp-content\/themes\/city-desk\/timthumb.php?src=http%3A%2F%2Fwww.eloriente.net%2Fhome%2Fwp-content%2Fuploads%2F2013%2F11%2FAtribucio%CC%81n-Algunos-derechos-reservados-por-jorgemejia-LIBROS.jpg&amp;q=90&amp;w=160&amp;h=106&amp;zc=1\" alt=\"8\/Nov Abre Feria Internacional del Libro Infantil y Juvenil con tema: \u2018recomposici\u00f3n del tejido social\u2019\" \/><\/a>eloriente.net\/CONACULTA 4 de noviembre de 2013 En el encuentro se realizar\u00e1 el 16 Seminario Internacional de Fomento de la Lectura, con destacados especialistas de Argentina, Brasil, Canad\u00e1, Colombia, Espa\u00f1a, Estados Unidos, Francia y M\u00e9xico Habr\u00e1 actividades en honor a reconocidos personajes de la cultura mexicana como Mireya Cueto y Jorge Ibarg\u00fcengoitia Se instalar\u00e1 una segunda [&#8230;]<\/p>\n<p>November 5, 2013<\/p>\n<\/div>\n<div>\n<p><a title=\"Permalink to Todo El Concierto: Omara Portuondo En Vivo en Montreal, en Canal 3 @El_Oriente\" href=\"http:\/\/www.eloriente.net\/home\/2013\/10\/31\/todo-el-concierto-omara-portuondo-en-vivo-en-montreal-en-canal-3-el_oriente\/\" rel=\"bookmark\">Todo El Concierto: Omara Portuondo En Vivo en Montreal, en Canal 3 @El_Oriente<\/a><\/p>\n<p><a href=\"http:\/\/www.eloriente.net\/home\/2013\/10\/31\/todo-el-concierto-omara-portuondo-en-vivo-en-montreal-en-canal-3-el_oriente\/\" rel=\"bookmark\"><img decoding=\"async\" src=\"http:\/\/www.eloriente.net\/home\/wp-content\/themes\/city-desk\/timthumb.php?src=http%3A%2F%2Fwww.eloriente.net%2Fhome%2Fwp-content%2Fuploads%2F2013%2F10%2FOmara-Portuondo-Atribuci%C3%B3n-Algunos-derechos-reservados-por-Vilanova-i-la-Geltr%C3%BA.jpg&amp;q=90&amp;w=160&amp;h=106&amp;zc=1\" alt=\"Todo El Concierto: Omara Portuondo En Vivo en Montreal, en Canal 3 @El_Oriente\" \/><\/a>eloriente.net 31 de octubre de 2013 Por: Ruy Solana, Editor de Artes En vista de que l@s lector@s de ELORIENTE.NET son tan afectos a la m\u00fasica y al arte (una prueba es el gran n\u00famero de visitas que han tenido los videos de la serie: La historia detr\u00e1s de la canci\u00f3n), hemos decido reavivar la [&#8230;]<\/p>\n<p>October 31, 2013<\/p>\n<\/div>\n<p>&nbsp;<\/p>\n<p>&nbsp;<\/p>\n\n\t\t\t  <div \n\t\t\t  \tclass = \"fb-comments\" \n\t\t\t  \tdata-href = \"http:\/\/www.eloriente.net\/home\/2013\/11\/10\/despertar-2\/\"\n\t\t\t  \tdata-numposts = \"10\"\n\t\t\t\tdata-colorscheme = \"dark\"\n\t\t\t\tdata-order-by = \"social\"\n\t\t\t\tdata-mobile=true>\n\t\t\t  <\/div>\n\t\t  <style>\n\t\t\t.fb_iframe_widget_fluid_desktop iframe {\n\t\t\t    width: 100% !important;\n\t\t\t}\n\t\t  <\/style>\n\t\t  ","protected":false},"excerpt":{"rendered":"<p>eloriente.net 9 de noviembre de 2013 Por: Omar Alejandro \u00c1ngel A Hugo Alejandro Gonz\u00e1lez Rocha Despertar\u00a0 No quise. No quise decirte nada.\u2028Prefer\u00ed, en cambio, observar. Intent\u00e9, incluso, comprender la inexactitud de tus fatigados pasos, saber por qu\u00e9, inocentemente, prefer\u00edas el reposo, observar el juego, mantenerte al margen del fest\u00edn que personas como t\u00fa llevaban a [&hellip;]<\/p>\n","protected":false},"author":14,"featured_media":0,"comment_status":"open","ping_status":"open","sticky":false,"template":"","format":"standard","meta":{"_jetpack_memberships_contains_paid_content":false,"footnotes":""},"categories":[11,32,10,57],"tags":[],"class_list":["post-17404","post","type-post","status-publish","format-standard","hentry","category-colaboradores","category-entradas","category-lo-mas-reciente","category-omar-alejandro-angel"],"jetpack_featured_media_url":"","jetpack_sharing_enabled":true,"_links":{"self":[{"href":"http:\/\/www.eloriente.net\/home\/wp-json\/wp\/v2\/posts\/17404"}],"collection":[{"href":"http:\/\/www.eloriente.net\/home\/wp-json\/wp\/v2\/posts"}],"about":[{"href":"http:\/\/www.eloriente.net\/home\/wp-json\/wp\/v2\/types\/post"}],"author":[{"embeddable":true,"href":"http:\/\/www.eloriente.net\/home\/wp-json\/wp\/v2\/users\/14"}],"replies":[{"embeddable":true,"href":"http:\/\/www.eloriente.net\/home\/wp-json\/wp\/v2\/comments?post=17404"}],"version-history":[{"count":2,"href":"http:\/\/www.eloriente.net\/home\/wp-json\/wp\/v2\/posts\/17404\/revisions"}],"predecessor-version":[{"id":17406,"href":"http:\/\/www.eloriente.net\/home\/wp-json\/wp\/v2\/posts\/17404\/revisions\/17406"}],"wp:attachment":[{"href":"http:\/\/www.eloriente.net\/home\/wp-json\/wp\/v2\/media?parent=17404"}],"wp:term":[{"taxonomy":"category","embeddable":true,"href":"http:\/\/www.eloriente.net\/home\/wp-json\/wp\/v2\/categories?post=17404"},{"taxonomy":"post_tag","embeddable":true,"href":"http:\/\/www.eloriente.net\/home\/wp-json\/wp\/v2\/tags?post=17404"}],"curies":[{"name":"wp","href":"https:\/\/api.w.org\/{rel}","templated":true}]}}