{"id":17407,"date":"2013-11-10T13:41:05","date_gmt":"2013-11-10T19:41:05","guid":{"rendered":"http:\/\/www.eloriente.net\/home\/?p=17407"},"modified":"2013-11-10T13:45:06","modified_gmt":"2013-11-10T19:45:06","slug":"ifai-pide-cuentas-a-los-productores-de-presunto-culpable","status":"publish","type":"post","link":"http:\/\/www.eloriente.net\/home\/2013\/11\/10\/ifai-pide-cuentas-a-los-productores-de-presunto-culpable\/","title":{"rendered":"IFAI pide cuentas a los productores de \u00abPresunto culpable\u00bb"},"content":{"rendered":"<p>eloriente.net\/<a href=\"http:\/\/agencian22.blogspot.mx\/\" target=\"_blank\">Agencia de Noticias de Canal 22<\/a><\/p>\n<p>8 de noviembre de 2013<\/p>\n<div><strong>CIUDAD DE M\u00c9XICO, M\u00e9xico, (N22\/Redacci\u00f3n).-<\/strong>\u00a0El Instituto Mexicano de Cinematograf\u00eda (Imcine) deber\u00e1 buscar y dar a conocer el monto recaudado por la exhibici\u00f3n en el extranjero de la pel\u00edcula \u00abPresunto Culpable\u00bb, as\u00ed como indicar los pa\u00edses en los que la cinta fue presentada.<\/div>\n<div><\/div>\n<div>El Pleno del \u00f3rgano de transparencia se\u00f1al\u00f3 que en respuesta a la solicitud de un particular, la dependencia cultural dijo no tener registros de que el filme se haya exhibido comercialmente fuera del pa\u00eds y subray\u00f3 que el coproductor es quien detenta los derechos de distribuci\u00f3n y explotaci\u00f3n comercial de la pel\u00edcula.<\/div>\n<div><\/div>\n<div>Sin embargo, el IFAI revir\u00f3 que el largometraje recibi\u00f3 recursos por un mill\u00f3n de pesos, del Fondo para la Producci\u00f3n Cinematogr\u00e1fica de Calidad, por lo que, asegur\u00f3, el coproductor tuvo que haber presentado informes, e instruy\u00f3 al Imcine a efectuar una b\u00fasqueda de la informaci\u00f3n en todas las unidades administrativas competentes, en la que no podr\u00e1 excluir a la Direcci\u00f3n de Apoyo a la Producci\u00f3n Cinematogr\u00e1fica.<\/div>\n<div><\/div>\n<div>Finalmente, expuso que de encontrar documentos con datos confidenciales, tales como: recibos en donde se encuentren n\u00fameros de cuenta, RFC y otros, la dependencia deber\u00e1 elaborar las versiones p\u00fablicas a fin de proporcionar la informaci\u00f3n requerida. En caso de que la informaci\u00f3n sea inexistente, el Imcine deber\u00e1 hacer la declaratoria correspondiente.<\/div>\n<div><\/div>\n<div>Los realizadores del documental \u201cPresunto Culpable\u201d,\u00a0 Layda Negrete y Roberto Hern\u00e1ndez, enfrentan demandas por da\u00f1o moral que ascienden a m\u00e1s de 3 mil millones de pesos, por parte del comandante de la Procuradur\u00eda de General de Justicia del Distrito Federal, Jos\u00e9 Manuel Ortega Saavedra; otra por V\u00edctor Reyes, testigo del juicio contra el protagonista Antonio Zu\u00f1iga, y la familia la victima sobre la que versa el caso de supuesto asesinato exhibido en la cinta.<\/div>\n<div><\/div>\n<div>El filme no puede ser exhibido desde hace dos a\u00f1os debido al amparo promovido por V\u00edctor Reyes. Dicho recurso ser\u00e1 confirmado o revocado este viernes por una juez de Morelia, luego de que la Suprema Corte de Justicia de la Naci\u00f3n rechaz\u00f3 atraer el caso.<\/div>\n<div><a href=\"http:\/\/www.eloriente.net\/home\/wp-content\/uploads\/2013\/11\/Presunto-culpable-n22.jpg\"><img loading=\"lazy\" decoding=\"async\" class=\"alignnone size-medium wp-image-17408\" title=\"Presunto culpable n22\" src=\"http:\/\/www.eloriente.net\/home\/wp-content\/uploads\/2013\/11\/Presunto-culpable-n22-300x224.jpg\" alt=\"\" width=\"300\" height=\"224\" srcset=\"http:\/\/www.eloriente.net\/home\/wp-content\/uploads\/2013\/11\/Presunto-culpable-n22-300x224.jpg 300w, http:\/\/www.eloriente.net\/home\/wp-content\/uploads\/2013\/11\/Presunto-culpable-n22.jpg 448w\" sizes=\"(max-width: 300px) 100vw, 300px\" \/><\/a><\/div>\n<div><\/div>\n<div>Fuente:www.eluniversal.com.mx<\/div>\n<div>Imagen:http:\/\/bit.ly\/1bfOqDt<\/div>\n<div>13AH<\/div>\n<div><\/div>\n<div><strong>Anteriores:<\/strong><\/div>\n<div><\/div>\n<div>\n<p><a title=\"Permalink to Desnudo \u2018en cuerpo y alma\u2019 Jodorowsky presenta La Danza de la Realidad\" href=\"http:\/\/www.eloriente.net\/home\/2013\/10\/20\/desnudo-en-cuerpo-y-alma-jodorowsky-presenta-la-danza-de-la-realidad\/\" rel=\"bookmark\">Desnudo \u2018en cuerpo y alma\u2019 Jodorowsky presenta La Danza de la Realidad<\/a><\/p>\n<p><a href=\"http:\/\/www.eloriente.net\/home\/2013\/10\/20\/desnudo-en-cuerpo-y-alma-jodorowsky-presenta-la-danza-de-la-realidad\/\" rel=\"bookmark\"><img decoding=\"async\" title=\"Desnudo \u2018en cuerpo y alma\u2019 Jodorowsky presenta La Danza de la Realidad\" src=\"http:\/\/www.eloriente.net\/home\/wp-content\/themes\/city-desk\/timthumb.php?src=http%3A%2F%2Fwww.eloriente.net%2Fhome%2Fwp-content%2Fuploads%2F2013%2F08%2F%40AlejandroJodorowsky-e1376830468973.jpg&amp;q=90&amp;w=160&amp;h=106&amp;zc=1\" alt=\"Desnudo \u2018en cuerpo y alma\u2019 Jodorowsky presenta La Danza de la Realidad\" \/><\/a>eloriente.net 20 de octubre de 2013 Foto: @AlejandroJodorowsky \u00a0Anteriores: Jodorowsky presentar\u00e1 en Morelia \u201cLa Danza de la Realidad\u201d eloriente.net 18 de agosto de 2013 eloriente.net (Oaxaca, Oax. a 18 de agosto de 2013).- El artista chileno Alejandro Jodorowsky (1929) estar\u00e1 en M\u00e9xico participando en el Festival Internacional de Cine de Morelia a celebrarse en esta [&#8230;]<\/p>\n<p>October 20, 2013<\/p>\n<div id=\"post-16993\">\n<p><a title=\"Permalink to Para re\u00edr: Alfonso Cuar\u00f3n bromea sobre \u201cgrabar en el espacio\u201d en Gravity\" href=\"http:\/\/www.eloriente.net\/home\/2013\/10\/16\/para-reir-alfonso-cuaron-bromea-sobre-grabar-en-el-espacio-en-gravity\/\" rel=\"bookmark\">Para re\u00edr: Alfonso Cuar\u00f3n bromea sobre \u201cgrabar en el espacio\u201d en Gravity<\/a><\/p>\n<p><a href=\"http:\/\/www.eloriente.net\/home\/2013\/10\/16\/para-reir-alfonso-cuaron-bromea-sobre-grabar-en-el-espacio-en-gravity\/\" rel=\"bookmark\"><img decoding=\"async\" title=\"Para re\u00edr: Alfonso Cuar\u00f3n bromea sobre \u201cgrabar en el espacio\u201d en Gravity\" src=\"http:\/\/www.eloriente.net\/home\/wp-content\/themes\/city-desk\/timthumb.php?src=http%3A%2F%2Fwww.eloriente.net%2Fhome%2Fwp-content%2Fuploads%2F2013%2F09%2FPoster-Gravedad.jpg&amp;q=90&amp;w=160&amp;h=106&amp;zc=1\" alt=\"Para re\u00edr: Alfonso Cuar\u00f3n bromea sobre \u201cgrabar en el espacio\u201d en Gravity\" \/><\/a>eloriente.net 16 de octubre de 2013 No hay comentarios: Aprovecha para saber m\u00e1s sobre GRAVITY: Con \u2018Gravedad\u2019 de Cuar\u00f3n abre en octubre Festival de Morelia; mira trailer eloriente.net \/ Festival de Cine de Morelia 16 de septiembre de 2013 CIUDAD DE M\u00c9XICO, 1 de septiembre de 2013.- El Festival Internacional de Cine de Morelia (FICM) [&#8230;]<\/p>\n<p>October 16, 2013<\/p>\n<\/div>\n<div id=\"post-16979\">\n<p><a title=\"Permalink to Crean nuevo mural en Facultad de Idiomas en Puerto Escondido\" href=\"http:\/\/www.eloriente.net\/home\/2013\/10\/16\/crean-nuevo-mural-en-facultad-de-idiomas-en-puerto-escondido\/\" rel=\"bookmark\">Crean nuevo mural en Facultad de Idiomas en Puerto Escondido<\/a><\/p>\n<p><a href=\"http:\/\/www.eloriente.net\/home\/2013\/10\/16\/crean-nuevo-mural-en-facultad-de-idiomas-en-puerto-escondido\/\" rel=\"bookmark\"><img decoding=\"async\" title=\"Crean nuevo mural en Facultad de Idiomas en Puerto Escondido\" src=\"http:\/\/www.eloriente.net\/home\/wp-content\/themes\/city-desk\/timthumb.php?src=http%3A%2F%2Fwww.eloriente.net%2Fhome%2Fwp-content%2Fuploads%2F2013%2F10%2FMural-en-Idiomas-de-Puerto-Escondido-UABJO.jpg&amp;q=90&amp;w=160&amp;h=106&amp;zc=1\" alt=\"Crean nuevo mural en Facultad de Idiomas en Puerto Escondido\" \/><\/a>eloriente.net\/UABJO 16 de octubre de 2013 Integrantes del Colectivo Bicu Yuba, Michel Pineda y Rodrigo V\u00e1squez se trasladaron a la Costa para realizar un taller de stencil, del cual se produjo un mural de 30 metros de longitud del nuevo edificio de la Facultad de Idiomas de la Universidad Aut\u00f3noma \u201cBenito Ju\u00e1rez\u201d de Oaxaca (UABJO) [&#8230;]<\/p>\n<p>October 16, 2013<\/p>\n<\/div>\n<\/div>\n\n\t\t\t  <div \n\t\t\t  \tclass = \"fb-comments\" \n\t\t\t  \tdata-href = \"http:\/\/www.eloriente.net\/home\/2013\/11\/10\/ifai-pide-cuentas-a-los-productores-de-presunto-culpable\/\"\n\t\t\t  \tdata-numposts = \"10\"\n\t\t\t\tdata-colorscheme = \"dark\"\n\t\t\t\tdata-order-by = \"social\"\n\t\t\t\tdata-mobile=true>\n\t\t\t  <\/div>\n\t\t  <style>\n\t\t\t.fb_iframe_widget_fluid_desktop iframe {\n\t\t\t    width: 100% !important;\n\t\t\t}\n\t\t  <\/style>\n\t\t  ","protected":false},"excerpt":{"rendered":"<p>eloriente.net\/Agencia de Noticias de Canal 22 8 de noviembre de 2013 CIUDAD DE M\u00c9XICO, M\u00e9xico, (N22\/Redacci\u00f3n).-\u00a0El Instituto Mexicano de Cinematograf\u00eda (Imcine) deber\u00e1 buscar y dar a conocer el monto recaudado por la exhibici\u00f3n en el extranjero de la pel\u00edcula \u00abPresunto Culpable\u00bb, as\u00ed como indicar los pa\u00edses en los que la cinta fue presentada. El Pleno [&hellip;]<\/p>\n","protected":false},"author":1,"featured_media":17408,"comment_status":"open","ping_status":"open","sticky":false,"template":"","format":"standard","meta":{"_jetpack_memberships_contains_paid_content":false,"footnotes":""},"categories":[56,49,18,32,10,24],"tags":[],"class_list":["post-17407","post","type-post","status-publish","format-standard","has-post-thumbnail","hentry","category-cine","category-destacadas","category-educacion-y-cultura","category-entradas","category-lo-mas-reciente","category-mexico-y-el-mundo"],"jetpack_featured_media_url":"http:\/\/www.eloriente.net\/home\/wp-content\/uploads\/2013\/11\/Presunto-culpable-n22.jpg","jetpack_sharing_enabled":true,"_links":{"self":[{"href":"http:\/\/www.eloriente.net\/home\/wp-json\/wp\/v2\/posts\/17407"}],"collection":[{"href":"http:\/\/www.eloriente.net\/home\/wp-json\/wp\/v2\/posts"}],"about":[{"href":"http:\/\/www.eloriente.net\/home\/wp-json\/wp\/v2\/types\/post"}],"author":[{"embeddable":true,"href":"http:\/\/www.eloriente.net\/home\/wp-json\/wp\/v2\/users\/1"}],"replies":[{"embeddable":true,"href":"http:\/\/www.eloriente.net\/home\/wp-json\/wp\/v2\/comments?post=17407"}],"version-history":[{"count":3,"href":"http:\/\/www.eloriente.net\/home\/wp-json\/wp\/v2\/posts\/17407\/revisions"}],"predecessor-version":[{"id":17410,"href":"http:\/\/www.eloriente.net\/home\/wp-json\/wp\/v2\/posts\/17407\/revisions\/17410"}],"wp:featuredmedia":[{"embeddable":true,"href":"http:\/\/www.eloriente.net\/home\/wp-json\/wp\/v2\/media\/17408"}],"wp:attachment":[{"href":"http:\/\/www.eloriente.net\/home\/wp-json\/wp\/v2\/media?parent=17407"}],"wp:term":[{"taxonomy":"category","embeddable":true,"href":"http:\/\/www.eloriente.net\/home\/wp-json\/wp\/v2\/categories?post=17407"},{"taxonomy":"post_tag","embeddable":true,"href":"http:\/\/www.eloriente.net\/home\/wp-json\/wp\/v2\/tags?post=17407"}],"curies":[{"name":"wp","href":"https:\/\/api.w.org\/{rel}","templated":true}]}}