{"id":17412,"date":"2013-11-10T11:45:52","date_gmt":"2013-11-10T17:45:52","guid":{"rendered":"http:\/\/www.eloriente.net\/home\/?p=17412"},"modified":"2013-11-10T13:51:36","modified_gmt":"2013-11-10T19:51:36","slug":"intensifican-estudiantes-preparacion-para-olimpiada-de-biologia","status":"publish","type":"post","link":"http:\/\/www.eloriente.net\/home\/2013\/11\/10\/intensifican-estudiantes-preparacion-para-olimpiada-de-biologia\/","title":{"rendered":"Intensifican estudiantes preparaci\u00f3n para Olimpiada de Biolog\u00eda"},"content":{"rendered":"<p>eloriente.net\/<a href=\"http:\/\/www.uabjo.mx\/\" target=\"_blank\">UABJO<\/a><\/p>\n<p>9 de noviembre de 2013<\/p>\n<p>Estudiantes de la Escuela Preparatoria n\u00famero 5 de la Universidad Aut\u00f3noma \u201cBenito Ju\u00e1rez\u201d de Oaxaca (UABJO), se alistan para participar en la selecci\u00f3n estatal, rumbo a la Olimpiada Estatal de Biolog\u00eda en su XXIII edici\u00f3n, en un esfuerzo conjunto entre dicha instituci\u00f3n y la Academia Mexicana de Ciencias.<\/p>\n<p>Al respecto el maestro Jorge Gonz\u00e1lez Alc\u00e1ntara dijo que dentro de los preseleccionados aspirantes a la fase estatal, se encuentran dos estudiantes preparatorianos: Manuel Pacheco Sanjinez y Sergio Manuel Antonio Guti\u00e9rrez.<\/p>\n<p>Acompa\u00f1ado del coordinador de la Olimpiada en su fase estatal Ericel Hern\u00e1ndez Garc\u00eda, y\u00a0 la maestra Maricela Aguilar Torres y Eduardo V\u00e1squez Lagunas en representaci\u00f3n del rector Eduardo Mart\u00ednez Helmes, mencion\u00f3 que los estudiantes poseen conocimientos amplios respecto a las materias a evaluar en la olimpiada, por tanto son representantes dignos de la comunidad universitaria.<\/p>\n<p>Dentro de los participantes se encuentran estudiantes de CECYTE, COBAO, IEBO, DGETI, y en esta ocasi\u00f3n los estudiantes de la preparatoria 5 de la UABJO, ya se encuentran dentro de los 15 preseleccionados.<\/p>\n<p>En presencia de la Regidora de Educaci\u00f3n del municipio de Oaxaca de Ju\u00e1rez,\u00a0 Fanny Luz C\u00f3rdova, el\u00a0 coordinador de la olimpiada dijo que los preseleccionados han ingresado ya al curso de preparaci\u00f3n para pasar a la siguiente fase.<\/p>\n<p>Este curso consiste en la preparaci\u00f3n te\u00f3rica y pr\u00e1ctica de los participantes, con el apoyo de especialistas en las diferentes materias, provenientes de diversas instituciones de educaci\u00f3n superior en el estado como son: UABJO, ITVO\u00a0 y CIIDIR, se imparte en las aulas de la Escuela de Medicina Veterinaria y Zootecnia.<\/p>\n<p>As\u00ed los estudiantes trabajan las \u00e1reas de biolog\u00eda, fisiolog\u00eda, gen\u00e9tica animal y vegetal, ecolog\u00eda, etolog\u00eda, estad\u00edstica y sistem\u00e1tica, por mencionar algunas.<\/p>\n<p>De esta forma la M\u00e1xima Casa de Estudios como cada a\u00f1o participa en la preparaci\u00f3n de los j\u00f3venes, hacia la olimpiada nacional de biolog\u00eda, realizando un papel excepcional durante la competencia ante diversas universidades del pa\u00eds.<\/p>\n<p>En este sentido las autoridades acad\u00e9micas universitarias conf\u00edan plenamente en sus docentes y sus estudiantes, de manera que esperan un buen desempe\u00f1o durante la participaci\u00f3n en este encuentro estatal y nacional.<\/p>\n<p><a href=\"http:\/\/www.eloriente.net\/home\/wp-content\/uploads\/2013\/11\/Olimpiada-Biolog\u00eca-UABJO.jpg\"><img loading=\"lazy\" decoding=\"async\" class=\"alignnone size-medium wp-image-17413\" title=\"Olimpiada Biolog\u00eca UABJO\" src=\"http:\/\/www.eloriente.net\/home\/wp-content\/uploads\/2013\/11\/Olimpiada-Biolog\u00eca-UABJO-300x200.jpg\" alt=\"\" width=\"300\" height=\"200\" srcset=\"http:\/\/www.eloriente.net\/home\/wp-content\/uploads\/2013\/11\/Olimpiada-Biolog\u00eca-UABJO-300x200.jpg 300w, http:\/\/www.eloriente.net\/home\/wp-content\/uploads\/2013\/11\/Olimpiada-Biolog\u00eca-UABJO-1024x682.jpg 1024w\" sizes=\"(max-width: 300px) 100vw, 300px\" \/><\/a><\/p>\n<p>Foto: UABJO<\/p>\n<p><strong>Anteriores:<\/strong><\/p>\n<p><a title=\"Permalink to Combate la Obesidad desde el Hogar: SSO\" href=\"http:\/\/www.eloriente.net\/home\/2013\/07\/17\/combate-la-obesidad-desde-el-hogar-sso\/\" rel=\"bookmark\">Combate la Obesidad desde el Hogar: SSO<\/a><\/p>\n<p><a href=\"http:\/\/www.eloriente.net\/home\/2013\/07\/17\/combate-la-obesidad-desde-el-hogar-sso\/\" rel=\"bookmark\"><img decoding=\"async\" title=\"Combate la Obesidad desde el Hogar: SSO\" src=\"http:\/\/www.eloriente.net\/home\/wp-content\/themes\/city-desk\/timthumb.php?src=http%3A%2F%2Fwww.eloriente.net%2Fhome%2Fwp-content%2Fuploads%2F2013%2F07%2F12_julio_2013_COMBATE-LA-OBESIDAD-DESDE-EL-HOGAR.jpg&amp;q=90&amp;w=160&amp;h=106&amp;zc=1\" alt=\"Combate la Obesidad desde el Hogar: SSO\" \/><\/a><\/p>\n<p>eloriente.net\/ Servicios de Salud de Oaxaca 17 de julio de 2013 Actualmente nuestro pa\u00eds encabeza la lista mundial por sobrepeso y obesidad en infantes y el segundo en adultos, ante este panorama los Servicios de Salud de Oaxaca (SSO) recomiendan fomentar buenos h\u00e1bitos alimenticios desde el hogar y con el ejemplo para evitar este problema. [&#8230;]<\/p>\n<p>July 17, 2013<\/p>\n<div id=\"post-14654\">\n<p><a title=\"Permalink to Imaginarios, incertidumbre y protesta social en Me\u0301xico: \u00bfCo\u0301mo analizar sus desplazamientos e identidades?\" href=\"http:\/\/www.eloriente.net\/home\/2013\/07\/16\/imaginarios-incertidumbre-y-protesta-social-en-me%cc%81xico-co%cc%81mo-analizar-sus-desplazamientos-e-identidades\/\" rel=\"bookmark\">Imaginarios, incertidumbre y protesta social en Me\u0301xico: \u00bfCo\u0301mo analizar sus desplazamientos e identidades?<\/a><\/p>\n<p>Por: Felipe de Alba* El mundo no es ni lo que fue, ni lo que pretendi\u00f3 ser. El mundo ha dejado de ser como nos lo imagin\u00e1bamos. Proverbio chino (300 A.C) Cuando cre\u00edamos que ten\u00edamos todas las respuestas, de pronto, cambiaron todas las preguntas. Mario Benedetti (1920-2009) En la agon\u00eda del siglo XX y la [&#8230;]<\/p>\n<p>July 16, 2013<\/p>\n<\/div>\n<div id=\"post-14525\">\n<p><a title=\"Permalink to Proyectos que buscan transformar comunidades: Caso \u201cDelegACCI\u00d3N Iztapalapa\u201d\" href=\"http:\/\/www.eloriente.net\/home\/2013\/07\/12\/proyectos-que-buscan-transformar-comunidades-caso-delegaccion-iztapalapa\/\" rel=\"bookmark\">Proyectos que buscan transformar comunidades: Caso \u201cDelegACCI\u00d3N Iztapalapa\u201d<\/a><\/p>\n<p><a href=\"http:\/\/www.eloriente.net\/home\/2013\/07\/12\/proyectos-que-buscan-transformar-comunidades-caso-delegaccion-iztapalapa\/\" rel=\"bookmark\"><img decoding=\"async\" title=\"Proyectos que buscan transformar comunidades: Caso \u201cDelegACCI\u00d3N Iztapalapa\u201d\" src=\"http:\/\/www.eloriente.net\/home\/wp-content\/themes\/city-desk\/timthumb.php?src=http%3A%2F%2Fwww.eloriente.net%2Fhome%2Fwp-content%2Fuploads%2F2013%2F07%2FDelegACCION-Iztapalapa1.jpg&amp;q=90&amp;w=160&amp;h=106&amp;zc=1\" alt=\"Proyectos que buscan transformar comunidades: Caso \u201cDelegACCI\u00d3N Iztapalapa\u201d\" \/><\/a>eloriente.net\/ CDCS 12 de julio de 2013 eloriente.net (Oaxaca, Oax.) 12 de julio de 2013.- En septiembre de 2012, un equipo de estudiantes de la Universidad Cristobal Col\u00f3n, de Veracruz, obtuvo el primer lugar de la segunda edici\u00f3n del Premio Cemex-TEC Transformando Comunidades, con el proyecto \u201cDelegACCI\u00d3N Iztapalapa: Sembremos el cambio, cosechemos acciones, recolectemos resultados\u201d, [&#8230;]<\/p>\n<p>July 12, 2013<\/p>\n<\/div>\n\n\t\t\t  <div \n\t\t\t  \tclass = \"fb-comments\" \n\t\t\t  \tdata-href = \"http:\/\/www.eloriente.net\/home\/2013\/11\/10\/intensifican-estudiantes-preparacion-para-olimpiada-de-biologia\/\"\n\t\t\t  \tdata-numposts = \"10\"\n\t\t\t\tdata-colorscheme = \"dark\"\n\t\t\t\tdata-order-by = \"social\"\n\t\t\t\tdata-mobile=true>\n\t\t\t  <\/div>\n\t\t  <style>\n\t\t\t.fb_iframe_widget_fluid_desktop iframe {\n\t\t\t    width: 100% !important;\n\t\t\t}\n\t\t  <\/style>\n\t\t  ","protected":false},"excerpt":{"rendered":"<p>eloriente.net\/UABJO 9 de noviembre de 2013 Estudiantes de la Escuela Preparatoria n\u00famero 5 de la Universidad Aut\u00f3noma \u201cBenito Ju\u00e1rez\u201d de Oaxaca (UABJO), se alistan para participar en la selecci\u00f3n estatal, rumbo a la Olimpiada Estatal de Biolog\u00eda en su XXIII edici\u00f3n, en un esfuerzo conjunto entre dicha instituci\u00f3n y la Academia Mexicana de Ciencias. Al [&hellip;]<\/p>\n","protected":false},"author":1,"featured_media":17413,"comment_status":"open","ping_status":"open","sticky":false,"template":"","format":"standard","meta":{"_jetpack_memberships_contains_paid_content":false,"footnotes":""},"categories":[18,32,10,84],"tags":[],"class_list":["post-17412","post","type-post","status-publish","format-standard","has-post-thumbnail","hentry","category-educacion-y-cultura","category-entradas","category-lo-mas-reciente","category-universidades"],"jetpack_featured_media_url":"http:\/\/www.eloriente.net\/home\/wp-content\/uploads\/2013\/11\/Olimpiada-Biolog\u00eca-UABJO.jpg","jetpack_sharing_enabled":true,"_links":{"self":[{"href":"http:\/\/www.eloriente.net\/home\/wp-json\/wp\/v2\/posts\/17412"}],"collection":[{"href":"http:\/\/www.eloriente.net\/home\/wp-json\/wp\/v2\/posts"}],"about":[{"href":"http:\/\/www.eloriente.net\/home\/wp-json\/wp\/v2\/types\/post"}],"author":[{"embeddable":true,"href":"http:\/\/www.eloriente.net\/home\/wp-json\/wp\/v2\/users\/1"}],"replies":[{"embeddable":true,"href":"http:\/\/www.eloriente.net\/home\/wp-json\/wp\/v2\/comments?post=17412"}],"version-history":[{"count":3,"href":"http:\/\/www.eloriente.net\/home\/wp-json\/wp\/v2\/posts\/17412\/revisions"}],"predecessor-version":[{"id":17415,"href":"http:\/\/www.eloriente.net\/home\/wp-json\/wp\/v2\/posts\/17412\/revisions\/17415"}],"wp:featuredmedia":[{"embeddable":true,"href":"http:\/\/www.eloriente.net\/home\/wp-json\/wp\/v2\/media\/17413"}],"wp:attachment":[{"href":"http:\/\/www.eloriente.net\/home\/wp-json\/wp\/v2\/media?parent=17412"}],"wp:term":[{"taxonomy":"category","embeddable":true,"href":"http:\/\/www.eloriente.net\/home\/wp-json\/wp\/v2\/categories?post=17412"},{"taxonomy":"post_tag","embeddable":true,"href":"http:\/\/www.eloriente.net\/home\/wp-json\/wp\/v2\/tags?post=17412"}],"curies":[{"name":"wp","href":"https:\/\/api.w.org\/{rel}","templated":true}]}}