{"id":17429,"date":"2013-11-12T10:05:44","date_gmt":"2013-11-12T16:05:44","guid":{"rendered":"http:\/\/www.eloriente.net\/home\/?p=17429"},"modified":"2013-11-12T10:09:40","modified_gmt":"2013-11-12T16:09:40","slug":"edgar-yepez-recibe-premio-nacional-de-ensayo-joven-jose-vasconcelos","status":"publish","type":"post","link":"http:\/\/www.eloriente.net\/home\/2013\/11\/12\/edgar-yepez-recibe-premio-nacional-de-ensayo-joven-jose-vasconcelos\/","title":{"rendered":"Edgar Y\u00e9pez recibe Premio Nacional de Ensayo Joven &#8216;Jos\u00e9 Vasconcelos&#8217;"},"content":{"rendered":"<p>eloriente.net\/<a href=\"http:\/\/www.uabjo.mx\/\" target=\"_blank\">UABJO<\/a><\/p>\n<p>12 de noviembre de 2013<\/p>\n<p>El Sal\u00f3n de Ex\u00e1menes Profesionales de la Facultad de Derecho y Ciencias Sociales de la Universidad Aut\u00f3noma \u201cBenito Ju\u00e1rez\u201d de Oaxaca (UABJO), fue el escenario para la entrega del Premio Nacional de Ensayo Joven \u201cJos\u00e9 Vasconcelos\u201d 2013, organizado por el Programa Cultural \u201cTierra Adentro\u201d, del Consejo Nacional para la Cultura y las Artes (CONACULTA) y la M\u00e1xima Casa de Estudios en el Estado.<\/p>\n<p>El evento, cont\u00f3 con la participaci\u00f3n del Rector, Eduardo Mart\u00ednez Helmes, as\u00ed como Rafael Vargas Escalante, Director del Programa Cultural \u201cTierra Adentro\u201d; la Secretaria General de la UABJO, Leticia Mendoza Toro y el galardonado, Edgar Y\u00e9pez Velasco.<\/p>\n<p>En su intervenci\u00f3n, Vargas Escalante se\u00f1al\u00f3 que la relaci\u00f3n que se ha establecido entre el Programa Cultural \u201cTierra Adentro\u201d y la UABJO es un ejemplo de trabajo coordinado entre la Federaci\u00f3n y los Estados de la Rep\u00fablica. \u201cLa Universidad es el eje de la cultura en Oaxaca y colaborar con ella es para nosotros un honor\u201d, se\u00f1al\u00f3 el funcionario.<\/p>\n<p>Por su parte, Mart\u00ednez Helmes destac\u00f3 que \u201cla Universidad es el punto de encuentro entre los j\u00f3venes creadores y la sociedad\u201d y en este sentido agradeci\u00f3 la confianza depositada por el CONACULTA para continuar trabajando con la UABJO en la promoci\u00f3n de la lectura y la escritura entre los j\u00f3venes.<\/p>\n<p>La obra presentada por Y\u00e9pez Velasco lleva el t\u00edtulo de \u201cPara\u00edsos Vulnerables\u201d y de acuerdo con el jurado calificador, integrado por Carmen Le\u00f1ero, Porfirio Santib\u00e1\u00f1ez Orozco y Gabriel Wolfson, \u201cSe trata de un texto ameno, fluido e inteligente que aborda distintos \u00e1mbitos referenciales: vida cotidiana, arte y experiencia literaria\u201d.<\/p>\n<p><a href=\"http:\/\/www.eloriente.net\/home\/wp-content\/uploads\/2013\/11\/Premio-Ensayo-Vasconcelos-2013.jpg\"><img loading=\"lazy\" decoding=\"async\" class=\"alignnone size-medium wp-image-17430\" title=\"Premio Ensayo Vasconcelos 2013\" src=\"http:\/\/www.eloriente.net\/home\/wp-content\/uploads\/2013\/11\/Premio-Ensayo-Vasconcelos-2013-e1384272266698-300x200.jpg\" alt=\"\" width=\"300\" height=\"200\" srcset=\"http:\/\/www.eloriente.net\/home\/wp-content\/uploads\/2013\/11\/Premio-Ensayo-Vasconcelos-2013-e1384272266698-300x200.jpg 300w, http:\/\/www.eloriente.net\/home\/wp-content\/uploads\/2013\/11\/Premio-Ensayo-Vasconcelos-2013-e1384272266698-1024x682.jpg 1024w\" sizes=\"(max-width: 300px) 100vw, 300px\" \/><\/a><\/p>\n<p>&nbsp;<\/p>\n<p>Entradas Anteriores:<\/p>\n<div id=\"post-17122\">\n<p><a title=\"Permalink to Me voy a la Cumbre \u201c1mill\u00f3n de j\u00f3venes por M\u00e9xico\u201d\" href=\"http:\/\/www.eloriente.net\/home\/2013\/10\/24\/me-voy-a-la-cumbre-1millon-de-jovenes-por-mexico\/\" rel=\"bookmark\">Me voy a la Cumbre \u201c1 mill\u00f3n de j\u00f3venes por M\u00e9xico\u201d<\/a><\/p>\n<p>eloriente.net 24 de octubre de 2013 Por: Alejandra Silva Soriano Mis querid\u00edsimos lectores, les comparto que en estos momentos me dirijo a Quer\u00e9taro, porque tengo el verdadero honor de haber sido seleccionada como una de las representantes de Oaxaca que participar\u00e1n en la Cumbre \u201c1mill\u00f3n de j\u00f3venes por M\u00e9xico\u201d, la cual, reunir\u00e1 a los l\u00edderes [&#8230;]<\/p>\n<p>October 24, 2013<\/p>\n<\/div>\n<div id=\"post-16977\">\n<p><a title=\"Permalink to Presidentes de institutos electorales se pronuncian en contra de creaci\u00f3n del INE ante diputados\" href=\"http:\/\/www.eloriente.net\/home\/2013\/10\/16\/presidentes-de-institutos-electorales-se-pronuncian-en-contra-de-creacion-del-ine-ante-diputados\/\" rel=\"bookmark\">Presidentes de institutos electorales se pronuncian en contra de creaci\u00f3n del INE ante diputados<\/a><\/p>\n<p><a href=\"http:\/\/www.eloriente.net\/home\/2013\/10\/16\/presidentes-de-institutos-electorales-se-pronuncian-en-contra-de-creacion-del-ine-ante-diputados\/\" rel=\"bookmark\"><img decoding=\"async\" title=\"Presidentes de institutos electorales se pronuncian en contra de creaci\u00f3n del INE ante diputados\" src=\"http:\/\/www.eloriente.net\/home\/wp-content\/themes\/city-desk\/timthumb.php?src=http%3A%2F%2Fwww.eloriente.net%2Fhome%2Fwp-content%2Fuploads%2F2013%2F03%2Fsan-lazaro.jpg&amp;q=90&amp;w=160&amp;h=106&amp;zc=1\" alt=\"Presidentes de institutos electorales se pronuncian en contra de creaci\u00f3n del INE ante diputados\" \/><\/a>eloriente.net\/C\u00e1mara de Diputados 15 de octubre de 2013 15-10-2013.- Diputados de la Comisi\u00f3n de Puntos Constitucionales recibieron a presidentes y presidentas de Institutos Electorales de 16 estados de la Rep\u00fablica, quienes se pronunciaron en contra de la creaci\u00f3n del Instituto Nacional Electoral (INE) que contempla la propuesta de la reforma electoral porque \u201ces atentatorio contra [&#8230;]<\/p>\n<p>October 16, 2013<\/p>\n<\/div>\n<p><a title=\"Permalink to UABJO y Banco Santander convocan a Becas de Movilidad Acad\u00e9mica\" href=\"http:\/\/www.eloriente.net\/home\/2013\/10\/09\/uabjo-y-banco-santander-convocan-a-becas-de-movilidad-academica\/\" rel=\"bookmark\">UABJO y Banco Santander convocan a Becas de Movilidad Acad\u00e9mica<\/a><\/p>\n<p><a href=\"http:\/\/www.eloriente.net\/home\/2013\/10\/09\/uabjo-y-banco-santander-convocan-a-becas-de-movilidad-academica\/\" rel=\"bookmark\"><img decoding=\"async\" title=\"UABJO y Banco Santander convocan a Becas de Movilidad Acad\u00e9mica\" src=\"http:\/\/www.eloriente.net\/home\/wp-content\/themes\/city-desk\/timthumb.php?src=http%3A%2F%2Fwww.eloriente.net%2Fhome%2Fwp-content%2Fuploads%2F2013%2F10%2FBAnco-Santander-Investigacion-UABJO-eloriente.net_.jpg&amp;q=90&amp;w=160&amp;h=106&amp;zc=1\" alt=\"UABJO y Banco Santander convocan a Becas de Movilidad Acad\u00e9mica\" \/><\/a><\/p>\n<p>eloriente.net 9 de octubre de 2013 La Universidad\u00a0 Aut\u00f3noma \u201cBenito Ju\u00e1rez\u201d de Oaxaca (UABJO), a trav\u00e9s del\u00a0 Banco Santander, por medio del Plan de Apoyo a la Educaci\u00f3n Superior, Santander Universidades apoya la colaboraci\u00f3n acad\u00e9mica internacional de profesores e investigadores mexicanos con sus hom\u00f3logos en los pa\u00edses de Iberoam\u00e9rica y les convoca a concursar para [&#8230;]<\/p>\n<p>October 9, 2013<\/p>\n\n\t\t\t  <div \n\t\t\t  \tclass = \"fb-comments\" \n\t\t\t  \tdata-href = \"http:\/\/www.eloriente.net\/home\/2013\/11\/12\/edgar-yepez-recibe-premio-nacional-de-ensayo-joven-jose-vasconcelos\/\"\n\t\t\t  \tdata-numposts = \"10\"\n\t\t\t\tdata-colorscheme = \"dark\"\n\t\t\t\tdata-order-by = \"social\"\n\t\t\t\tdata-mobile=true>\n\t\t\t  <\/div>\n\t\t  <style>\n\t\t\t.fb_iframe_widget_fluid_desktop iframe {\n\t\t\t    width: 100% !important;\n\t\t\t}\n\t\t  <\/style>\n\t\t  ","protected":false},"excerpt":{"rendered":"<p>eloriente.net\/UABJO 12 de noviembre de 2013 El Sal\u00f3n de Ex\u00e1menes Profesionales de la Facultad de Derecho y Ciencias Sociales de la Universidad Aut\u00f3noma \u201cBenito Ju\u00e1rez\u201d de Oaxaca (UABJO), fue el escenario para la entrega del Premio Nacional de Ensayo Joven \u201cJos\u00e9 Vasconcelos\u201d 2013, organizado por el Programa Cultural \u201cTierra Adentro\u201d, del Consejo Nacional para la [&hellip;]<\/p>\n","protected":false},"author":1,"featured_media":17430,"comment_status":"open","ping_status":"open","sticky":false,"template":"","format":"standard","meta":{"_jetpack_memberships_contains_paid_content":false,"footnotes":""},"categories":[18,32,10,31,84],"tags":[],"class_list":["post-17429","post","type-post","status-publish","format-standard","has-post-thumbnail","hentry","category-educacion-y-cultura","category-entradas","category-lo-mas-reciente","category-principal","category-universidades"],"jetpack_featured_media_url":"http:\/\/www.eloriente.net\/home\/wp-content\/uploads\/2013\/11\/Premio-Ensayo-Vasconcelos-2013-e1384272266698.jpg","jetpack_sharing_enabled":true,"_links":{"self":[{"href":"http:\/\/www.eloriente.net\/home\/wp-json\/wp\/v2\/posts\/17429"}],"collection":[{"href":"http:\/\/www.eloriente.net\/home\/wp-json\/wp\/v2\/posts"}],"about":[{"href":"http:\/\/www.eloriente.net\/home\/wp-json\/wp\/v2\/types\/post"}],"author":[{"embeddable":true,"href":"http:\/\/www.eloriente.net\/home\/wp-json\/wp\/v2\/users\/1"}],"replies":[{"embeddable":true,"href":"http:\/\/www.eloriente.net\/home\/wp-json\/wp\/v2\/comments?post=17429"}],"version-history":[{"count":3,"href":"http:\/\/www.eloriente.net\/home\/wp-json\/wp\/v2\/posts\/17429\/revisions"}],"predecessor-version":[{"id":17432,"href":"http:\/\/www.eloriente.net\/home\/wp-json\/wp\/v2\/posts\/17429\/revisions\/17432"}],"wp:featuredmedia":[{"embeddable":true,"href":"http:\/\/www.eloriente.net\/home\/wp-json\/wp\/v2\/media\/17430"}],"wp:attachment":[{"href":"http:\/\/www.eloriente.net\/home\/wp-json\/wp\/v2\/media?parent=17429"}],"wp:term":[{"taxonomy":"category","embeddable":true,"href":"http:\/\/www.eloriente.net\/home\/wp-json\/wp\/v2\/categories?post=17429"},{"taxonomy":"post_tag","embeddable":true,"href":"http:\/\/www.eloriente.net\/home\/wp-json\/wp\/v2\/tags?post=17429"}],"curies":[{"name":"wp","href":"https:\/\/api.w.org\/{rel}","templated":true}]}}