{"id":17439,"date":"2013-11-12T12:16:31","date_gmt":"2013-11-12T18:16:31","guid":{"rendered":"http:\/\/www.eloriente.net\/home\/?p=17439"},"modified":"2013-11-12T12:16:31","modified_gmt":"2013-11-12T18:16:31","slug":"resultados-sobre-ocupacion-y-empleo-al-3er-trimestre2013-inegi","status":"publish","type":"post","link":"http:\/\/www.eloriente.net\/home\/2013\/11\/12\/resultados-sobre-ocupacion-y-empleo-al-3er-trimestre2013-inegi\/","title":{"rendered":"Resultados sobre Ocupaci\u00f3n y Empleo al 3er. Trimestre\/2013: INEGI"},"content":{"rendered":"<p>eloriente.net\/INEGI<\/p>\n<p>12 de noviembre de 2013<\/p>\n<p>Este d\u00eda, el Instituto Nacional de Estad\u00edstica dio a conocer los resultados al tercer trimestre de 2013, de la importante Encuesta Nacional de Ocupaci\u00f3n y Empleo (ENOE), en la cual se da a conocer el estado de la situaci\u00f3n en dichos temas, incluidos los indicadores generales para las entidades federativas.<\/p>\n<p>Algunos de los datos m\u00e1s significativos que da a conocer la Encuesta es que la poblaci\u00f3n desocupada en M\u00e9xico se situ\u00f3 en 2.7 millones de personas, es decir, 5.2% de la Poblaci\u00f3n Econ\u00f3micamente Activa (PEA), levemente arriba del mismo dato del 2012 (5.1%). Adicionalmente, cabe destacar el crecimiento de la PEA a 52.3 millones de personas por 52.2 millones del a\u00f1o anterior.<\/p>\n<p>La informalidad laboral tambi\u00e9n disminuy\u00f3 levemente de 14,461,671 personas en 2012 a 13,946,457 en esta medici\u00f3n, una varianza de 3.6% a la baja.<\/p>\n<p>En cuanto a entidad federativa:<\/p>\n<p><a href=\"http:\/\/www.eloriente.net\/home\/wp-content\/uploads\/2013\/11\/INEGI-EMPLEO-3er-trimestre-2013.png\"><img loading=\"lazy\" decoding=\"async\" class=\"alignnone size-full wp-image-17440\" title=\"INEGI EMPLEO 3er trimestre 2013\" src=\"http:\/\/www.eloriente.net\/home\/wp-content\/uploads\/2013\/11\/INEGI-EMPLEO-3er-trimestre-2013.png\" alt=\"\" width=\"925\" height=\"806\" srcset=\"http:\/\/www.eloriente.net\/home\/wp-content\/uploads\/2013\/11\/INEGI-EMPLEO-3er-trimestre-2013.png 925w, http:\/\/www.eloriente.net\/home\/wp-content\/uploads\/2013\/11\/INEGI-EMPLEO-3er-trimestre-2013-300x261.png 300w\" sizes=\"(max-width: 925px) 100vw, 925px\" \/><\/a><\/p>\n<p>Como puede notarse, algunos estados concentran la poblaci\u00f3n ocupada de manera notable. Son los casos del Distrito Federal, Estado de M\u00e9xico, Jalisco y Veracruz de Ignacio de la Llave.<\/p>\n<p>Para el caso de Oaxaca destaca el hecho de que el 36.4% de la poblaci\u00f3n ocupada se encuentra en el sector informal.<\/p>\n<p>Los detalles dados a conocer por el INEGI, los ponemos a disposici\u00f3n en ELORIENTE.NET a continuaci\u00f3n:<\/p>\n<p>&nbsp;<br \/>\n<iframe loading=\"lazy\" src=\"\/\/e.issuu.com\/embed.html#5422719\/5596480\" frameborder=\"0\" width=\"525\" height=\"679\"><\/iframe><br \/>\n<a href=\"http:\/\/www.eloriente.net\/home\/wp-content\/uploads\/2013\/11\/Algunos-derechos-reservados-por-Toprural-herramientas-de-trabajo.jpg\"><img loading=\"lazy\" decoding=\"async\" class=\"alignnone  wp-image-17441\" title=\"Algunos derechos reservados por Toprural herramientas de trabajo\" src=\"http:\/\/www.eloriente.net\/home\/wp-content\/uploads\/2013\/11\/Algunos-derechos-reservados-por-Toprural-herramientas-de-trabajo.jpg\" alt=\"\" width=\"717\" height=\"429\" srcset=\"http:\/\/www.eloriente.net\/home\/wp-content\/uploads\/2013\/11\/Algunos-derechos-reservados-por-Toprural-herramientas-de-trabajo.jpg 1024w, http:\/\/www.eloriente.net\/home\/wp-content\/uploads\/2013\/11\/Algunos-derechos-reservados-por-Toprural-herramientas-de-trabajo-300x179.jpg 300w\" sizes=\"(max-width: 717px) 100vw, 717px\" \/><\/a><\/p>\n<p>Licencia CC: TopRural<\/p>\n<p>&nbsp;<\/p>\n<p><strong>Anteriores:<\/strong><\/p>\n<div id=\"post-17258\">\n<p><a title=\"Permalink to La Muerte en Oaxaca: INEGI\" href=\"http:\/\/www.eloriente.net\/home\/2013\/11\/01\/la-muerte-en-oaxaca-inegi\/\" rel=\"bookmark\">La Muerte en Oaxaca: INEGI<\/a><\/p>\n<p><a href=\"http:\/\/www.eloriente.net\/home\/2013\/11\/01\/la-muerte-en-oaxaca-inegi\/\" rel=\"bookmark\"><img decoding=\"async\" title=\"La Muerte en Oaxaca: INEGI\" src=\"http:\/\/www.eloriente.net\/home\/wp-content\/themes\/city-desk\/timthumb.php?src=http%3A%2F%2Fwww.eloriente.net%2Fhome%2Fwp-content%2Fuploads%2F2013%2F11%2FMuertos-Oaxaca-Atribucio%CC%81n-Algunos-derechos-reservados-por-Cidades-para-Pessoas-.jpg&amp;q=90&amp;w=160&amp;h=106&amp;zc=1\" alt=\"La Muerte en Oaxaca: INEGI\" \/><\/a>eloriente.net\/INEGI 1 de noviembre de 2013 Estad\u00edsticas a Prop\u00f3sito del D\u00eda de Muertos: INEGI El Instituto Nacional de Geograf\u00eda y Estad\u00edstica ha compartido este reporte especial por el D\u00eda de Muertos 2013 con ELORIENTE.NET. El reporte es un compilaci\u00f3n exhaustiva de diversos aspectos relacionados con la muerte (y con la vida) en Oaxaca. Destacan datos [&#8230;]<\/p>\n<p>November 1, 2013<\/p>\n<\/div>\n<div id=\"post-17229\">\n<p><a title=\"Permalink to Aprob\u00f3 Senado Miscel\u00e1nea Fiscal 2014; devuelve proyecto a Diputados\" href=\"http:\/\/www.eloriente.net\/home\/2013\/10\/31\/aprobo-senado-en-lo-general-miscelanea-fiscal-2014-aun-se-discutiran-reservas\/\" rel=\"bookmark\">Aprob\u00f3 Senado Miscel\u00e1nea Fiscal 2014; devuelve proyecto a Diputados<\/a><\/p>\n<p><a href=\"http:\/\/www.eloriente.net\/home\/2013\/10\/31\/aprobo-senado-en-lo-general-miscelanea-fiscal-2014-aun-se-discutiran-reservas\/\" rel=\"bookmark\"><img decoding=\"async\" title=\"Aprob\u00f3 Senado Miscel\u00e1nea Fiscal 2014; devuelve proyecto a Diputados\" src=\"http:\/\/www.eloriente.net\/home\/wp-content\/themes\/city-desk\/timthumb.php?src=http%3A%2F%2Fwww.eloriente.net%2Fhome%2Fwp-content%2Fuploads%2F2013%2F10%2FSenado-miscelanea.jpg&amp;q=90&amp;w=160&amp;h=106&amp;zc=1\" alt=\"Aprob\u00f3 Senado Miscel\u00e1nea Fiscal 2014; devuelve proyecto a Diputados\" \/><\/a>eloriente.net\/C\u00e1mara de Senadores Actualizaci\u00f3n 31 de octubre de 2013 El Pleno del Senado aprob\u00f3 en lo general y en lo particular el proyecto de decreto que reforma diversas disposiciones de las leyes del Impuesto al Valor Agregado (IVA), del Impuesto Especial Sobre Producci\u00f3n y Servicios (IEPS) y Federal de Derechos, que expide la Ley del [&#8230;]<\/p>\n<p>October 31, 2013<\/p>\n<\/div>\n<p><a title=\"Permalink to 48% consideran capital de Oaxaca un lugar \u2018no seguro\u2019: Conceptos Marketing\" href=\"http:\/\/www.eloriente.net\/home\/2013\/10\/28\/48-consideran-capital-de-oaxaca-un-lugar-no-seguro-conceptos-marketing\/\" rel=\"bookmark\">48% consideran capital de Oaxaca un lugar \u2018no seguro\u2019: Conceptos Marketing<\/a><\/p>\n<p><a href=\"http:\/\/www.eloriente.net\/home\/2013\/10\/28\/48-consideran-capital-de-oaxaca-un-lugar-no-seguro-conceptos-marketing\/\" rel=\"bookmark\"><img decoding=\"async\" title=\"48% consideran capital de Oaxaca un lugar \u2018no seguro\u2019: Conceptos Marketing\" src=\"http:\/\/www.eloriente.net\/home\/wp-content\/themes\/city-desk\/timthumb.php?src=http%3A%2F%2Fwww.eloriente.net%2Fhome%2Fwp-content%2Fuploads%2F2013%2F10%2FHABLANDO-DE-SEGURIDAD-OCTUBRE-parte1.jpg&amp;q=90&amp;w=160&amp;h=106&amp;zc=1\" alt=\"48% consideran capital de Oaxaca un lugar \u2018no seguro\u2019: Conceptos Marketing\" \/><\/a><\/p>\n<p>eloriente.net\/Conceptos Marketing 28 de octubre de 2013 Por: \u00c1ngeles Morales Con base en la reciente Encuesta Nacional de Victimizaci\u00f3n y Percepci\u00f3n sobre Seguridad P\u00fablica 2013 ENVIPE presentada por parte del INEGI. Se revisaron \u00a0los resultados que en \u00e9sta se muestran, raz\u00f3n por la cual Conceptos Marketing realiz\u00f3 un sondeo de opini\u00f3n p\u00fablica a los ciudadanos [&#8230;]<\/p>\n<p>October 28, 2013<\/p>\n\n\t\t\t  <div \n\t\t\t  \tclass = \"fb-comments\" \n\t\t\t  \tdata-href = \"http:\/\/www.eloriente.net\/home\/2013\/11\/12\/resultados-sobre-ocupacion-y-empleo-al-3er-trimestre2013-inegi\/\"\n\t\t\t  \tdata-numposts = \"10\"\n\t\t\t\tdata-colorscheme = \"dark\"\n\t\t\t\tdata-order-by = \"social\"\n\t\t\t\tdata-mobile=true>\n\t\t\t  <\/div>\n\t\t  <style>\n\t\t\t.fb_iframe_widget_fluid_desktop iframe {\n\t\t\t    width: 100% !important;\n\t\t\t}\n\t\t  <\/style>\n\t\t  ","protected":false},"excerpt":{"rendered":"<p>eloriente.net\/INEGI 12 de noviembre de 2013 Este d\u00eda, el Instituto Nacional de Estad\u00edstica dio a conocer los resultados al tercer trimestre de 2013, de la importante Encuesta Nacional de Ocupaci\u00f3n y Empleo (ENOE), en la cual se da a conocer el estado de la situaci\u00f3n en dichos temas, incluidos los indicadores generales para las entidades [&hellip;]<\/p>\n","protected":false},"author":1,"featured_media":17441,"comment_status":"open","ping_status":"open","sticky":false,"template":"","format":"standard","meta":{"_jetpack_memberships_contains_paid_content":false,"footnotes":""},"categories":[49,32,63,35,10,24,31,19],"tags":[],"class_list":["post-17439","post","type-post","status-publish","format-standard","has-post-thumbnail","hentry","category-destacadas","category-entradas","category-estados","category-secciones-oriente","category-lo-mas-reciente","category-mexico-y-el-mundo","category-principal","category-turismo-y-negocios"],"jetpack_featured_media_url":"http:\/\/www.eloriente.net\/home\/wp-content\/uploads\/2013\/11\/Algunos-derechos-reservados-por-Toprural-herramientas-de-trabajo.jpg","jetpack_sharing_enabled":true,"_links":{"self":[{"href":"http:\/\/www.eloriente.net\/home\/wp-json\/wp\/v2\/posts\/17439"}],"collection":[{"href":"http:\/\/www.eloriente.net\/home\/wp-json\/wp\/v2\/posts"}],"about":[{"href":"http:\/\/www.eloriente.net\/home\/wp-json\/wp\/v2\/types\/post"}],"author":[{"embeddable":true,"href":"http:\/\/www.eloriente.net\/home\/wp-json\/wp\/v2\/users\/1"}],"replies":[{"embeddable":true,"href":"http:\/\/www.eloriente.net\/home\/wp-json\/wp\/v2\/comments?post=17439"}],"version-history":[{"count":1,"href":"http:\/\/www.eloriente.net\/home\/wp-json\/wp\/v2\/posts\/17439\/revisions"}],"predecessor-version":[{"id":17442,"href":"http:\/\/www.eloriente.net\/home\/wp-json\/wp\/v2\/posts\/17439\/revisions\/17442"}],"wp:featuredmedia":[{"embeddable":true,"href":"http:\/\/www.eloriente.net\/home\/wp-json\/wp\/v2\/media\/17441"}],"wp:attachment":[{"href":"http:\/\/www.eloriente.net\/home\/wp-json\/wp\/v2\/media?parent=17439"}],"wp:term":[{"taxonomy":"category","embeddable":true,"href":"http:\/\/www.eloriente.net\/home\/wp-json\/wp\/v2\/categories?post=17439"},{"taxonomy":"post_tag","embeddable":true,"href":"http:\/\/www.eloriente.net\/home\/wp-json\/wp\/v2\/tags?post=17439"}],"curies":[{"name":"wp","href":"https:\/\/api.w.org\/{rel}","templated":true}]}}