{"id":17445,"date":"2013-11-12T16:13:29","date_gmt":"2013-11-12T22:13:29","guid":{"rendered":"http:\/\/www.eloriente.net\/home\/?p=17445"},"modified":"2013-11-12T16:14:53","modified_gmt":"2013-11-12T22:14:53","slug":"cultura-en-oaxaca-el-futuro-sigue-esperando","status":"publish","type":"post","link":"http:\/\/www.eloriente.net\/home\/2013\/11\/12\/cultura-en-oaxaca-el-futuro-sigue-esperando\/","title":{"rendered":"Cultura en Oaxaca: el futuro sigue esperando"},"content":{"rendered":"<p>eloriente.net<\/p>\n<p>12 de noviembre de 2013<\/p>\n<p style=\"text-align: right\">Por: <a href=\"http:\/\/almargenoaxaca.wordpress.com\/author\/almargenoaxaca\/\" target=\"_blank\">Adri\u00e1n Ortiz Romero<\/a><\/p>\n<p><strong>+ Cultura en Oaxaca: el futuro sigue esperando<\/strong><\/p>\n<p><strong>+ Sistema institucional de cultura \u00bflo revivir\u00e1n?<\/strong><\/p>\n<p>Hoy que ya es secretario de Cultura y Artes del Gobierno de Oaxaca, Francisco Mart\u00ednez Neri deber\u00eda explicar, con detalle, c\u00f3mo iniciar\u00e1 el proceso de reconstrucci\u00f3n del sistema institucional de cultura de la entidad, que por a\u00f1os ha estado abandonado y ha sido arrollado por los promotores culturales privados, que hoy no s\u00f3lo llevan la delantera en esas actividades, sino que tambi\u00e9n son imitados por el sector oficial, que a trav\u00e9s de mera parafernalia intenta imitarlos, dejando de lado las tareas que deber\u00edan ser el centro de su atenci\u00f3n.<\/p>\n<p>En efecto, en Oaxaca el acceso a la cultura y los bienes y servicios culturales constituyen una garant\u00eda constitucional, que no se ve materializada en la realidad. Quiz\u00e1 en la \u00faltima d\u00e9cada, el sistema de promoci\u00f3n cultural del gobierno estatal se ha dedicado \u00fanicamente a financiar proyectos, y a imitar y secundar a los promotores privados que tienen grandes capitales para el fomento cultural. Esto no tendr\u00eda algo de malo, si no fuera porque en ese af\u00e1n de competir con los grandes mecenas culturales, el Estado dej\u00f3 de lado temas que le son exclusivos, pero que quedaron relegados al no ser escaparates para el lucimiento de funcionarios o figuras que hicieran parecer a Oaxaca algo distinto de lo que es. \u00bfDe qu\u00e9 hablamos?<\/p>\n<p>De que, en una primera vertiente, en los \u00faltimos a\u00f1os el sistema de cultura del Gobierno del Estado se ha dedicado a seguir las coordenadas que han marcado los dos grandes mecenas culturales en la entidad. Uno de ellos es el fil\u00e1ntropo Alfredo Harp Hel\u00fa, y el otro es el artista pl\u00e1stico Francisco Toledo. \u00bfQu\u00e9 ha ocurrido? Que ellos, gracias a su capacidad econ\u00f3mica y su ascendencia en el \u00e1mbito cultural nacional e internacional, han demostrado estar en posibilidades de financiar, solos, centros culturales, museos, escuelas de artes y un sinn\u00famero de actividades culturales, que ponen a Oaxaca en el centro de atenci\u00f3n nacional, pero que lo hacen al margen de lo que el Estado pueda hacer en ese mismo \u00e1mbito.<\/p>\n<p>\u00bfQu\u00e9 ha hecho el Estado? En los \u00faltimos a\u00f1os, Estado se ha dedicado \u00fanicamente a imitar a los promotores privados de actividades culturales, olvidando toda posibilidad de fungir (y de hecho as\u00ed deber\u00eda ocurrir) como un gran articulador de toda la actividad cultural en la entidad, generando sinergias con todas las instituciones p\u00fablicas de planeaci\u00f3n, de fomento y difusi\u00f3n de la cultura, centros de ense\u00f1anza, medios de comunicaci\u00f3n estatales y centros de difusi\u00f3n de actividades culturales.<\/p>\n<p>As\u00ed lo apunt\u00e1bamos hace meses (ver Al Margen 18.02.2013), cuando afirm\u00e1bamos que esa falta de coordinaci\u00f3n la podemos ver en cuestiones como el hecho de que a\u00fan cuando no existen vasos comunicantes entre la Seculta y las instituciones educativas de todos los niveles para efectos de promoci\u00f3n y fomento cultural, s\u00ed se financian proyectos de gran fulgor como la Orquesta Sinf\u00f3nica de Invierno (que tiene una sola presentaci\u00f3n anual en el Palacio de Bellas Artes, en la Ciudad de M\u00e9xico, y que tiene para el Estado un costo de varios millones de pesos), o la Orquesta Esperanza Azteca, que a pesar de ser un proyecto de Fundaci\u00f3n Azteca, es financiado casi en su totalidad por el Gobierno del Estado.<\/p>\n<p><strong>DRAM\u00c1TICO OLVIDO<\/strong><\/p>\n<p>En los \u00faltimos meses se ha llevado a cabo algo que la Secretar\u00eda de Cultura ha denominado como \u201ccambio de imagen de la Biblioteca P\u00fablica Central\u201d. Este sitio \u2014que deb\u00eda ser el gran punto de encuentro de las actividades culturales de la capital, y emblema del sistema institucional de cultura\u2014 ha estado olvidado por a\u00f1os, y eso incluye tanto sus instalaciones como el acervo bibliogr\u00e1fico del que no hay noticias espec\u00edficas de en qu\u00e9 condici\u00f3n se encuentra, pero que sin duda est\u00e1 lej\u00edsimos de ser el m\u00e1s importante (la del IAGO es exponencialmente superior a cualquier otra biblioteca en la entidad) o el mejor preservado del Estado.<\/p>\n<p>El proyecto de Seculta para renovar su imagen consisti\u00f3 \u2014seg\u00fan un comunicado de la propia dependencia emitido el pasado 29 de octubre\u2014 en la entrega de 10 mesas redondas, 60 sillas de visita, 20 mesas para cuatro personas, 14 escritorios para computadoras, 11 computadoras de escritorio, 6 sillones individuales, 2 archiveros, una impresora multifuncional y un esc\u00e1ner profesional. En el mismo bolet\u00edn oficial se reconoce que en los \u00faltimos 15 a\u00f1os el inmueble que alberga la Biblioteca Margarita Maza de Ju\u00e1rez \u201cno hab\u00eda sido objeto de intervenciones para mejorar su imagen y optimizar la atenci\u00f3n que brinda a miles de usuarios\u2026\u201d, pero que \u201cel a\u00f1o pasado se entreg\u00f3 la rehabilitaci\u00f3n total de los ba\u00f1os y de las instalaciones sanitarias; este a\u00f1o se cambi\u00f3 la pintura de pasillos y salas de la Biblioteca\u201d.<\/p>\n<p>Olvido similar ocurre respecto a las Casas de la Cultura, que s\u00f3lo reciben recursos federales (testimoniales) que muchas veces no alcanzan ni para costear su operaci\u00f3n y equipamiento; con la Orquesta Sinf\u00f3nica de Oaxaca, que est\u00e1 incompleta y debe subcontratar m\u00fasicos cada que tiene una presentaci\u00f3n importante; o la Orquesta Primavera, a cuyos integrantes la Seculta decidi\u00f3 darles dos meses de vacaciones ante la imposibilidad de conseguir un espacio digno para que \u00e9stos llevaran a cabo sus ensayos y la preparaci\u00f3n de sus presentaciones.<\/p>\n<p>Caso aparte es el Centro de Iniciaci\u00f3n Musical de Oaxaca, al que Mart\u00ednez Neri dice que pondr\u00e1 especial atenci\u00f3n durante su gesti\u00f3n como titular de la Seculta. \u00bfQu\u00e9 pasa con el CIMO? Que desde hace algunos a\u00f1os funciona en un sitio impropio, y en condiciones poco decorosas, respecto a lo que debiera ser la instituci\u00f3n formativa de las nuevas generaciones de m\u00fasicos en la entidad. Hoy, lamentablemente, el Gobierno del Estado no tiene dinero ni para reparar las antiguas instalaciones del CIMO, y mucho menos para llevar a cabo el proyecto original, que consist\u00eda en construir una nueva sede, que cubriera todas las necesidades de un centro como ese.<\/p>\n<p><strong>CULTURA DEL ESTADO<\/strong><\/p>\n<p>En Oaxaca se encuentran varios museos que est\u00e1n considerados como de los m\u00e1s importantes del pa\u00eds. Casi todos son privados. El Estado s\u00f3lo tiene dos: el del Palacio (que funciona a medias) y el de los Pintores Oaxaque\u00f1os, que pr\u00e1cticamente no tiene obra de artistas locales. Esos son botones de muestra de por qu\u00e9 el Estado debe recuperar su funci\u00f3n como articulador del sistema institucional de cultura, que hoy no existe. Debe dejar la parafernalia y ocuparse de las bibliotecas y de las casas de cultura de todo el territorio estatal, de las orquestas y de todo lo que no es del inter\u00e9s de Alfredo Harp o de Francisco Toledo.<\/p>\n<p style=\"text-align: right\"><strong>Anteriores:<\/strong><\/p>\n<div>\n<p><a title=\"Permalink to @El_Oriente: Ruy P\u00e9rez Tamayo y Jos\u00e9 Luis Castillo conversan en Oaxaca: \u2018M\u00fasica y Ciencia\u2019\" href=\"http:\/\/www.eloriente.net\/home\/2013\/11\/08\/el_oriente-conversatorio-musica-y-ciencia-instrumenta-oaxaca-2012\/\" rel=\"bookmark\">@El_Oriente: Ruy P\u00e9rez Tamayo y Jos\u00e9 Luis Castillo conversan en Oaxaca: \u2018M\u00fasica y Ciencia\u2019<\/a><\/p>\n<p><a href=\"http:\/\/www.eloriente.net\/home\/2013\/11\/08\/el_oriente-conversatorio-musica-y-ciencia-instrumenta-oaxaca-2012\/\" rel=\"bookmark\"><img decoding=\"async\" src=\"http:\/\/www.eloriente.net\/home\/wp-content\/themes\/city-desk\/timthumb.php?src=http%3A%2F%2Fwww.eloriente.net%2Fhome%2Fwp-content%2Fuploads%2F2012%2F12%2FCaptura-de-pantalla-2012-12-19-a-las-10.33.15.png&amp;q=90&amp;w=160&amp;h=106&amp;zc=1\" alt=\"@El_Oriente: Ruy P\u00e9rez Tamayo y Jos\u00e9 Luis Castillo conversan en Oaxaca: \u2018M\u00fasica y Ciencia\u2019\" \/><\/a>eloriente.net Actualizaci\u00f3n 8 de noviembre de 2013 En ocasi\u00f3n de que este 8 de noviembre celebramos un a\u00f1o m\u00e1s del maestro Ruy P\u00e9rez Tamayo, hemos recobrado esta grabaci\u00f3n efectuada en 2012. No sin antes recordar, en datos de Aguilar, algunos aspectos de la vida del acad\u00e9mico y amigo que hoy celebramos. ( Tampico, Tamaulipas, 8 [&#8230;]<\/p>\n<p>November 8, 2013<\/p>\n<\/div>\n<div>\n<p><a title=\"Permalink to Se renueva gabinete de Gabino Cu\u00e9; cambios en Seculta, Desarrollo Social y Procuradur\u00eda\" href=\"http:\/\/www.eloriente.net\/home\/2013\/11\/07\/se-renueva-gabinete-de-gabino-cue-cambios-en-seculta-desarrollo-social-y-procuraduria\/\" rel=\"bookmark\">Se renueva gabinete de Gabino Cu\u00e9; cambios en Seculta, Desarrollo Social y Procuradur\u00eda<\/a><\/p>\n<p><a href=\"http:\/\/www.eloriente.net\/home\/2013\/11\/07\/se-renueva-gabinete-de-gabino-cue-cambios-en-seculta-desarrollo-social-y-procuraduria\/\" rel=\"bookmark\"><img decoding=\"async\" src=\"http:\/\/www.eloriente.net\/home\/wp-content\/themes\/city-desk\/timthumb.php?src=http%3A%2F%2Fwww.eloriente.net%2Fhome%2Fwp-content%2Fuploads%2F2012%2F11%2FGABINO-CUE-ENTREVISTA-220811-2-300x199.jpg&amp;q=90&amp;w=160&amp;h=106&amp;zc=1\" alt=\"Se renueva gabinete de Gabino Cu\u00e9; cambios en Seculta, Desarrollo Social y Procuradur\u00eda\" \/><\/a>eloriente.net 7 de noviembre de 2013 Esta ma\u00f1ana se anunciaron de manera oficial diversos movimientos en el gabinete del gobernador de Oaxaca, Gabino Cu\u00e9 Monteagudo. Por un lado, la renuncia de Manuel de Jes\u00fas L\u00f3pez a la titularidad de la Procuradur\u00eda General de Justicia del Estado de Oaxaca; y por el otro el nombramiento de [&#8230;]<\/p>\n<p>November 7, 2013<\/p>\n<\/div>\n<p><a title=\"Permalink to Sergio Aguilar recibe Premio Estatal de Investigaci\u00f3n en Salud\" href=\"http:\/\/www.eloriente.net\/home\/2013\/11\/07\/sergio-aguilar-recibe-premio-estatal-de-investigacion-en-salud\/\" rel=\"bookmark\">Sergio Aguilar recibe Premio Estatal de Investigaci\u00f3n en Salud<\/a><\/p>\n<p><a href=\"http:\/\/www.eloriente.net\/home\/2013\/11\/07\/sergio-aguilar-recibe-premio-estatal-de-investigacion-en-salud\/\" rel=\"bookmark\"><img decoding=\"async\" src=\"http:\/\/www.eloriente.net\/home\/wp-content\/themes\/city-desk\/timthumb.php?src=http%3A%2F%2Fwww.eloriente.net%2Fhome%2Fwp-content%2Fuploads%2F2013%2F11%2FEntrega-premio-salud-UABJO-OAXACA.jpg&amp;q=90&amp;w=160&amp;h=106&amp;zc=1\" alt=\"Sergio Aguilar recibe Premio Estatal de Investigaci\u00f3n en Salud\" \/><\/a><\/p>\n<p>eloriente.net\/UABJO 7 de noviembre de 2013 Sergio Aguilar Ruiz, estudiante de la UABJO, primer lugar estatal en la modalidad de investigaci\u00f3n en salud cl\u00ednica. El rector de la Universidad Aut\u00f3noma \u201cBenito Ju\u00e1rez\u201d de Oaxaca (UABJO), Eduardo Mart\u00ednez Helmes, asisti\u00f3 a la entrega del Premio Estatal de Investigaci\u00f3n en Salud 2013 convocado por el Gobierno del [&#8230;]<\/p>\n<p>November 7, 2013<\/p>\n\n\t\t\t  <div \n\t\t\t  \tclass = \"fb-comments\" \n\t\t\t  \tdata-href = \"http:\/\/www.eloriente.net\/home\/2013\/11\/12\/cultura-en-oaxaca-el-futuro-sigue-esperando\/\"\n\t\t\t  \tdata-numposts = \"10\"\n\t\t\t\tdata-colorscheme = \"dark\"\n\t\t\t\tdata-order-by = \"social\"\n\t\t\t\tdata-mobile=true>\n\t\t\t  <\/div>\n\t\t  <style>\n\t\t\t.fb_iframe_widget_fluid_desktop iframe {\n\t\t\t    width: 100% !important;\n\t\t\t}\n\t\t  <\/style>\n\t\t  ","protected":false},"excerpt":{"rendered":"<p>eloriente.net 12 de noviembre de 2013 Por: Adri\u00e1n Ortiz Romero + Cultura en Oaxaca: el futuro sigue esperando + Sistema institucional de cultura \u00bflo revivir\u00e1n? Hoy que ya es secretario de Cultura y Artes del Gobierno de Oaxaca, Francisco Mart\u00ednez Neri deber\u00eda explicar, con detalle, c\u00f3mo iniciar\u00e1 el proceso de reconstrucci\u00f3n del sistema institucional de [&hellip;]<\/p>\n","protected":false},"author":2,"featured_media":0,"comment_status":"open","ping_status":"open","sticky":false,"template":"","format":"standard","meta":{"_jetpack_memberships_contains_paid_content":false,"footnotes":""},"categories":[38,11,32,10],"tags":[],"class_list":["post-17445","post","type-post","status-publish","format-standard","hentry","category-adrian-ortiz-romero","category-colaboradores","category-entradas","category-lo-mas-reciente"],"jetpack_featured_media_url":"","jetpack_sharing_enabled":true,"_links":{"self":[{"href":"http:\/\/www.eloriente.net\/home\/wp-json\/wp\/v2\/posts\/17445"}],"collection":[{"href":"http:\/\/www.eloriente.net\/home\/wp-json\/wp\/v2\/posts"}],"about":[{"href":"http:\/\/www.eloriente.net\/home\/wp-json\/wp\/v2\/types\/post"}],"author":[{"embeddable":true,"href":"http:\/\/www.eloriente.net\/home\/wp-json\/wp\/v2\/users\/2"}],"replies":[{"embeddable":true,"href":"http:\/\/www.eloriente.net\/home\/wp-json\/wp\/v2\/comments?post=17445"}],"version-history":[{"count":3,"href":"http:\/\/www.eloriente.net\/home\/wp-json\/wp\/v2\/posts\/17445\/revisions"}],"predecessor-version":[{"id":17447,"href":"http:\/\/www.eloriente.net\/home\/wp-json\/wp\/v2\/posts\/17445\/revisions\/17447"}],"wp:attachment":[{"href":"http:\/\/www.eloriente.net\/home\/wp-json\/wp\/v2\/media?parent=17445"}],"wp:term":[{"taxonomy":"category","embeddable":true,"href":"http:\/\/www.eloriente.net\/home\/wp-json\/wp\/v2\/categories?post=17445"},{"taxonomy":"post_tag","embeddable":true,"href":"http:\/\/www.eloriente.net\/home\/wp-json\/wp\/v2\/tags?post=17445"}],"curies":[{"name":"wp","href":"https:\/\/api.w.org\/{rel}","templated":true}]}}