{"id":17461,"date":"2013-11-14T14:49:32","date_gmt":"2013-11-14T20:49:32","guid":{"rendered":"http:\/\/www.eloriente.net\/home\/?p=17461"},"modified":"2013-11-14T14:49:32","modified_gmt":"2013-11-14T20:49:32","slug":"abren-en-uabjo-autorretratos-y-pintura-erotica","status":"publish","type":"post","link":"http:\/\/www.eloriente.net\/home\/2013\/11\/14\/abren-en-uabjo-autorretratos-y-pintura-erotica\/","title":{"rendered":"Abren en UABJO: \u00abAutorretratos\u00bb y \u00abPintura Er\u00f3tica\u00bb"},"content":{"rendered":"<p>eloriente.net\/<a href=\"http:\/\/www.uabjo.mx\/\" target=\"_blank\">UABJO<\/a><\/p>\n<p>14 de noviembre de 2013<\/p>\n<p>La Universidad Aut\u00f3noma\u00bb Benito Ju\u00e1rez\u00bb de Oaxaca (UABJO) en conjunto con la Coordinaci\u00f3n de Cultura de la Facultad de Derecho y Ciencias Sociales llevaron a cabo la inauguraci\u00f3n de dos exposiciones tituladas \u00abAutorretratos\u00bb y \u00abPintura Er\u00f3tica\u00bb en las galer\u00edas del edificio central de dicha instituci\u00f3n.<\/p>\n<p>El titular de la coordinaci\u00f3n, Roberto V\u00e1squez Peralta explic\u00f3 que Autorretratos surge a partir de la gama de posibilidades que hay entre los artistas en cuanto a la t\u00e9cnica y en la mayor\u00eda de las veces los artistas se retratan pero no lo muestran por eso en esta ocasi\u00f3n se muestran vali\u00e9ndose de los recursos que a lo largo de su trayectoria han perfeccionado, son artistas consagrados y los que apenas van generando su propia t\u00e9cnica.<\/p>\n<p>Para la selecci\u00f3n de las 39 obras expuestas se llev\u00f3 a cabo un concurso donde los artistas Siegrid Wiese, Francisco L\u00f3pez Monterrosa, C\u00e1ndido Santiago, Natalia Ter\u00e1n, Alejandra Carballido, Cesar Gustavo M\u00e9ndez, Roc\u00edo Olgu\u00edn, entre otros, resultaron ganadores.<\/p>\n<p>Por otro lado Pintura Er\u00f3tica fue realizada por 29 artistas con diferentes tem\u00e1ticas donde cada uno manifiesta como concibe o percibe el erotismo ya sea mediante un rostro hasta animales copulando, posterior a ello se delimita la t\u00e9cnica, el formato y los materiales a utilizar, son artistas como Siegrid Wiese, Manuel de los \u00c1ngeles Sosa, Diego de Peralta, Luis Vali\u00e1n, Jacobo Morales, Santiago Pablo, por mencionar algunos quienes dan vida a esta colecci\u00f3n.<\/p>\n<p>La selecci\u00f3n fue la misma mediante un jurado quienes se dieron a la tarea de calificar las t\u00e9cnicas utilizadas tales como el dibujo, collage, oleos acr\u00edlicos, chapopote, l\u00e1minas de oro, grabados, colograf\u00edas, acr\u00edlico en madera, acuarelas, etc.<\/p>\n<p>Con estas exposiciones, que permanecer\u00e1n hasta el mes de Diciembre, se cierra el ciclo de exposiciones de apertura al arte dentro de la facultad de Derecho, aun se tienen contempladas otras actividades en el paraninfo, adelanto que para el mes de Enero ya se tiene contemplados a los artistas Guillermo Pacheco y Vicente Mesinas para la reapertura de las salas de exhibici\u00f3n.<\/p>\n<p><a href=\"http:\/\/www.eloriente.net\/home\/wp-content\/uploads\/2013\/11\/Exposicion-uabjo.jpg\"><img loading=\"lazy\" decoding=\"async\" class=\"alignnone size-medium wp-image-17468\" title=\"Exposicion uabjo\" src=\"http:\/\/www.eloriente.net\/home\/wp-content\/uploads\/2013\/11\/Exposicion-uabjo-300x200.jpg\" alt=\"\" width=\"300\" height=\"200\" srcset=\"http:\/\/www.eloriente.net\/home\/wp-content\/uploads\/2013\/11\/Exposicion-uabjo-300x200.jpg 300w, http:\/\/www.eloriente.net\/home\/wp-content\/uploads\/2013\/11\/Exposicion-uabjo-1024x682.jpg 1024w, http:\/\/www.eloriente.net\/home\/wp-content\/uploads\/2013\/11\/Exposicion-uabjo.jpg 1080w\" sizes=\"(max-width: 300px) 100vw, 300px\" \/><\/a><\/p>\n<p style=\"text-align: right;\"><strong>Anteriores:<\/strong><\/p>\n<div id=\"post-17429\">\n<p><a title=\"Permalink to Edgar Y\u00e9pez recibe Premio Nacional de Ensayo Joven \u2018Jos\u00e9 Vasconcelos\u2019\" href=\"http:\/\/www.eloriente.net\/home\/2013\/11\/12\/edgar-yepez-recibe-premio-nacional-de-ensayo-joven-jose-vasconcelos\/\" rel=\"bookmark\">Edgar Y\u00e9pez recibe Premio Nacional de Ensayo Joven \u2018Jos\u00e9 Vasconcelos\u2019<\/a><\/p>\n<p><a href=\"http:\/\/www.eloriente.net\/home\/2013\/11\/12\/edgar-yepez-recibe-premio-nacional-de-ensayo-joven-jose-vasconcelos\/\" rel=\"bookmark\"><img decoding=\"async\" title=\"Edgar Y\u00e9pez recibe Premio Nacional de Ensayo Joven \u2018Jos\u00e9 Vasconcelos\u2019\" src=\"http:\/\/www.eloriente.net\/home\/wp-content\/themes\/city-desk\/timthumb.php?src=http%3A%2F%2Fwww.eloriente.net%2Fhome%2Fwp-content%2Fuploads%2F2013%2F11%2FPremio-Ensayo-Vasconcelos-2013-e1384272266698.jpg&amp;q=90&amp;w=160&amp;h=106&amp;zc=1\" alt=\"Edgar Y\u00e9pez recibe Premio Nacional de Ensayo Joven \u2018Jos\u00e9 Vasconcelos\u2019\" \/><\/a>eloriente.net\/UABJO 12 de noviembre de 2013 El Sal\u00f3n de Ex\u00e1menes Profesionales de la Facultad de Derecho y Ciencias Sociales de la Universidad Aut\u00f3noma \u201cBenito Ju\u00e1rez\u201d de Oaxaca (UABJO), fue el escenario para la entrega del Premio Nacional de Ensayo Joven \u201cJos\u00e9 Vasconcelos\u201d 2013, organizado por el Programa Cultural \u201cTierra Adentro\u201d, del Consejo Nacional para la [&#8230;]<\/p>\n<p>November 12, 2013<\/p>\n<\/div>\n<div id=\"post-17407\">\n<p><a title=\"Permalink to IFAI pide cuentas a los productores de \u201cPresunto culpable\u201d\" href=\"http:\/\/www.eloriente.net\/home\/2013\/11\/10\/ifai-pide-cuentas-a-los-productores-de-presunto-culpable\/\" rel=\"bookmark\">IFAI pide cuentas a los productores de \u201cPresunto culpable\u201d<\/a><\/p>\n<p><a href=\"http:\/\/www.eloriente.net\/home\/2013\/11\/10\/ifai-pide-cuentas-a-los-productores-de-presunto-culpable\/\" rel=\"bookmark\"><img decoding=\"async\" title=\"IFAI pide cuentas a los productores de \u201cPresunto culpable\u201d\" src=\"http:\/\/www.eloriente.net\/home\/wp-content\/themes\/city-desk\/timthumb.php?src=http%3A%2F%2Fwww.eloriente.net%2Fhome%2Fwp-content%2Fuploads%2F2013%2F11%2FPresunto-culpable-n22.jpg&amp;q=90&amp;w=160&amp;h=106&amp;zc=1\" alt=\"IFAI pide cuentas a los productores de \u201cPresunto culpable\u201d\" \/><\/a>eloriente.net\/Agencia de Noticias de Canal 22 8 de noviembre de 2013 CIUDAD DE M\u00c9XICO, M\u00e9xico, (N22\/Redacci\u00f3n).-\u00a0El Instituto Mexicano de Cinematograf\u00eda (Imcine) deber\u00e1 buscar y dar a conocer el monto recaudado por la exhibici\u00f3n en el extranjero de la pel\u00edcula \u201cPresunto Culpable\u201d, as\u00ed como indicar los pa\u00edses en los que la cinta fue presentada. El Pleno [&#8230;]<\/p>\n<p>November 10, 2013<\/p>\n<\/div>\n<p><a title=\"Permalink to Intensifican estudiantes preparaci\u00f3n para Olimpiada de Biolog\u00eda\" href=\"http:\/\/www.eloriente.net\/home\/2013\/11\/10\/intensifican-estudiantes-preparacion-para-olimpiada-de-biologia\/\" rel=\"bookmark\">Intensifican estudiantes preparaci\u00f3n para Olimpiada de Biolog\u00eda<\/a><\/p>\n<p><a href=\"http:\/\/www.eloriente.net\/home\/2013\/11\/10\/intensifican-estudiantes-preparacion-para-olimpiada-de-biologia\/\" rel=\"bookmark\"><img decoding=\"async\" title=\"Intensifican estudiantes preparaci\u00f3n para Olimpiada de Biolog\u00eda\" src=\"http:\/\/www.eloriente.net\/home\/wp-content\/themes\/city-desk\/timthumb.php?src=http%3A%2F%2Fwww.eloriente.net%2Fhome%2Fwp-content%2Fuploads%2F2013%2F11%2FOlimpiada-Biolog%C3%ACa-UABJO.jpg&amp;q=90&amp;w=160&amp;h=106&amp;zc=1\" alt=\"Intensifican estudiantes preparaci\u00f3n para Olimpiada de Biolog\u00eda\" \/><\/a><\/p>\n<p>eloriente.net\/UABJO 9 de noviembre de 2013 Estudiantes de la Escuela Preparatoria n\u00famero 5 de la Universidad Aut\u00f3noma \u201cBenito Ju\u00e1rez\u201d de Oaxaca (UABJO), se alistan para participar en la selecci\u00f3n estatal, rumbo a la Olimpiada Estatal de Biolog\u00eda en su XXIII edici\u00f3n, en un esfuerzo conjunto entre dicha instituci\u00f3n y la Academia Mexicana de Ciencias. Al [&#8230;]<\/p>\n<p>November 10, 2013<\/p>\n<p>&nbsp;<\/p>\n<p>&nbsp;<\/p>\n\n\t\t\t  <div \n\t\t\t  \tclass = \"fb-comments\" \n\t\t\t  \tdata-href = \"http:\/\/www.eloriente.net\/home\/2013\/11\/14\/abren-en-uabjo-autorretratos-y-pintura-erotica\/\"\n\t\t\t  \tdata-numposts = \"10\"\n\t\t\t\tdata-colorscheme = \"dark\"\n\t\t\t\tdata-order-by = \"social\"\n\t\t\t\tdata-mobile=true>\n\t\t\t  <\/div>\n\t\t  <style>\n\t\t\t.fb_iframe_widget_fluid_desktop iframe {\n\t\t\t    width: 100% !important;\n\t\t\t}\n\t\t  <\/style>\n\t\t  ","protected":false},"excerpt":{"rendered":"<p>eloriente.net\/UABJO 14 de noviembre de 2013 La Universidad Aut\u00f3noma\u00bb Benito Ju\u00e1rez\u00bb de Oaxaca (UABJO) en conjunto con la Coordinaci\u00f3n de Cultura de la Facultad de Derecho y Ciencias Sociales llevaron a cabo la inauguraci\u00f3n de dos exposiciones tituladas \u00abAutorretratos\u00bb y \u00abPintura Er\u00f3tica\u00bb en las galer\u00edas del edificio central de dicha instituci\u00f3n. El titular de la [&hellip;]<\/p>\n","protected":false},"author":1,"featured_media":17468,"comment_status":"open","ping_status":"open","sticky":false,"template":"","format":"standard","meta":{"_jetpack_memberships_contains_paid_content":false,"footnotes":""},"categories":[8,18,32,84],"tags":[],"class_list":["post-17461","post","type-post","status-publish","format-standard","has-post-thumbnail","hentry","category-agenda","category-educacion-y-cultura","category-entradas","category-universidades"],"jetpack_featured_media_url":"http:\/\/www.eloriente.net\/home\/wp-content\/uploads\/2013\/11\/Exposicion-uabjo.jpg","jetpack_sharing_enabled":true,"_links":{"self":[{"href":"http:\/\/www.eloriente.net\/home\/wp-json\/wp\/v2\/posts\/17461"}],"collection":[{"href":"http:\/\/www.eloriente.net\/home\/wp-json\/wp\/v2\/posts"}],"about":[{"href":"http:\/\/www.eloriente.net\/home\/wp-json\/wp\/v2\/types\/post"}],"author":[{"embeddable":true,"href":"http:\/\/www.eloriente.net\/home\/wp-json\/wp\/v2\/users\/1"}],"replies":[{"embeddable":true,"href":"http:\/\/www.eloriente.net\/home\/wp-json\/wp\/v2\/comments?post=17461"}],"version-history":[{"count":2,"href":"http:\/\/www.eloriente.net\/home\/wp-json\/wp\/v2\/posts\/17461\/revisions"}],"predecessor-version":[{"id":17469,"href":"http:\/\/www.eloriente.net\/home\/wp-json\/wp\/v2\/posts\/17461\/revisions\/17469"}],"wp:featuredmedia":[{"embeddable":true,"href":"http:\/\/www.eloriente.net\/home\/wp-json\/wp\/v2\/media\/17468"}],"wp:attachment":[{"href":"http:\/\/www.eloriente.net\/home\/wp-json\/wp\/v2\/media?parent=17461"}],"wp:term":[{"taxonomy":"category","embeddable":true,"href":"http:\/\/www.eloriente.net\/home\/wp-json\/wp\/v2\/categories?post=17461"},{"taxonomy":"post_tag","embeddable":true,"href":"http:\/\/www.eloriente.net\/home\/wp-json\/wp\/v2\/tags?post=17461"}],"curies":[{"name":"wp","href":"https:\/\/api.w.org\/{rel}","templated":true}]}}