{"id":17464,"date":"2013-11-14T14:44:36","date_gmt":"2013-11-14T20:44:36","guid":{"rendered":"http:\/\/www.eloriente.net\/home\/?p=17464"},"modified":"2013-11-14T14:44:36","modified_gmt":"2013-11-14T20:44:36","slug":"comparte-editorial-14-11-13","status":"publish","type":"post","link":"http:\/\/www.eloriente.net\/home\/2013\/11\/14\/comparte-editorial-14-11-13\/","title":{"rendered":"Comparte Editorial #14.11.13"},"content":{"rendered":"<p>eloriente.net<\/p>\n<p>14 de noviembre de 2013<\/p>\n<p><a href=\"http:\/\/www.eloriente.net\/home\/wp-content\/uploads\/2013\/11\/PorUnCongresoQueDejeLaPrehistoria-eloriente.net_.png\"><img loading=\"lazy\" decoding=\"async\" class=\"size-medium wp-image-17465 aligncenter\" title=\"#PorUnCongresoQueDejeLaPrehistoria eloriente.net\" src=\"http:\/\/www.eloriente.net\/home\/wp-content\/uploads\/2013\/11\/PorUnCongresoQueDejeLaPrehistoria-eloriente.net_-300x135.png\" alt=\"\" width=\"300\" height=\"135\" srcset=\"http:\/\/www.eloriente.net\/home\/wp-content\/uploads\/2013\/11\/PorUnCongresoQueDejeLaPrehistoria-eloriente.net_-300x135.png 300w, http:\/\/www.eloriente.net\/home\/wp-content\/uploads\/2013\/11\/PorUnCongresoQueDejeLaPrehistoria-eloriente.net_-1024x463.png 1024w, http:\/\/www.eloriente.net\/home\/wp-content\/uploads\/2013\/11\/PorUnCongresoQueDejeLaPrehistoria-eloriente.net_.png 1247w\" sizes=\"(max-width: 300px) 100vw, 300px\" \/><\/a><\/p>\n<p><strong>Comp\u00e1rtelo en Twitter: <a href=\"https:\/\/twitter.com\/El_Oriente\" target=\"_blank\">#PorUnCongresoQueDejeLaPrehistoria<\/a><\/strong><\/p>\n<p style=\"text-align: right;\"><strong><\/strong><strong>4 Orientes:<\/strong><\/p>\n<p style=\"text-align: right;\"><strong>PRIMERO:<\/strong><\/p>\n<p>Oaxaca requiere un Congreso con Adjetivos: Corresponsable, Moderno, Profesional, Cercano y Transparente. Es un Poder que debe emparejarse en asuntos como rendici\u00f3n de cuentas y visi\u00f3n de estado, con el resto de los Poderes en Oaxaca y en el pa\u00eds. El Congreso debe abandonar la prehistoria y evolucionar institucionalmente. De alguna manera, la c\u00e1mara es el rostro visible de los partidos y sus ideas. \u00bfEst\u00e1n dispuestos los partidos con representaci\u00f3n local a superar la edad de piedra? \u00bfTienen la voluntad de arribar a un tiempo de bonanza intelectual y corresponsable de la transici\u00f3n?<\/p>\n<p style=\"text-align: right;\"><strong>SEGUNDO:<\/strong><\/p>\n<p>En datos: el total de los representantes populares es 42. Por fracci\u00f3n, 17 son del Partido Revolucionario Institucional (PRI); 10 del Partido de la Revoluci\u00f3n Democr\u00e1tica (PRD); 9 del Partido Acci\u00f3n Nacional (PAN); y 1 diputado por cada uno de los siguientes partidos: PVEM, PT, PANAL, MC, PUP y PSD.<\/p>\n<p>Los representantes tomaron protesta de su responsabilidad el 13 de noviembre de 2013.<\/p>\n<p style=\"text-align: right;\"><strong>TERCERO:<\/strong><\/p>\n<p>\u00a0La Mesa Directiva elegida para la LXII Legislatura es:<\/p>\n<p>Presidente: Dip. Jes\u00fas L\u00f3pez Rodr\u00edguez (PRD)<\/p>\n<p>Vicepresidenta: Dip. Remedios Zonia L\u00f3pez Cruz (PAN)<\/p>\n<p>Secretarios A: Edith Yolanda L\u00f3pez Velasco (PRI); Santiago Garc\u00eda Sandoval (PUP) y Rosal\u00eda Palma L\u00f3pez (PRI).<\/p>\n<p>Secretarios B: Carlos Alberto Ramos Arag\u00f3n (PRI); Rafael Arellanes Caballero (PT) y Sergio Bello Guerra (PAN).<\/p>\n<p style=\"text-align: right;\"><strong>CUARTO:<\/strong><\/p>\n<p>La Junta de Coordinaci\u00f3n Pol\u00edtica ser\u00e1 presidida un a\u00f1o por cada una de las fracciones partidistas con mayor representaci\u00f3n, de manera rotativa.<\/p>\n<p>El primer a\u00f1o, Alejandro Avil\u00e9s (PRI) ser\u00e1 presidente. Mientras que Anselmo Garc\u00eda (PRD) ocupar\u00e1 el cargo el segundo a\u00f1o; y Antonia D\u00edaz Jim\u00e9nez (PAN) el tercero.<\/p>\n<p>&nbsp;<\/p>\n<p><strong>Anteriores:<\/strong><\/p>\n<p><a title=\"Permalink to Comparte Editorial #06.11.13\" href=\"http:\/\/www.eloriente.net\/home\/2013\/11\/06\/comparte-editorial-06-11-13\/\" rel=\"bookmark\">Comparte Editorial #06.11.13<\/a><\/p>\n<p><a href=\"http:\/\/www.eloriente.net\/home\/2013\/11\/06\/comparte-editorial-06-11-13\/\" rel=\"bookmark\"><img decoding=\"async\" title=\"Comparte Editorial #06.11.13\" src=\"http:\/\/www.eloriente.net\/home\/wp-content\/themes\/city-desk\/timthumb.php?src=http%3A%2F%2Fwww.eloriente.net%2Fhome%2Fwp-content%2Fuploads%2F2013%2F11%2FEditorial-061113-AfavordelImpuestoaComidaChatarra.png&amp;q=90&amp;w=160&amp;h=106&amp;zc=1\" alt=\"Comparte Editorial #06.11.13\" \/><\/a><\/p>\n<p>eloriente.net 6 de noviembre de 2013 Comp\u00e1rtelo en Twitter: #AFavordelImpuestoaComidaChatarra 4 Orientes: PRIMERO: El Senado de la Rep\u00fablica hace algunos d\u00edas aprob\u00f3, entre otros, los impuestos especiales: Un peso por cada litro a las bebidas saborizadas que contengan cualquier tipo de az\u00facares a\u00f1adidas Tasa de 8% a la enajenaci\u00f3n e importaci\u00f3n de alimentos no b\u00e1sicos [&#8230;]<\/p>\n<p>November 6, 2013<\/p>\n<div id=\"post-17314\">\n<p><a title=\"Permalink to 8\/Nov Abre Feria Internacional del Libro Infantil y Juvenil con tema: \u2018recomposici\u00f3n del tejido social\u2019\" href=\"http:\/\/www.eloriente.net\/home\/2013\/11\/05\/8nov-abre-feria-internacional-del-libro-infantil-y-juvenil-con-tema-recomposicion-del-tejido-social\/\" rel=\"bookmark\">8\/Nov Abre Feria Internacional del Libro Infantil y Juvenil con tema: \u2018recomposici\u00f3n del tejido social\u2019<\/a><\/p>\n<p><a href=\"http:\/\/www.eloriente.net\/home\/2013\/11\/05\/8nov-abre-feria-internacional-del-libro-infantil-y-juvenil-con-tema-recomposicion-del-tejido-social\/\" rel=\"bookmark\"><img decoding=\"async\" title=\"8\/Nov Abre Feria Internacional del Libro Infantil y Juvenil con tema: \u2018recomposici\u00f3n del tejido social\u2019\" src=\"http:\/\/www.eloriente.net\/home\/wp-content\/themes\/city-desk\/timthumb.php?src=http%3A%2F%2Fwww.eloriente.net%2Fhome%2Fwp-content%2Fuploads%2F2013%2F11%2FAtribucio%CC%81n-Algunos-derechos-reservados-por-jorgemejia-LIBROS.jpg&amp;q=90&amp;w=160&amp;h=106&amp;zc=1\" alt=\"8\/Nov Abre Feria Internacional del Libro Infantil y Juvenil con tema: \u2018recomposici\u00f3n del tejido social\u2019\" \/><\/a>eloriente.net\/CONACULTA 4 de noviembre de 2013 En el encuentro se realizar\u00e1 el 16 Seminario Internacional de Fomento de la Lectura, con destacados especialistas de Argentina, Brasil, Canad\u00e1, Colombia, Espa\u00f1a, Estados Unidos, Francia y M\u00e9xico Habr\u00e1 actividades en honor a reconocidos personajes de la cultura mexicana como Mireya Cueto y Jorge Ibarg\u00fcengoitia Se instalar\u00e1 una segunda [&#8230;]<\/p>\n<p>November 5, 2013<\/p>\n<\/div>\n<div id=\"post-17310\">\n<p><a title=\"Permalink to Las 10+ Vistas de ELORIENTE.NET en octubre de 2013\" href=\"http:\/\/www.eloriente.net\/home\/2013\/11\/04\/las-10-vistas-de-eloriente-net-en-octubre-de-2013\/\" rel=\"bookmark\">Las 10+ Vistas de ELORIENTE.NET en octubre de 2013<\/a><\/p>\n<p><a href=\"http:\/\/www.eloriente.net\/home\/2013\/11\/04\/las-10-vistas-de-eloriente-net-en-octubre-de-2013\/\" rel=\"bookmark\"><img decoding=\"async\" title=\"Las 10+ Vistas de ELORIENTE.NET en octubre de 2013\" src=\"http:\/\/www.eloriente.net\/home\/wp-content\/themes\/city-desk\/timthumb.php?src=http%3A%2F%2Fwww.eloriente.net%2Fhome%2Fwp-content%2Fuploads%2F2013%2F11%2FHumor-Atribucio%CC%81nCompartir-bajo-la-misma-licencia-Algunos-derechos-reservados-por-bertknot-.jpg&amp;q=90&amp;w=160&amp;h=106&amp;zc=1\" alt=\"Las 10+ Vistas de ELORIENTE.NET en octubre de 2013\" \/><\/a>eloriente.net 4 de noviembre de 2013 Cada mes, El Oriente publica esta lista de los contenidos m\u00e1s visitados por nuestros usuarios. Esto, para que aquellos que se han perdido una buena recomendaci\u00f3n, una buena nota, tengan la oportunidad de volver sobre ella, aprender, regocijarse, disfrutar. Hay que recordar que el objetivo de El Oriente es [&#8230;]<\/p>\n<p>November 4, 2013<\/p>\n<\/div>\n\n\t\t\t  <div \n\t\t\t  \tclass = \"fb-comments\" \n\t\t\t  \tdata-href = \"http:\/\/www.eloriente.net\/home\/2013\/11\/14\/comparte-editorial-14-11-13\/\"\n\t\t\t  \tdata-numposts = \"10\"\n\t\t\t\tdata-colorscheme = \"dark\"\n\t\t\t\tdata-order-by = \"social\"\n\t\t\t\tdata-mobile=true>\n\t\t\t  <\/div>\n\t\t  <style>\n\t\t\t.fb_iframe_widget_fluid_desktop iframe {\n\t\t\t    width: 100% !important;\n\t\t\t}\n\t\t  <\/style>\n\t\t  ","protected":false},"excerpt":{"rendered":"<p>eloriente.net 14 de noviembre de 2013 Comp\u00e1rtelo en Twitter: #PorUnCongresoQueDejeLaPrehistoria 4 Orientes: PRIMERO: Oaxaca requiere un Congreso con Adjetivos: Corresponsable, Moderno, Profesional, Cercano y Transparente. Es un Poder que debe emparejarse en asuntos como rendici\u00f3n de cuentas y visi\u00f3n de estado, con el resto de los Poderes en Oaxaca y en el pa\u00eds. El Congreso [&hellip;]<\/p>\n","protected":false},"author":1,"featured_media":17465,"comment_status":"open","ping_status":"open","sticky":false,"template":"","format":"standard","meta":{"_jetpack_memberships_contains_paid_content":false,"footnotes":""},"categories":[9,71,32,21],"tags":[],"class_list":["post-17464","post","type-post","status-publish","format-standard","has-post-thumbnail","hentry","category-editorial","category-elecciones","category-entradas","category-politica-y-gobierno"],"jetpack_featured_media_url":"http:\/\/www.eloriente.net\/home\/wp-content\/uploads\/2013\/11\/PorUnCongresoQueDejeLaPrehistoria-eloriente.net_.png","jetpack_sharing_enabled":true,"_links":{"self":[{"href":"http:\/\/www.eloriente.net\/home\/wp-json\/wp\/v2\/posts\/17464"}],"collection":[{"href":"http:\/\/www.eloriente.net\/home\/wp-json\/wp\/v2\/posts"}],"about":[{"href":"http:\/\/www.eloriente.net\/home\/wp-json\/wp\/v2\/types\/post"}],"author":[{"embeddable":true,"href":"http:\/\/www.eloriente.net\/home\/wp-json\/wp\/v2\/users\/1"}],"replies":[{"embeddable":true,"href":"http:\/\/www.eloriente.net\/home\/wp-json\/wp\/v2\/comments?post=17464"}],"version-history":[{"count":2,"href":"http:\/\/www.eloriente.net\/home\/wp-json\/wp\/v2\/posts\/17464\/revisions"}],"predecessor-version":[{"id":17467,"href":"http:\/\/www.eloriente.net\/home\/wp-json\/wp\/v2\/posts\/17464\/revisions\/17467"}],"wp:featuredmedia":[{"embeddable":true,"href":"http:\/\/www.eloriente.net\/home\/wp-json\/wp\/v2\/media\/17465"}],"wp:attachment":[{"href":"http:\/\/www.eloriente.net\/home\/wp-json\/wp\/v2\/media?parent=17464"}],"wp:term":[{"taxonomy":"category","embeddable":true,"href":"http:\/\/www.eloriente.net\/home\/wp-json\/wp\/v2\/categories?post=17464"},{"taxonomy":"post_tag","embeddable":true,"href":"http:\/\/www.eloriente.net\/home\/wp-json\/wp\/v2\/tags?post=17464"}],"curies":[{"name":"wp","href":"https:\/\/api.w.org\/{rel}","templated":true}]}}