{"id":17488,"date":"2013-11-15T12:42:37","date_gmt":"2013-11-15T18:42:37","guid":{"rendered":"http:\/\/www.eloriente.net\/home\/?p=17488"},"modified":"2015-11-17T09:25:40","modified_gmt":"2015-11-17T15:25:40","slug":"17488","status":"publish","type":"post","link":"http:\/\/www.eloriente.net\/home\/2013\/11\/15\/17488\/","title":{"rendered":"Detr\u00e1s de las nubes se esconden miles de soles que iluminar\u00e1n Oaxaca: Gabino Cu\u00e9"},"content":{"rendered":"<p><script src=\"\/\/pagead2.googlesyndication.com\/pagead\/js\/adsbygoogle.js\" async=\"\"><\/script><!-- BANNER ELORIENTE INCRUSTADO NOTAS --> <ins class=\"adsbygoogle\" style=\"display: inline-block; width: 300px; height: 250px;\" data-ad-client=\"ca-pub-1136171134853753\" data-ad-slot=\"7974633627\"><\/ins><script>\/\/ <![CDATA[\n(adsbygoogle = window.adsbygoogle || []).push({});\n\/\/ ]]><\/script><br \/>\neloriente.net<\/p>\n<p>15 de noviembre de 2013<\/p>\n<p>eloriente.net (Oaxaca, M\u00e9xico, a 15 de noviembre de 2013).- \u00abDetr\u00e1s de las nubes se esconden miles de soles que iluminar\u00e1n a Oaxaca en su devenir de grandeza\u00bb, afirm\u00f3 el Gobernador de Oaxaca en la sede del Poder Legislativo local en el municipio de San Raymundo Jalpan, al presentar su 3er. Informe de Gobierno.<\/p>\n<p>A las 11:28 de la ma\u00f1ana, Cu\u00e9 inici\u00f3 su intervenci\u00f3n, saludando al Presidente de la Mesa Directiva del Congreso, Jes\u00fas L\u00f3pez Rodr\u00edguez, as\u00ed como al Presidente de la Junta de Coordinaci\u00f3n Pol\u00edtica, Alejandro Avil\u00e9s. Adem\u00e1s, agradeci\u00f3 la presencia de Rosario Robles Berlanga, Secretaria de Desarrollo Social del Gobierno de la Rep\u00fablica y de Alfredo Lagunas, Presidente del Tribunal Superior de Justicia, entre otros funcionarios. Asistieron tambi\u00e9n Manuel Velasco Coelho, Gobernador de Chiapas; Rafael Moreno Valle, Gobernador de Puebla; y Miguel \u00c1ngel Mancera, Jefe de Gobierno del Distrito Federal.<\/p>\n<p>Menci\u00f3n especial recibi\u00f3 el ex-gobernador de Oaxaca, Di\u00f3doro Carrasco Altamirano, por su \u00absolidaridad\u00bb.<\/p>\n<p>\u00abDespu\u00e9s de 35 meses arribamos a la mitad de nuestra encomienda sexenal&#8230; Estamos conscientes de que a\u00fan es mucho el camino que las y los oaxaque\u00f1os hemos de recorrer\u00bb, dijo Cu\u00e9, mientras afirm\u00f3 que hacen falta no uno sino varios sexenios para superar la brecha de inequidad en el estado.<\/p>\n<p>Mencion\u00f3 que 2013 se signific\u00f3 por 3 hechos fundamentales: la realizaci\u00f3n de elecciones municipales, donde se eligieron 153 cabildos. En segundo lugar, las movilizaciones de la Coordinadora de Trabajadores de la Educaci\u00f3n y el paso de las fuertes tormentas que abatieron buena parte del pa\u00eds.<\/p>\n<p>En nombre del pueblo de Oaxaca, expres\u00f3 la gratitud del Gobierno de Oaxaca a la administraci\u00f3n del Presidente Enrique Pe\u00f1a Nieto por su apoyo en los momentos m\u00e1s aciagos de este 2013. Agradeci\u00f3 tambi\u00e9n al Congreso de la Uni\u00f3n su acompa\u00f1amiento en la consecuci\u00f3n de recursos federales para 2014 (m\u00e1s de 80 mil millones de pesos) y su labor durante la discusi\u00f3n de la Reforma Educativa.<\/p>\n<p>&nbsp;<br \/>\n<script src=\"\/\/pagead2.googlesyndication.com\/pagead\/js\/adsbygoogle.js\" async=\"\"><\/script><!-- BANNER PEQUE\u00d1O PARA ENTRENOTAS EL ORIENTE --> <ins class=\"adsbygoogle\" style=\"display: inline-block; width: 468px; height: 60px;\" data-ad-client=\"ca-pub-1136171134853753\" data-ad-slot=\"4953536424\"><\/ins><script>\/\/ <![CDATA[\n(adsbygoogle = window.adsbygoogle || []).push({});\n\/\/ ]]><\/script><br \/>\nReconoci\u00f3 el trabajo de la Legislatura local saliente y manifest\u00f3 su voluntad de trabajar con la entrante, con respeto a su autonom\u00eda.<\/p>\n<p>Los datos del informe comenzaron alrededor de las 11:46, cuando Cu\u00e9 inform\u00f3 el apoyo de casi 2,000 proyectos productivos durante los primeros tres a\u00f1os de Gobierno.<\/p>\n<p>Para el sector de la procuraci\u00f3n de justicia y de seguridad p\u00fablica, dijo que 1,188 millones de pesos se han invertido en este sector; recursos provenientes del Gobierno Federal y del estatal. Se abrieron por ejemplo el Centro de Justicia para las Mujeres, el C4, 4 centros regionales de video vigilancia con 410 c\u00e1maras instaladas en Oaxaca, Puerto Escondido, Tuxtepec y Loma Bonita. Adem\u00e1s, se cumpli\u00f3 en tiempo y forma con la evaluaci\u00f3n total de los elementos de seguridad de Oaxaca.<\/p>\n<p>Reconoci\u00f3 el incremento delictivo en extorsi\u00f3n y robo a casas habitaci\u00f3n. Hizo patente el compromiso de perseguir y castigar los delitos relacionados con el Feminicidio.<\/p>\n<p>Destac\u00f3 la construcci\u00f3n de dos nuevas instalaciones penitenciarias de mediana seguridad, uno en Miahuatl\u00e1n ya concluido y otro en Tlacolula en proceso, con una inversi\u00f3n total de 6,177 millones de pesos. Estos penales permitir\u00e1n el cierre de la penitenciar\u00eda de Ixcotel.<\/p>\n<p>En materia de Justicia, destac\u00f3 la instalaci\u00f3n de la Sala Constitucional, el Consejo de la Judicatura, los Juicios Orales en la Costa, el Istmo, la Mixteca y el Papaloapan.<\/p>\n<p>En Econom\u00eda, Cu\u00e9 afirm\u00f3 que han sido 12,000 millones de pesos los invertidos por la iniciativa privada en Oaxaca en los \u00faltimos a\u00f1os; se crearon m\u00e1s de 22 mil empleos formales en tres a\u00f1os. El INEGI, coment\u00f3, ha reportado un crecimiento sostenido del estado, por encima de la media nacional.<\/p>\n<p>En 2012, se super\u00f3 totalmente la crisis tur\u00edstica originada en el 2006. Y para 2014, anunci\u00f3 la construcci\u00f3n de un Centro de Convenciones con una inversi\u00f3n de 437 millones de pesos.<\/p>\n<p>Para infraestructura, se\u00f1al\u00f3 que s\u00f3lo en 2013 se invierten cerca de 5,970 millones de pesos, para realizar 3,600 obras en cerca de 1300 localidades del estado. En carreteras, dijo que con el apoyo solidario de SCT, las autopistas de la capital hacia la costa y a Tehuantepec, se mantienen en desarrollo. La primera a terminarse en 2014 y la segunda en 2015.<\/p>\n<p>La Presa Paso Ancho, dijo, permitir\u00e1 el abastecimiento de agua para la capital con una inversi\u00f3n total de 3,159 millones de pesos.<\/p>\n<p>En materia de vivienda se han invertido 1,900 millones de pesos aproximadamente, destacando el apoyo a las familias que perdieron su hogar debido a tormentas y sismos. En particular en la costa oaxaque\u00f1a.<\/p>\n<p>Para el desarrollo agropecuario, dijo que se han destinado poco m\u00e1s de 2,000 millones de pesos en tres a\u00f1os. En seguridad alimentaria se atendieron a poco m\u00e1s de 63,592 familias. Asimismo, coment\u00f3 que la superficie reforestada en este trienio alcanz\u00f3 una superficie de 40,000 hect\u00e1reas.<\/p>\n<p>Despu\u00e9s de 3 a\u00f1os de trabajo, dijo que la estrategia Bienestar ha ampliado su cobertura a 1.5 millones de personas en todo el estado y de 8 a 10 programas contemplados. Mencion\u00f3 especialmente el Programa de Atenci\u00f3n a Personas con Discapacidad que atiende a cerca de 28,000 personas. Adem\u00e1s, 2,348 Cocinas Comunitarias y reconoci\u00f3 la labor del Sistema para el Desarrollo Integral de la familia, en particular en beneficio de la ni\u00f1ez.<\/p>\n<p>\u00abDebo subrayar que la pol\u00edtica social desplegada por el gobierno del estado ha colocado a Oaxaca entre los estados con mayor reducci\u00f3n de la pobreza\u00bb, seg\u00fan lo ha reportado el CONEVAL, se\u00f1al\u00f3 Gabino Cu\u00e9.<\/p>\n<p>En educaci\u00f3n, se\u00f1al\u00f3 que su gobierno entreg\u00f3 \u00fatiles y uniformes escolares por un monto total de 1,500 millones de pesos. Asimismo, 6,177 computadoras port\u00e1tiles a estudiantes de nivel b\u00e1sico, con una meta sexenal de 21,000 equipos.<\/p>\n<p>De 4,200 becas en 2010, se tienen proyectados para este a\u00f1o llegar a 25,000 becas.<\/p>\n<p>En cultura, recalc\u00f3 que en 3 a\u00f1os se ha promovido el desarrollo de la diversidad cultural y la preservaci\u00f3n del patrimonio.. Ejemplific\u00f3 la entrega de 506 instrumentos a 55 bandas; anunci\u00f3 adem\u00e1s una inversi\u00f3n de 656 millones en 3 \u00a0proyectos \u00abestrat\u00e9gicos\u00bb: la Ciudad de los Archivos, la creaci\u00f3n del Centro de Iniciaci\u00f3n Musical de Oaxaca y el Centro de las Artes Cinematogr\u00e1ficas y Audiovisuales, cuyos trabajos iniciar\u00e1n en los pr\u00f3ximos meses.<\/p>\n<p>Para salud, reconoci\u00f3 un d\u00e9ficit de 3,ooo enfermeras y 500 m\u00e9dicos para atender los centros m\u00e9dicos existentes en el estado. Sin embargo, Cu\u00e9 destac\u00f3 la construcci\u00f3n de 4 hospitales comunitarios y una inversi\u00f3n sin precedente en el sector. \u00abEn 3 a\u00f1os, el dengue ha descendido en 70% y la oncocercosis y el paludismo se han erradicado en la entidad\u00bb, sentenci\u00f3.<\/p>\n<p>\u00abLos indicadores en materia de salud muestran una tendencia positiva\u00bb, concluy\u00f3.<\/p>\n<p>Cu\u00e9 pas\u00f3 luego de la descripci\u00f3n de su pol\u00edtica social a la descripci\u00f3n de la situaci\u00f3n financiera de Oaxaca; 6,798 millones de pesos, es el monto total de la deuda de Oaxaca; \u00abLa deuda de Oaxaca est\u00e1 en total estabilidad\u00bb, se\u00f1al\u00f3, mientras pas\u00f3 enseguida a comentar la labor que su gobierno ha efectuado en materia de transparencia.<\/p>\n<p>\u00abHemos venido trabajando en la primera etapa de la Red de Educaci\u00f3n, Salud y Gobierno de Oaxaca, que permitir\u00e1 implementar internet en el 51% del territorio oaxaque\u00f1o.\u00bb.<\/p>\n<p>Destac\u00f3 que en \u00ab3 a\u00f1os, Oaxaca se encuentra en franco proceso de cambio.\u00bb. Dijo que el camino por recorrer a\u00fan es largo; y que ha trabajado ajeno a clientelismos pol\u00edticos, concentrados en combatir las expresiones de pobreza y ejercer la autoridad con respeto a los derechos humanos. \u00abOaxaca est\u00e1 cambiando\u00bb, resumi\u00f3.<\/p>\n<p>Con la frase: \u00abLos invito a reafirmar con trabajo y unidad el voto de confianza. Detr\u00e1s de las nubes se esconden miles de soles que iluminar\u00e1n a Oaxaca en su devenir de grandeza\u00bb, Cu\u00e9 concluy\u00f3 su mensaje a las 12:4o del d\u00eda.<\/p>\n<p>Inmediatamente despu\u00e9s se concedi\u00f3 la palabra a Jes\u00fas L\u00f3pez Rodriguez, diputado presidente de la Mesa Directiva del Congreso, para dar contestaci\u00f3n al informe del Gobernador de Oaxaca.<\/p>\n<p><a href=\"http:\/\/www.eloriente.net\/home\/wp-content\/uploads\/2013\/11\/Atribuci\u00f3n-Algunos-derechos-reservados-por-uLe-@-Dortmund-oaxaca.jpg\"><img loading=\"lazy\" decoding=\"async\" class=\"alignnone size-medium wp-image-17494\" title=\"Atribuci\u00f3n Algunos derechos reservados por uLe @ Dortmund oaxaca\" src=\"http:\/\/www.eloriente.net\/home\/wp-content\/uploads\/2013\/11\/Atribuci\u00f3n-Algunos-derechos-reservados-por-uLe-@-Dortmund-oaxaca-300x225.jpg\" alt=\"\" width=\"300\" height=\"225\" srcset=\"http:\/\/www.eloriente.net\/home\/wp-content\/uploads\/2013\/11\/Atribuci\u00f3n-Algunos-derechos-reservados-por-uLe-@-Dortmund-oaxaca-300x225.jpg 300w, http:\/\/www.eloriente.net\/home\/wp-content\/uploads\/2013\/11\/Atribuci\u00f3n-Algunos-derechos-reservados-por-uLe-@-Dortmund-oaxaca.jpg 1024w\" sizes=\"(max-width: 300px) 100vw, 300px\" \/><\/a><\/p>\n<p>Foto:\u00a0<a href=\"http:\/\/creativecommons.org\/licenses\/by\/2.0\/\"><img decoding=\"async\" title=\"Atribuci\u00f3n\" src=\"http:\/\/l.yimg.com\/g\/images\/cc_icon_attribution_small.gif\" alt=\"Atribuci\u00f3n\" border=\"0\" \/><\/a>\u00a0<a title=\"Attribution License\" href=\"http:\/\/creativecommons.org\/licenses\/by\/2.0\/\">Algunos derechos reservados<\/a>\u00a0por\u00a0<a href=\"http:\/\/www.flickr.com\/photos\/ule\/\">uLe @ Dortmund<\/a><\/p>\n<p><strong>Otras Entradas:<\/strong><\/p>\n<p><a title=\"Permalink to Comparte Editorial #14.11.13\" href=\"http:\/\/www.eloriente.net\/home\/2013\/11\/14\/comparte-editorial-14-11-13\/\" rel=\"bookmark\">Comparte Editorial #14.11.13<\/a><\/p>\n<p><a href=\"http:\/\/www.eloriente.net\/home\/2013\/11\/14\/comparte-editorial-14-11-13\/\" rel=\"bookmark\"><img decoding=\"async\" title=\"Comparte Editorial #14.11.13\" src=\"http:\/\/www.eloriente.net\/home\/wp-content\/themes\/city-desk\/timthumb.php?src=http%3A%2F%2Fwww.eloriente.net%2Fhome%2Fwp-content%2Fuploads%2F2013%2F11%2FPorUnCongresoQueDejeLaPrehistoria-eloriente.net_.png&amp;q=90&amp;w=160&amp;h=106&amp;zc=1\" alt=\"Comparte Editorial #14.11.13\" \/><\/a><\/p>\n<p>eloriente.net 14 de noviembre de 2013 Comp\u00e1rtelo en Twitter: #PorUnCongresoQueDejeLaPrehistoria 4 Orientes: PRIMERO: Oaxaca requiere un Congreso con Adjetivos: Corresponsable, Moderno, Profesional, Cercano y Transparente. Es un Poder que debe emparejarse en asuntos como rendici\u00f3n de cuentas y visi\u00f3n de estado, con el resto de los Poderes en Oaxaca y en el pa\u00eds. El Congreso [&#8230;]<\/p>\n<p>November 14, 2013<\/p>\n<div id=\"post-17456\">\n<p><a title=\"Permalink to Luis Goytisolo es galardonado con Premio Nacional de las Letras Espa\u00f1olas\" href=\"http:\/\/www.eloriente.net\/home\/2013\/11\/14\/luis-goytisolo-es-galardonado-con-premio-nacional-de-las-letras-espanolas\/\" rel=\"bookmark\">Luis Goytisolo es galardonado con Premio Nacional de las Letras Espa\u00f1olas<\/a><\/p>\n<p><a href=\"http:\/\/www.eloriente.net\/home\/2013\/11\/14\/luis-goytisolo-es-galardonado-con-premio-nacional-de-las-letras-espanolas\/\" rel=\"bookmark\"><img decoding=\"async\" title=\"Luis Goytisolo es galardonado con Premio Nacional de las Letras Espa\u00f1olas\" src=\"http:\/\/www.eloriente.net\/home\/wp-content\/themes\/city-desk\/timthumb.php?src=http%3A%2F%2Fwww.eloriente.net%2Fhome%2Fwp-content%2Fuploads%2F2013%2F11%2Fgoytisolo_1-n22.jpg&amp;q=90&amp;w=160&amp;h=106&amp;zc=1\" alt=\"Luis Goytisolo es galardonado con Premio Nacional de las Letras Espa\u00f1olas\" \/><\/a>eloriente.net\/Agencia de Noticias de Canal 22 14 de noviembre de 2013 MADRID, Espa\u00f1a, (N22\/AFP).- El escritor Luis Goytisolo, autor de t\u00edtulos como la tetralog\u00eda Antagon\u00eda, ambientada en la Espa\u00f1a de la transici\u00f3n democr\u00e1tica, fue galardonado este jueves con el Premio Nacional de las Letras Espa\u00f1olas, anunci\u00f3 el ministerio de Cultura, Educaci\u00f3n y Deportes espa\u00f1ol. El [&#8230;]<\/p>\n<p>November 14, 2013<\/p>\n<\/div>\n<div id=\"post-17450\">\n<p><a title=\"Permalink to El arte es pol\u00edtico\" href=\"http:\/\/www.eloriente.net\/home\/2013\/11\/14\/el-arte-es-politico\/\" rel=\"bookmark\">El arte es pol\u00edtico<\/a><\/p>\n<p><a href=\"http:\/\/www.eloriente.net\/home\/2013\/11\/14\/el-arte-es-politico\/\" rel=\"bookmark\"><img decoding=\"async\" title=\"El arte es pol\u00edtico\" src=\"http:\/\/www.eloriente.net\/home\/wp-content\/themes\/city-desk\/timthumb.php?src=http%3A%2F%2Fwww.eloriente.net%2Fhome%2Fwp-content%2Fuploads%2F2013%2F11%2FTinta-derramada_baja.jpg&amp;q=90&amp;w=160&amp;h=106&amp;zc=1\" alt=\"El arte es pol\u00edtico\" \/><\/a>Nota(s) al pie\u00a0 (I) Columna quincenal para El Oriente.net 13\/XI\/2013 Por: Juan Pablo Ruiz N\u00fa\u00f1ez Empezar\u00e9 con una obviedad: las manifestaciones de las artes y la cultura se generan en un tiempo y sociedad espec\u00edficos. Toda expresi\u00f3n humana, en s\u00edntesis, es producto de una sociedad y un proceso hist\u00f3rico-pol\u00edtico determinados. No obstante, las palabras sociedad, [&#8230;]<\/p>\n<p>November 14, 2013<\/p>\n<\/div>\n<p>&nbsp;<\/p>\n<p>&nbsp;<\/p>\n\n\t\t\t  <div \n\t\t\t  \tclass = \"fb-comments\" \n\t\t\t  \tdata-href = \"http:\/\/www.eloriente.net\/home\/2013\/11\/15\/17488\/\"\n\t\t\t  \tdata-numposts = \"10\"\n\t\t\t\tdata-colorscheme = \"dark\"\n\t\t\t\tdata-order-by = \"social\"\n\t\t\t\tdata-mobile=true>\n\t\t\t  <\/div>\n\t\t  <style>\n\t\t\t.fb_iframe_widget_fluid_desktop iframe {\n\t\t\t    width: 100% !important;\n\t\t\t}\n\t\t  <\/style>\n\t\t  ","protected":false},"excerpt":{"rendered":"<p>eloriente.net 15 de noviembre de 2013 eloriente.net (Oaxaca, M\u00e9xico, a 15 de noviembre de 2013).- \u00abDetr\u00e1s de las nubes se esconden miles de soles que iluminar\u00e1n a Oaxaca en su devenir de grandeza\u00bb, afirm\u00f3 el Gobernador de Oaxaca en la sede del Poder Legislativo local en el municipio de San Raymundo Jalpan, al presentar su [&hellip;]<\/p>\n","protected":false},"author":1,"featured_media":17494,"comment_status":"open","ping_status":"open","sticky":false,"template":"","format":"standard","meta":{"_jetpack_memberships_contains_paid_content":false,"footnotes":""},"categories":[29,32,10,21,31],"tags":[],"class_list":["post-17488","post","type-post","status-publish","format-standard","has-post-thumbnail","hentry","category-capital","category-entradas","category-lo-mas-reciente","category-politica-y-gobierno","category-principal"],"jetpack_featured_media_url":"http:\/\/www.eloriente.net\/home\/wp-content\/uploads\/2013\/11\/Atribuci\u00f3n-Algunos-derechos-reservados-por-uLe-@-Dortmund-oaxaca.jpg","jetpack_sharing_enabled":true,"_links":{"self":[{"href":"http:\/\/www.eloriente.net\/home\/wp-json\/wp\/v2\/posts\/17488"}],"collection":[{"href":"http:\/\/www.eloriente.net\/home\/wp-json\/wp\/v2\/posts"}],"about":[{"href":"http:\/\/www.eloriente.net\/home\/wp-json\/wp\/v2\/types\/post"}],"author":[{"embeddable":true,"href":"http:\/\/www.eloriente.net\/home\/wp-json\/wp\/v2\/users\/1"}],"replies":[{"embeddable":true,"href":"http:\/\/www.eloriente.net\/home\/wp-json\/wp\/v2\/comments?post=17488"}],"version-history":[{"count":6,"href":"http:\/\/www.eloriente.net\/home\/wp-json\/wp\/v2\/posts\/17488\/revisions"}],"predecessor-version":[{"id":40736,"href":"http:\/\/www.eloriente.net\/home\/wp-json\/wp\/v2\/posts\/17488\/revisions\/40736"}],"wp:featuredmedia":[{"embeddable":true,"href":"http:\/\/www.eloriente.net\/home\/wp-json\/wp\/v2\/media\/17494"}],"wp:attachment":[{"href":"http:\/\/www.eloriente.net\/home\/wp-json\/wp\/v2\/media?parent=17488"}],"wp:term":[{"taxonomy":"category","embeddable":true,"href":"http:\/\/www.eloriente.net\/home\/wp-json\/wp\/v2\/categories?post=17488"},{"taxonomy":"post_tag","embeddable":true,"href":"http:\/\/www.eloriente.net\/home\/wp-json\/wp\/v2\/tags?post=17488"}],"curies":[{"name":"wp","href":"https:\/\/api.w.org\/{rel}","templated":true}]}}