{"id":17497,"date":"2013-11-16T10:46:26","date_gmt":"2013-11-16T16:46:26","guid":{"rendered":"http:\/\/www.eloriente.net\/home\/?p=17497"},"modified":"2013-11-16T10:46:26","modified_gmt":"2013-11-16T16:46:26","slug":"reformas-estructurales-versus-organizaciones-civiles-saul-fuentes","status":"publish","type":"post","link":"http:\/\/www.eloriente.net\/home\/2013\/11\/16\/reformas-estructurales-versus-organizaciones-civiles-saul-fuentes\/","title":{"rendered":"Reformas estructurales versus organizaciones civiles: Sa\u00fal Fuentes"},"content":{"rendered":"<p>eloriente.net\/<a href=\"http:\/\/www.huboaxaca.org\/\" target=\"_blank\">HUBOAXACA<\/a><\/p>\n<p>16 de noviembre de 2013<\/p>\n<p style=\"text-align: right\">Por: Sa\u00fal Fuentes Olivares*<\/p>\n<p>Dice el refr\u00e1n que si el r\u00edo suena es porque agua lleva. Y parece que s\u00ed, cuando de las reformas propuestas en materia hacendaria y de la Ley Federal para la Prevenci\u00f3n e Identificaci\u00f3n de Operaciones con Recursos de Procedencia Il\u00edcita (Ley antilavado)\u00a0se trata, acerca de los efectos negativos que \u00e9stas tienen para las organizaciones de la sociedad civil u asociaciones civiles, autorizadas o no, como donatarias para emitir recibos deducibles de impuestos.<\/p>\n<p>La propuesta de reforma hacendaria, como de la Ley Antilavado, tiene su antecedente desde 2007; a mediados de ese a\u00f1o en la gesti\u00f3n de Felipe Calder\u00f3n se intent\u00f3 eliminar los donativos deducibles de impuestos, y gravar los ingresos por los servicios que ofrecen las organizaciones civiles.<\/p>\n<p>Dos razones centrales de estas propuestas, que desde 2007 se vienen impulsando y que nuevamente en esta administraci\u00f3n de Enrique Pe\u00f1a Nieto se vuelven a asomar, tienen que ver con i) el peso pol\u00edtico y social que este tipo de organismos representa para los distintos niveles de gobierno, los Congresos locales y Federal, y ii) pero sustentado en el primero, se fincan en la desconfianza hacia las organizaciones civiles aduciendo que son organismos propensos al desv\u00edo de recursos, cooptaci\u00f3n, y financiamiento de campa\u00f1as pol\u00edticas.<\/p>\n<p>As\u00ed, la propuesta de reforma hacendaria sugiere poner l\u00edmites importantes a los donativos de personas f\u00edsicas y de personas morales, desincentivando las aportaciones de la poblaci\u00f3n a estos organismos civiles que, dicho sea de paso, han ganado terreno en la confianza de la gente, no por su \u201caltruismo\u201d, sino por el profesionalismo con el que hacen su trabajo y el impacto que tienen en la poblaci\u00f3n. Y precisamente por este punto es que se intenta debilitar a las organizaciones civiles, afectando un elemento importante como lo son sus finanzas, y no permitiendo que los ciudadanos tengan otras opciones donde invertir socialmente sus recursos con mayores certezas que las que les otorgan los gobiernos con su uso poco transparente.<\/p>\n<p>La nueva Ley Antilavado no debiera pasar el costo econ\u00f3mico a las organizaciones civiles por la falta de procedimientos efectivos que eviten la generaci\u00f3n de riquezas il\u00edcitas y la corrupci\u00f3n eterna al seno del sector gubernamental; quieren distraer la atenci\u00f3n incrementado las auditorias y acciones administrativas a las organizaciones civiles. Recu\u00e9rdese que las organizaciones civiles donatarias son auditadas anualmente por despacho externo certificado, presentan un informe anual de transparencia a la SHCP, realizan un informe anual de ingresos, egresos y resultados a la Secretar\u00eda de Desarrollo Social como organismo civil, pagan los impuestos retenidos de ISR e IVA, presentan declaraciones informativas mensuales y anuales ante el Sistema de Administraci\u00f3n Tributaria (SAT), y en algunos casos son auditados por despachos privados contratados por fundaciones nacionales o extranjeras que les donan recursos, y por si fuera poco presentan informes financieros y program\u00e1ticos semestrales a cada uno de los donantes importantes, sean fundaciones, empresas o gobiernos, y tienen la obligaci\u00f3n de manejar los recursos financieros en cuentas \u00fanicas para cada donante significativo.\u00a0 A\u00fan as\u00ed hay quien se atreve a decir que las organizaciones civiles no rendimos cuentas ni somos transparentes.<\/p>\n<p>Es innegable el peso pol\u00edtico y social que tiene este sector. Pero es importante reconocer que las organizaciones civiles de todo el pa\u00eds no han sido capaces de agruparse s\u00f3lidamente para ser un sector mucho m\u00e1s fuerte y de contrapeso, a pesar de su potencial. Entendible por la diversidad y pluralidad de expresiones civiles que existen lo que entra\u00f1a una dificultad para agrupar a todas bajo un mismo organismo.<\/p>\n<p>Cuando me refiero a lo pol\u00edtico no me refiero a lo electoral, sino al trabajo de hilvanar pol\u00edticas p\u00fablicas sustentadas en la realidad social, desde el consenso y no de la imposici\u00f3n, de construir junto con el otro para el bien del otro, y donde la formaci\u00f3n de sujetos sociales cr\u00edticos, conscientes y participativos es primordial.<\/p>\n<p>La desconfianza que se deja ver desde la Ley Antilavado de dinero por parte del Gobierno hacia las organizaciones civiles ofende, porque ya de por s\u00ed se sospecha del mal uso de sus recursos. En todo caso, deber\u00e1 aplicarse parejo para todo el aparato gubernamental que vive del presupuesto p\u00fablico. \u00bfNo son los pol\u00edticos de nuestro pa\u00eds acaso los que cuentan con inmunidad desde el fuero que se les otorga, viviendo a costa del presupuesto, con un p\u00e9simo desempe\u00f1o y sin pr\u00e1cticas transparentes ni rendici\u00f3n de cuentas que s\u00ed reclaman a sectores como el civil? \u00bfNo son los partidos pol\u00edticos qui\u00e9nes viven de los recursos de los ciudadanos y obtienen recursos de dudos\u00edsima procedencia para sus campa\u00f1as y actividades pol\u00edticas? \u00bfAcaso no existen infinidad de gobernadores, diputados, senadores, funcionarios p\u00fablicos que de la noche a la ma\u00f1ana acrecientan sus fortunas de manera irregular y que realizan declaraciones patrimoniales rid\u00edculas? \u00bfAcaso no est\u00e1 en proceso la nueva generaci\u00f3n de riquezas inexplicables de la nueva administraci\u00f3n y legislatura actuales?<\/p>\n<p>\u00bfO es qu\u00e9 debajo de estas reformas que presumen de atraer mejor recaudaci\u00f3n y control de los recursos financieros, no tiene de transfondo un debilitamiento de la organizaci\u00f3n civil cada vez m\u00e1s pujante y en contextos sociales donde es notorio un hartazgo social?<\/p>\n<p><em>*Fuentes Olivares. Es miembro de diversos organismos civiles de los estados de Oaxaca y M\u00e9xico. Consultor especialista en desarrollo social y en sistemas de evaluaci\u00f3n de impacto.<\/em><\/p>\n<p><a href=\"http:\/\/www.eloriente.net\/home\/wp-content\/uploads\/2013\/11\/Atribuci\u00f3n-Algunos-derechos-reservados-por-gerzo.gallardo-Escenarios-sillas-vac\u00edas.jpg\"><img loading=\"lazy\" decoding=\"async\" class=\"alignnone size-medium wp-image-17498\" src=\"http:\/\/www.eloriente.net\/home\/wp-content\/uploads\/2013\/11\/Atribuci\u00f3n-Algunos-derechos-reservados-por-gerzo.gallardo-Escenarios-sillas-vac\u00edas-300x200.jpg\" alt=\"\" width=\"300\" height=\"200\" srcset=\"http:\/\/www.eloriente.net\/home\/wp-content\/uploads\/2013\/11\/Atribuci\u00f3n-Algunos-derechos-reservados-por-gerzo.gallardo-Escenarios-sillas-vac\u00edas-300x200.jpg 300w, http:\/\/www.eloriente.net\/home\/wp-content\/uploads\/2013\/11\/Atribuci\u00f3n-Algunos-derechos-reservados-por-gerzo.gallardo-Escenarios-sillas-vac\u00edas.jpg 1024w\" sizes=\"(max-width: 300px) 100vw, 300px\" \/><\/a><\/p>\n<p>Foto:\u00a0<a href=\"http:\/\/creativecommons.org\/licenses\/by\/2.0\/\"><img decoding=\"async\" src=\"http:\/\/l.yimg.com\/g\/images\/cc_icon_attribution_small.gif\" alt=\"Atribuci\u00f3n\" border=\"0\" \/><\/a>\u00a0<a title=\"Attribution License\" href=\"http:\/\/creativecommons.org\/licenses\/by\/2.0\/\">Algunos derechos reservados<\/a>\u00a0por\u00a0<a href=\"http:\/\/www.flickr.com\/photos\/gerzo\/\">gerzo.gallardo<\/a><\/p>\n<p style=\"text-align: right\"><strong>Anteriores:<\/strong><\/p>\n<p><a title=\"Permalink to En Vivo: Debate sobre Reforma Energ\u00e9tica en el Senado (@SenadoresPRD)\" href=\"http:\/\/www.eloriente.net\/home\/2013\/11\/11\/en-vivo-debate-sobre-reforma-energetica-en-el-senado-senadoresprd\/\" rel=\"bookmark\">En Vivo: Debate sobre Reforma Energ\u00e9tica en el Senado (@SenadoresPRD)<\/a><\/p>\n<p><a href=\"http:\/\/www.eloriente.net\/home\/2013\/11\/11\/en-vivo-debate-sobre-reforma-energetica-en-el-senado-senadoresprd\/\" rel=\"bookmark\"><img decoding=\"async\" src=\"http:\/\/www.eloriente.net\/home\/wp-content\/themes\/city-desk\/timthumb.php?src=http%3A%2F%2Fwww.eloriente.net%2Fhome%2Fwp-content%2Fuploads%2F2013%2F10%2FDebate-Reforma-Energ%C3%A9tica.png&amp;q=90&amp;w=160&amp;h=106&amp;zc=1\" alt=\"En Vivo: Debate sobre Reforma Energ\u00e9tica en el Senado (@SenadoresPRD)\" \/><\/a><\/p>\n<p>eloriente.net Actualizaci\u00f3n 11 de noviembre de 2013 Este d\u00eda se efect\u00faa la clausura del Debate P\u00fablico de la Reforma Energ\u00e9tica organizados por la fracci\u00f3n parlamentaria del PRD en el Senado. Se espera la participaci\u00f3n de el Presidente de la Asociaci\u00f3n Mexicana de Empresarios Gasolineros, Pablo Gonz\u00e1lez C\u00f3rdova; de Mario Jos\u00e9 Galicia Y\u00e9pez, coordinador colegiado del [&#8230;]<\/p>\n<p>November 11, 2013<\/p>\n<div>\n<p><a title=\"Permalink to En el mundo, el fracking; aqu\u00ed ni una reforma\" href=\"http:\/\/www.eloriente.net\/home\/2013\/11\/09\/en-el-mundo-el-fracking-aqui-ni-una-reforma\/\" rel=\"bookmark\">En el mundo, el fracking; aqu\u00ed ni una reforma<\/a><\/p>\n<p><a href=\"http:\/\/www.eloriente.net\/home\/2013\/11\/09\/en-el-mundo-el-fracking-aqui-ni-una-reforma\/\" rel=\"bookmark\"><img decoding=\"async\" src=\"http:\/\/www.eloriente.net\/home\/wp-content\/themes\/city-desk\/timthumb.php?src=http%3A%2F%2Fwww.eloriente.net%2Fhome%2Fwp-content%2Fuploads%2F2013%2F09%2FBandera-M%C3%A9xico-httpcreativecommons.orglicensesby-sa2.0.jpg&amp;q=90&amp;w=160&amp;h=106&amp;zc=1\" alt=\"En el mundo, el fracking; aqu\u00ed ni una reforma\" \/><\/a>eloriente.net 9 de noviembre de 2013 Por: Adri\u00e1n Ortiz Romero + En el mundo, el fracking; aqu\u00ed ni una reforma + M\u00e9xico, tras una reforma que ya debi\u00f3 ocurrir Una vez que termine la discusi\u00f3n sobre el Presupuesto de Egresos para 2014, en M\u00e9xico vendr\u00e1n dos temas que son decisivos para la vida p\u00fablica, pero [&#8230;]<\/p>\n<p>November 9, 2013<\/p>\n<\/div>\n<div>\n<p><a title=\"Permalink to Inicia Semana Cultural de Educaci\u00f3n Media en Oaxaca 11\/Nov\/13\" href=\"http:\/\/www.eloriente.net\/home\/2013\/11\/08\/inicia-semana-cultural-de-educacion-media-en-oaxaca-11nov13\/\" rel=\"bookmark\">Inicia Semana Cultural de Educaci\u00f3n Media en Oaxaca 11\/Nov\/13<\/a><\/p>\n<p><a href=\"http:\/\/www.eloriente.net\/home\/2013\/11\/08\/inicia-semana-cultural-de-educacion-media-en-oaxaca-11nov13\/\" rel=\"bookmark\"><img decoding=\"async\" src=\"http:\/\/www.eloriente.net\/home\/wp-content\/themes\/city-desk\/timthumb.php?src=http%3A%2F%2Fwww.eloriente.net%2Fhome%2Fwp-content%2Fuploads%2F2013%2F11%2FUABJO-EDUCACION-MEDIA.jpg&amp;q=90&amp;w=160&amp;h=106&amp;zc=1\" alt=\"Inicia Semana Cultural de Educaci\u00f3n Media en Oaxaca 11\/Nov\/13\" \/><\/a>eloriente.net\/UABJO 8 de noviembre de 2013 Armando Mart\u00ednez Gonz\u00e1lez, titular de la Direcci\u00f3n General de Educaci\u00f3n Media Superior (DGEMS) de la Universidad Aut\u00f3noma \u201cBenito Ju\u00e1rez\u201d de Oaxaca (UABJO), inform\u00f3 que ya se encuentran preparados para el inicio de su Segunda Semana Cultural de las Escuelas Preparatorias, misma que dar\u00e1 inicio este lunes 11 de noviembre. [&#8230;]<\/p>\n<p>November 8, 2013<\/p>\n<\/div>\n<div><a title=\"Permalink to Comparte Editorial #06.11.13\" href=\"http:\/\/www.eloriente.net\/home\/2013\/11\/06\/comparte-editorial-06-11-13\/\" rel=\"bookmark\">Comparte Editorial #06.11.13<\/a><\/div>\n<div><\/div>\n<div><a href=\"http:\/\/www.eloriente.net\/home\/2013\/11\/06\/comparte-editorial-06-11-13\/\" rel=\"bookmark\"><img decoding=\"async\" src=\"http:\/\/www.eloriente.net\/home\/wp-content\/themes\/city-desk\/timthumb.php?src=http%3A%2F%2Fwww.eloriente.net%2Fhome%2Fwp-content%2Fuploads%2F2013%2F11%2FEditorial-061113-AfavordelImpuestoaComidaChatarra.png&amp;q=90&amp;w=160&amp;h=106&amp;zc=1\" alt=\"Comparte Editorial #06.11.13\" \/><\/a>eloriente.net 6 de noviembre de 2013 Comp\u00e1rtelo en Twitter: #AFavordelImpuestoaComidaChatarra 4 Orientes: PRIMERO: El Senado de la Rep\u00fablica hace algunos d\u00edas aprob\u00f3, entre otros, los impuestos especiales: Un peso por cada litro a las bebidas saborizadas que contengan cualquier tipo de az\u00facares a\u00f1adidas Tasa de 8% a la enajenaci\u00f3n e importaci\u00f3n de alimentos no b\u00e1sicos [&#8230;]<\/p>\n<p>November 6, 2013<\/p>\n<\/div>\n\n\t\t\t  <div \n\t\t\t  \tclass = \"fb-comments\" \n\t\t\t  \tdata-href = \"http:\/\/www.eloriente.net\/home\/2013\/11\/16\/reformas-estructurales-versus-organizaciones-civiles-saul-fuentes\/\"\n\t\t\t  \tdata-numposts = \"10\"\n\t\t\t\tdata-colorscheme = \"dark\"\n\t\t\t\tdata-order-by = \"social\"\n\t\t\t\tdata-mobile=true>\n\t\t\t  <\/div>\n\t\t  <style>\n\t\t\t.fb_iframe_widget_fluid_desktop iframe {\n\t\t\t    width: 100% !important;\n\t\t\t}\n\t\t  <\/style>\n\t\t  ","protected":false},"excerpt":{"rendered":"<p>eloriente.net\/HUBOAXACA 16 de noviembre de 2013 Por: Sa\u00fal Fuentes Olivares* Dice el refr\u00e1n que si el r\u00edo suena es porque agua lleva. Y parece que s\u00ed, cuando de las reformas propuestas en materia hacendaria y de la Ley Federal para la Prevenci\u00f3n e Identificaci\u00f3n de Operaciones con Recursos de Procedencia Il\u00edcita (Ley antilavado)\u00a0se trata, acerca [&hellip;]<\/p>\n","protected":false},"author":22,"featured_media":17498,"comment_status":"open","ping_status":"open","sticky":false,"template":"","format":"standard","meta":{"_jetpack_memberships_contains_paid_content":false,"footnotes":""},"categories":[11,22,82,10,21,31],"tags":[],"class_list":["post-17497","post","type-post","status-publish","format-standard","has-post-thumbnail","hentry","category-colaboradores","category-derechos-humanos","category-hub-oaxaca","category-lo-mas-reciente","category-politica-y-gobierno","category-principal"],"jetpack_featured_media_url":"http:\/\/www.eloriente.net\/home\/wp-content\/uploads\/2013\/11\/Atribuci\u00f3n-Algunos-derechos-reservados-por-gerzo.gallardo-Escenarios-sillas-vac\u00edas.jpg","jetpack_sharing_enabled":true,"_links":{"self":[{"href":"http:\/\/www.eloriente.net\/home\/wp-json\/wp\/v2\/posts\/17497"}],"collection":[{"href":"http:\/\/www.eloriente.net\/home\/wp-json\/wp\/v2\/posts"}],"about":[{"href":"http:\/\/www.eloriente.net\/home\/wp-json\/wp\/v2\/types\/post"}],"author":[{"embeddable":true,"href":"http:\/\/www.eloriente.net\/home\/wp-json\/wp\/v2\/users\/22"}],"replies":[{"embeddable":true,"href":"http:\/\/www.eloriente.net\/home\/wp-json\/wp\/v2\/comments?post=17497"}],"version-history":[{"count":1,"href":"http:\/\/www.eloriente.net\/home\/wp-json\/wp\/v2\/posts\/17497\/revisions"}],"predecessor-version":[{"id":17499,"href":"http:\/\/www.eloriente.net\/home\/wp-json\/wp\/v2\/posts\/17497\/revisions\/17499"}],"wp:featuredmedia":[{"embeddable":true,"href":"http:\/\/www.eloriente.net\/home\/wp-json\/wp\/v2\/media\/17498"}],"wp:attachment":[{"href":"http:\/\/www.eloriente.net\/home\/wp-json\/wp\/v2\/media?parent=17497"}],"wp:term":[{"taxonomy":"category","embeddable":true,"href":"http:\/\/www.eloriente.net\/home\/wp-json\/wp\/v2\/categories?post=17497"},{"taxonomy":"post_tag","embeddable":true,"href":"http:\/\/www.eloriente.net\/home\/wp-json\/wp\/v2\/tags?post=17497"}],"curies":[{"name":"wp","href":"https:\/\/api.w.org\/{rel}","templated":true}]}}