{"id":17513,"date":"2013-11-17T16:42:52","date_gmt":"2013-11-17T22:42:52","guid":{"rendered":"http:\/\/www.eloriente.net\/home\/?p=17513"},"modified":"2013-11-17T16:42:52","modified_gmt":"2013-11-17T22:42:52","slug":"17nov13-en-vivo-los-resultados-de-eleccion-presidencial-en-chile","status":"publish","type":"post","link":"http:\/\/www.eloriente.net\/home\/2013\/11\/17\/17nov13-en-vivo-los-resultados-de-eleccion-presidencial-en-chile\/","title":{"rendered":"17\/Nov\/13 En Vivo los resultados de Elecci\u00f3n Presidencial en Chile"},"content":{"rendered":"<p>eloriente.net<\/p>\n<p>17 de noviembre de 2013<\/p>\n<p>Este d\u00eda se efect\u00faan en Chile elecciones para cuatro categor\u00edas pol\u00edticas diferentes, algo in\u00e9dito en la historia del hermano pa\u00eds sudamericano: Presidencias, para el Senado, Diputados y Consejeros Regionales.<\/p>\n<p>Para seguir resultados oficial, da click <a href=\"http:\/\/www.eleccionservel.cl\/ELECCIONES2013\/vistaPaisPresidente\" target=\"_blank\">AQU\u00cd<\/a><\/p>\n<p>Quienes compiten por la presidencia son:<\/p>\n<p>Franco Parisi (Independiente)<\/p>\n<p>Marcel Claudel (Movimiento Todos a la Moneda y Partido Humanista)<\/p>\n<p>Ricardo Israel (PRI)<\/p>\n<p>Marco Enr\u00edquez-Ominami (PRO)<\/p>\n<p>Roxana Miranda (Partido Igualdad)<\/p>\n<p>Michelle Bachelet (Nueva Mayor\u00eda)<\/p>\n<p>Evelyn Matthei (Alianza)<\/p>\n<p>Alfredo Sfeir (Partido Ecologista Verde)<\/p>\n<p>Tom\u00e1s Jocelyn-Holt (Independiente)<\/p>\n<p>Los n\u00fameros previos a las elecciones prev\u00e9n un primero y segundo lugar entre Bachelet y Matthei; y un tercer lugar para Parisi.<\/p>\n<p>Enlace en vivo.<\/p>\n<p>Enlace Uno:<\/p>\n<p><iframe loading=\"lazy\" style=\"border: 0px none transparent;\" src=\"http:\/\/www.ustream.tv\/embed\/4870184?v=3&amp;wmode=direct\" frameborder=\"0\" scrolling=\"no\" width=\"480\" height=\"392\"><\/iframe><\/p>\n<p><a style=\"padding: 2px 0px 4px; width: 400px; background: #ffffff; display: block; color: #000000; font-weight: normal; font-size: 10px; text-decoration: underline; text-align: center;\" href=\"http:\/\/www.ustream.tv\/\" target=\"_blank\">Live streaming video by Ustream<\/a><\/p>\n<p>ENLACE DOS:<\/p>\n<p><a href=\"http:\/\/www.13.cl\/t13\/tu-decides\" target=\"_blank\">CANAL 13<\/a><\/p>\n<p>&nbsp;<\/p>\n<p><a href=\"http:\/\/www.eloriente.net\/home\/wp-content\/uploads\/2013\/11\/Bandera-Chile-Atribuci\u00f3n-Algunos-derechos-reservados-por-ShagyShugar.jpg\"><img loading=\"lazy\" decoding=\"async\" class=\"alignnone size-medium wp-image-17514\" title=\"Bandera Chile Atribuci\u00f3n Algunos derechos reservados por ShagyShugar\" src=\"http:\/\/www.eloriente.net\/home\/wp-content\/uploads\/2013\/11\/Bandera-Chile-Atribuci\u00f3n-Algunos-derechos-reservados-por-ShagyShugar-300x300.jpg\" alt=\"\" width=\"300\" height=\"300\" srcset=\"http:\/\/www.eloriente.net\/home\/wp-content\/uploads\/2013\/11\/Bandera-Chile-Atribuci\u00f3n-Algunos-derechos-reservados-por-ShagyShugar-300x300.jpg 300w, http:\/\/www.eloriente.net\/home\/wp-content\/uploads\/2013\/11\/Bandera-Chile-Atribuci\u00f3n-Algunos-derechos-reservados-por-ShagyShugar-150x150.jpg 150w, http:\/\/www.eloriente.net\/home\/wp-content\/uploads\/2013\/11\/Bandera-Chile-Atribuci\u00f3n-Algunos-derechos-reservados-por-ShagyShugar-50x50.jpg 50w, http:\/\/www.eloriente.net\/home\/wp-content\/uploads\/2013\/11\/Bandera-Chile-Atribuci\u00f3n-Algunos-derechos-reservados-por-ShagyShugar.jpg 612w\" sizes=\"(max-width: 300px) 100vw, 300px\" \/><\/a><\/p>\n<p>Foto: licencia CC\u00a0http:\/\/www.flickr.com\/photos\/estradamassera\/<br \/>\n<strong>Anteriores:<\/strong><\/p>\n<p><a title=\"Permalink to IFAI pide cuentas a los productores de \u201cPresunto culpable\u201d\" href=\"http:\/\/www.eloriente.net\/home\/2013\/11\/10\/ifai-pide-cuentas-a-los-productores-de-presunto-culpable\/\" rel=\"bookmark\">IFAI pide cuentas a los productores de \u201cPresunto culpable\u201d<\/a><\/p>\n<p><a href=\"http:\/\/www.eloriente.net\/home\/2013\/11\/10\/ifai-pide-cuentas-a-los-productores-de-presunto-culpable\/\" rel=\"bookmark\"><img decoding=\"async\" title=\"IFAI pide cuentas a los productores de \u201cPresunto culpable\u201d\" src=\"http:\/\/www.eloriente.net\/home\/wp-content\/themes\/city-desk\/timthumb.php?src=http%3A%2F%2Fwww.eloriente.net%2Fhome%2Fwp-content%2Fuploads%2F2013%2F11%2FPresunto-culpable-n22.jpg&amp;q=90&amp;w=160&amp;h=106&amp;zc=1\" alt=\"IFAI pide cuentas a los productores de \u201cPresunto culpable\u201d\" \/><\/a><\/p>\n<p>eloriente.net\/Agencia de Noticias de Canal 22 8 de noviembre de 2013 CIUDAD DE M\u00c9XICO, M\u00e9xico, (N22\/Redacci\u00f3n).-\u00a0El Instituto Mexicano de Cinematograf\u00eda (Imcine) deber\u00e1 buscar y dar a conocer el monto recaudado por la exhibici\u00f3n en el extranjero de la pel\u00edcula \u201cPresunto Culpable\u201d, as\u00ed como indicar los pa\u00edses en los que la cinta fue presentada. El Pleno [&#8230;]<\/p>\n<p>November 10, 2013<\/p>\n<div id=\"post-17359\">\n<p><a title=\"Permalink to Anuncia Tribunal \u2018unificaci\u00f3n\u2019 de legislaci\u00f3n para adolescentes\" href=\"http:\/\/www.eloriente.net\/home\/2013\/11\/06\/anuncia-tribunal-unificacion-de-legislacion-para-adolescentes\/\" rel=\"bookmark\">Anuncia Tribunal \u2018unificaci\u00f3n\u2019 de legislaci\u00f3n para adolescentes<\/a><\/p>\n<p><a href=\"http:\/\/www.eloriente.net\/home\/2013\/11\/06\/anuncia-tribunal-unificacion-de-legislacion-para-adolescentes\/\" rel=\"bookmark\"><img decoding=\"async\" title=\"Anuncia Tribunal \u2018unificaci\u00f3n\u2019 de legislaci\u00f3n para adolescentes\" src=\"http:\/\/www.eloriente.net\/home\/wp-content\/themes\/city-desk\/timthumb.php?src=http%3A%2F%2Fwww.eloriente.net%2Fhome%2Fwp-content%2Fuploads%2F2013%2F11%2FEl-magistrado-Alfredo-Lagunas-con-la-presidenta-del-Tribunal-Unitario-de-Justicia-para-Adolescentes-del-Estado-de-Morelos.jpg&amp;q=90&amp;w=160&amp;h=106&amp;zc=1\" alt=\"Anuncia Tribunal \u2018unificaci\u00f3n\u2019 de legislaci\u00f3n para adolescentes\" \/><\/a>eloriente.net\/TSJEO 6 de noviembre de 2013 En el desarrollo del Segundo Congreso Internacional de Justicia para Adolescentes realizado en el estado de Morelos, cuya primera edici\u00f3n se realiz\u00f3 en Oaxaca a iniciativa del Poder Judicial y su titular, magistrado Alfredo Lagunas Rivera, la Secretar\u00eda T\u00e9cnica del Consejo Coordinador para la Implementaci\u00f3n del Sistema de Justicia [&#8230;]<\/p>\n<p>November 6, 2013<\/p>\n<\/div>\n<div id=\"post-17208\">\n<p><a title=\"Permalink to Comparte Editorial #29.10.13 y dinos tus razones\" href=\"http:\/\/www.eloriente.net\/home\/2013\/10\/29\/comparte-editorial-29-10-13-y-dinos-tus-razones\/\" rel=\"bookmark\">Comparte Editorial #29.10.13 y dinos tus razones<\/a><\/p>\n<p><a href=\"http:\/\/www.eloriente.net\/home\/2013\/10\/29\/comparte-editorial-29-10-13-y-dinos-tus-razones\/\" rel=\"bookmark\"><img decoding=\"async\" title=\"Comparte Editorial #29.10.13 y dinos tus razones\" src=\"http:\/\/www.eloriente.net\/home\/wp-content\/themes\/city-desk\/timthumb.php?src=http%3A%2F%2Fwww.eloriente.net%2Fhome%2Fwp-content%2Fuploads%2F2013%2F10%2FEditorial-291013-MegustanlasfiestasdemuertosenOaxaca-eloriente.net-2-2.png&amp;q=90&amp;w=160&amp;h=106&amp;zc=1\" alt=\"Comparte Editorial #29.10.13 y dinos tus razones\" \/><\/a>eloriente.net 29 de octubre de 2013 Comp\u00e1rtelo en Twitter: #MeGustanLasFiestasdeMuertosEnOaxaca 4 Orientes: PRIMERO: Porque se trata de una de las tradiciones m\u00e1s antiguas de Mesoam\u00e9rica, compartida por un gran n\u00famero de pueblos ind\u00edgenas, entre los cuales se han identificado 41 espec\u00edficamente: amuzgos, atzincas, coras, cuicatecos, chatinos, chichimecas-jonaz, chinantecos, chocho-popolocas, choles, chontales de Oaxaca y Tabasco, [&#8230;]<\/p>\n<p>October 29, 2013<\/p>\n<\/div>\n\n\t\t\t  <div \n\t\t\t  \tclass = \"fb-comments\" \n\t\t\t  \tdata-href = \"http:\/\/www.eloriente.net\/home\/2013\/11\/17\/17nov13-en-vivo-los-resultados-de-eleccion-presidencial-en-chile\/\"\n\t\t\t  \tdata-numposts = \"10\"\n\t\t\t\tdata-colorscheme = \"dark\"\n\t\t\t\tdata-order-by = \"social\"\n\t\t\t\tdata-mobile=true>\n\t\t\t  <\/div>\n\t\t  <style>\n\t\t\t.fb_iframe_widget_fluid_desktop iframe {\n\t\t\t    width: 100% !important;\n\t\t\t}\n\t\t  <\/style>\n\t\t  ","protected":false},"excerpt":{"rendered":"<p>eloriente.net 17 de noviembre de 2013 Este d\u00eda se efect\u00faan en Chile elecciones para cuatro categor\u00edas pol\u00edticas diferentes, algo in\u00e9dito en la historia del hermano pa\u00eds sudamericano: Presidencias, para el Senado, Diputados y Consejeros Regionales. Para seguir resultados oficial, da click AQU\u00cd Quienes compiten por la presidencia son: Franco Parisi (Independiente) Marcel Claudel (Movimiento Todos [&hellip;]<\/p>\n","protected":false},"author":1,"featured_media":17514,"comment_status":"open","ping_status":"open","sticky":false,"template":"","format":"standard","meta":{"_jetpack_memberships_contains_paid_content":false,"footnotes":""},"categories":[4,71,32,13,24,21],"tags":[],"class_list":["post-17513","post","type-post","status-publish","format-standard","has-post-thumbnail","hentry","category-canal-2-en-vivo","category-elecciones","category-entradas","category-especiales","category-mexico-y-el-mundo","category-politica-y-gobierno"],"jetpack_featured_media_url":"http:\/\/www.eloriente.net\/home\/wp-content\/uploads\/2013\/11\/Bandera-Chile-Atribuci\u00f3n-Algunos-derechos-reservados-por-ShagyShugar.jpg","jetpack_sharing_enabled":true,"_links":{"self":[{"href":"http:\/\/www.eloriente.net\/home\/wp-json\/wp\/v2\/posts\/17513"}],"collection":[{"href":"http:\/\/www.eloriente.net\/home\/wp-json\/wp\/v2\/posts"}],"about":[{"href":"http:\/\/www.eloriente.net\/home\/wp-json\/wp\/v2\/types\/post"}],"author":[{"embeddable":true,"href":"http:\/\/www.eloriente.net\/home\/wp-json\/wp\/v2\/users\/1"}],"replies":[{"embeddable":true,"href":"http:\/\/www.eloriente.net\/home\/wp-json\/wp\/v2\/comments?post=17513"}],"version-history":[{"count":1,"href":"http:\/\/www.eloriente.net\/home\/wp-json\/wp\/v2\/posts\/17513\/revisions"}],"predecessor-version":[{"id":17515,"href":"http:\/\/www.eloriente.net\/home\/wp-json\/wp\/v2\/posts\/17513\/revisions\/17515"}],"wp:featuredmedia":[{"embeddable":true,"href":"http:\/\/www.eloriente.net\/home\/wp-json\/wp\/v2\/media\/17514"}],"wp:attachment":[{"href":"http:\/\/www.eloriente.net\/home\/wp-json\/wp\/v2\/media?parent=17513"}],"wp:term":[{"taxonomy":"category","embeddable":true,"href":"http:\/\/www.eloriente.net\/home\/wp-json\/wp\/v2\/categories?post=17513"},{"taxonomy":"post_tag","embeddable":true,"href":"http:\/\/www.eloriente.net\/home\/wp-json\/wp\/v2\/tags?post=17513"}],"curies":[{"name":"wp","href":"https:\/\/api.w.org\/{rel}","templated":true}]}}