{"id":17518,"date":"2013-11-18T00:14:41","date_gmt":"2013-11-18T06:14:41","guid":{"rendered":"http:\/\/www.eloriente.net\/home\/?p=17518"},"modified":"2013-11-17T21:19:27","modified_gmt":"2013-11-18T03:19:27","slug":"magdalena","status":"publish","type":"post","link":"http:\/\/www.eloriente.net\/home\/2013\/11\/18\/magdalena\/","title":{"rendered":"Magdalena"},"content":{"rendered":"<p>eloriente.net<\/p>\n<p>18 de noviembre de 2013<\/p>\n<p style=\"text-align: right\">Por: <a href=\"http:\/\/www.eloriente.net\/home\/category\/colaboradores\/omar-alejandro-angel\/\" target=\"_blank\">Omar Alejandro \u00c1ngel<\/a><\/p>\n<p align=\"center\"><strong>MAGDALENA<\/strong><\/p>\n<p align=\"right\"><em>A Magdalena Lascours<\/em><\/p>\n<p>Siempre, sin duda, supe, supimos, que era ella, \u00e9ramos, necesariamente, juntos, solos, nosotros. Hoy, que despierto, sin ella, si, en realidad, la tuve, nos tuvimos, con el fr\u00edo, recuerdo, de su ausencia, me maravillo, est\u00fapidamente, como por vez primera, de que tuviese, en la piel, precisamente, en el sitio de los ojos, dos agujeros. Aunque, seguramente, me marravilla, ahora, recordando, que fuera eso, no otra cosa. No sus asim\u00e9tricas, sutiles, acres, y pecosas, infantiles, seducciones. Ten\u00eda, porque me consta, porque as\u00ed quiero, recordarlo, la piel, tan peque\u00f1a, tan jovial, que, c\u00f3mo decirlo, le quedaba, en sensuales, rojizos, tonos, peque\u00f1a a los huesos. Pareciera que, m\u00e1gicamente, su cuerpo, todo, fuera unitario, indivisible. Y, hoy, despierto, sin ella, pienso, recuerdo. Comprendo, lo que me gusta, desde siempre, de las mujeres, de aquellas m\u00e1s altas que yo, lo cual es f\u00e1cil, radica, buen mal clich\u00e9, en la belleza, la extensi\u00f3n, amplia, despejada, de la piel, incitando habitarlas. Magdalena, me recuerda, me hace pensar, al llanto, al recuerdo mismo. Si bien, sacramente, su nombre, exige, llanto, dolor, no indica el modo. Recuerdo, curioso, la aparici\u00f3n, en la multitud, de ese rostro, su rostro, y, en la piel, en el sitio de los ojos, dos agujeros, p\u00e9talos en una rama, oscura, h\u00fameda, partes de mujer, seductoras, incansables. Ahora, despierto, veo, sobre la mesa, entre destellos, esos ojos, de pureza y salvajismo, que, recuerdo, son sus ojos. Con el aroma, que bebo, su cuerpo, habitado, regresa, sus devaneos, exploraciones de nuestros cuerpos, vuelven, se van. Ayer. Aqu\u00ed no, es tarde, salgamos, lindo tu lugar, peque\u00f1o, ampl\u00eda, aqu\u00ed dentro, te tocabas el pecho, queriendo llegar, no s\u00e9 a donde, al coraz\u00f3n, me libera. Tus ojos, l\u00e1nguidos, rodeados, de pecas, por mi, aterrados, lo que duraba, el silencio, dec\u00edan, mis manos, insolentes, actuaron, antes, tan pronto, del pensamiento, que, para cuando, ingenuos, nos dimos cuenta, pasado. Tan peque\u00f1a, rojiza, unas veces rosa, otras blanca, tu piel, sus poros, dec\u00edan, en silencio, acompasados, a la m\u00eda, a los m\u00edos, que pasaran, pasaras, as\u00ed, despacio, en silencio, sin duda, supe, supimos, que eras ella, \u00e9ramos, necesariamente, juntos, solos, nosotros. Impensable profanarte, de suceder, como all\u00ed, tocarte, sentirte, habitarte en m\u00ed, ser\u00edan, como, al o\u00eddo, te dec\u00eda, los sauces, a\u00fan no vistos. Supe, por tu boca, tu cuerpo, que el m\u00edo, sus partes, responden, con ella, contigo, una a una. Lamerte, labios, piernas, vientre, permite, sincera, la entrega, besarte, boca, brazos, ojos, tus ojos, por donde, ahora, \u00e9se ahora, lloras. Tu nombre, divino, condena al acto, nosotros, leoninos, fugaces, al motivo. Lloras, Magdalena. Trenzas, entre seda, tu cabello. En susurros, cuidado, te digo, la contemplaci\u00f3n, la verdadera, embriaga a las curvaturas que, sin exigirlo, dan. Hundimos, en la piel, en su sitio, con las u\u00f1as, donde, pl\u00e1cidamente, los poros, las entra\u00f1as, aterrizan, h\u00famedos, inhumanos, insaciables. Lloras, Magdalena. Cae, pr\u00f3fugo, profano, a gotas, de ti, de mi, el certero anhelo. Lloras, conmigo, Magdalena, en mi. Hoy. Sin ella, si, en realidad, la tuve, nos tuvimos, con el fr\u00edo, ahora, solo, en dos por dos, esas, sus piernas, ayer, asfixiantes, se van, irremediables, como, con el aroma, que bebo, su cuerpo, sus ojos y, recuerdo, comprendo, que la nuestra, la \u00fanica, herencia, era, siempre, sin duda, una red, infinita, de agujeros.<\/p>\n<p><a href=\"http:\/\/www.eloriente.net\/home\/wp-content\/uploads\/2013\/11\/Atribucio\u0301n-Algunos-derechos-reservados-por-Ignorant-Walking-Horizonte.jpg\"><img loading=\"lazy\" decoding=\"async\" class=\"alignnone size-medium wp-image-17285\" src=\"http:\/\/www.eloriente.net\/home\/wp-content\/uploads\/2013\/11\/Atribucio\u0301n-Algunos-derechos-reservados-por-Ignorant-Walking-Horizonte-300x225.jpg\" alt=\"\" width=\"300\" height=\"225\" srcset=\"http:\/\/www.eloriente.net\/home\/wp-content\/uploads\/2013\/11\/Atribucio\u0301n-Algunos-derechos-reservados-por-Ignorant-Walking-Horizonte-300x225.jpg 300w, http:\/\/www.eloriente.net\/home\/wp-content\/uploads\/2013\/11\/Atribucio\u0301n-Algunos-derechos-reservados-por-Ignorant-Walking-Horizonte-1024x768.jpg 1024w, http:\/\/www.eloriente.net\/home\/wp-content\/uploads\/2013\/11\/Atribucio\u0301n-Algunos-derechos-reservados-por-Ignorant-Walking-Horizonte.jpg 1280w\" sizes=\"(max-width: 300px) 100vw, 300px\" \/><\/a><\/p>\n<p>Foto:\u00a0Atribucio\u0301n Algunos derechos reservados por Ignorant Walking<\/p>\n<p style=\"text-align: right\"><strong>\u00a0Anteriores:<\/strong><\/p>\n<p>L<a title=\"Permalink to Luis Goytisolo es galardonado con Premio Nacional de las Letras Espa\u00f1olas\" href=\"http:\/\/www.eloriente.net\/home\/2013\/11\/14\/luis-goytisolo-es-galardonado-con-premio-nacional-de-las-letras-espanolas\/\" rel=\"bookmark\">uis Goytisolo es galardonado con Premio Nacional de las Letras Espa\u00f1olas<\/a><\/p>\n<p><a href=\"http:\/\/www.eloriente.net\/home\/2013\/11\/14\/luis-goytisolo-es-galardonado-con-premio-nacional-de-las-letras-espanolas\/\" rel=\"bookmark\"><img decoding=\"async\" src=\"http:\/\/www.eloriente.net\/home\/wp-content\/themes\/city-desk\/timthumb.php?src=http%3A%2F%2Fwww.eloriente.net%2Fhome%2Fwp-content%2Fuploads%2F2013%2F11%2Fgoytisolo_1-n22.jpg&amp;q=90&amp;w=160&amp;h=106&amp;zc=1\" alt=\"Luis Goytisolo es galardonado con Premio Nacional de las Letras Espa\u00f1olas\" \/><\/a><\/p>\n<p>eloriente.net\/Agencia de Noticias de Canal 22 14 de noviembre de 2013 MADRID, Espa\u00f1a, (N22\/AFP).- El escritor Luis Goytisolo, autor de t\u00edtulos como la tetralog\u00eda Antagon\u00eda, ambientada en la Espa\u00f1a de la transici\u00f3n democr\u00e1tica, fue galardonado este jueves con el Premio Nacional de las Letras Espa\u00f1olas, anunci\u00f3 el ministerio de Cultura, Educaci\u00f3n y Deportes espa\u00f1ol. El [&#8230;]<\/p>\n<p>November 14, 2013<\/p>\n<div>\n<p><a title=\"Permalink to Todo El Concierto: Ennio Morricone en la Arena de Verona, en Canal 3 @El_Oriente\" href=\"http:\/\/www.eloriente.net\/home\/2013\/11\/09\/todo-el-concierto-ennio-morricone-en-la-arena-de-verona-en-canal-3-el_oriente\/\" rel=\"bookmark\">Todo El Concierto: Ennio Morricone en la Arena de Verona, en Canal 3 @El_Oriente<\/a><\/p>\n<p><a href=\"http:\/\/www.eloriente.net\/home\/2013\/11\/09\/todo-el-concierto-ennio-morricone-en-la-arena-de-verona-en-canal-3-el_oriente\/\" rel=\"bookmark\"><img decoding=\"async\" src=\"http:\/\/www.eloriente.net\/home\/wp-content\/themes\/city-desk\/timthumb.php?src=http%3A%2F%2Fwww.eloriente.net%2Fhome%2Fwp-content%2Fuploads%2F2013%2F11%2F%40EnnioMorricone.jpg&amp;q=90&amp;w=160&amp;h=106&amp;zc=1\" alt=\"Todo El Concierto: Ennio Morricone en la Arena de Verona, en Canal 3 @El_Oriente\" \/><\/a>eloriente.net 9 de noviembre de 2013 Por: Roy Solana, Editor de Artes En vista de que l@s lector@s de ELORIENTE.NET son tan afectos a la m\u00fasica y al arte (una prueba es el gran n\u00famero de visitas que han tenido los videos de la serie: La historia detr\u00e1s de la canci\u00f3n), hemos decido reavivar la [&#8230;]<\/p>\n<p>November 9, 2013<\/p>\n<\/div>\n<div>\n<p><a title=\"Permalink to El problema de la educaci\u00f3n va de la mano con el de la cultura: Garc\u00eda Bergua\" href=\"http:\/\/www.eloriente.net\/home\/2013\/11\/06\/el-problema-de-la-educacion-va-de-la-mano-con-el-de-la-cultura-garcia-bergua\/\" rel=\"bookmark\">El problema de la educaci\u00f3n va de la mano con el de la cultura: Garc\u00eda Bergua<\/a><\/p>\n<p><a href=\"http:\/\/www.eloriente.net\/home\/2013\/11\/06\/el-problema-de-la-educacion-va-de-la-mano-con-el-de-la-cultura-garcia-bergua\/\" rel=\"bookmark\"><img decoding=\"async\" src=\"http:\/\/www.eloriente.net\/home\/wp-content\/themes\/city-desk\/timthumb.php?src=http%3A%2F%2Fwww.eloriente.net%2Fhome%2Fwp-content%2Fuploads%2F2013%2F11%2Fgarc%C3%ADa-bergua-n22.jpg&amp;q=90&amp;w=160&amp;h=106&amp;zc=1\" alt=\"El problema de la educaci\u00f3n va de la mano con el de la cultura: Garc\u00eda Bergua\" \/><\/a>eloriente.net\/Agencia de Noticias de Canal 22 6 de noviembre de 2013 Por:\u00a0Alizbeth Mercado\u00a0@alizbeat CIUDAD DE M\u00c9XICO, M\u00e9xico, (N22).-\u00a0Pienso que sigue siendo necesario apoyar a los creadores, a los j\u00f3venes y es necesario el sistema de becas, porque no tenemos un sistema que haya creado p\u00fablicos que sostengan ese trabajo. De alguna manera si quitas lo [&#8230;]<\/p>\n<p>November 6, 2013<\/p>\n<\/div>\n<div>\n<p><a title=\"Permalink to 8\/Nov Abre Feria Internacional del Libro Infantil y Juvenil con tema: \u2018recomposici\u00f3n del tejido social\u2019\" href=\"http:\/\/www.eloriente.net\/home\/2013\/11\/05\/8nov-abre-feria-internacional-del-libro-infantil-y-juvenil-con-tema-recomposicion-del-tejido-social\/\" rel=\"bookmark\">8\/Nov Abre Feria Internacional del Libro Infantil y Juvenil con tema: \u2018recomposici\u00f3n del tejido social\u2019<\/a><\/p>\n<p><a href=\"http:\/\/www.eloriente.net\/home\/2013\/11\/05\/8nov-abre-feria-internacional-del-libro-infantil-y-juvenil-con-tema-recomposicion-del-tejido-social\/\" rel=\"bookmark\"><img decoding=\"async\" src=\"http:\/\/www.eloriente.net\/home\/wp-content\/themes\/city-desk\/timthumb.php?src=http%3A%2F%2Fwww.eloriente.net%2Fhome%2Fwp-content%2Fuploads%2F2013%2F11%2FAtribucio%CC%81n-Algunos-derechos-reservados-por-jorgemejia-LIBROS.jpg&amp;q=90&amp;w=160&amp;h=106&amp;zc=1\" alt=\"8\/Nov Abre Feria Internacional del Libro Infantil y Juvenil con tema: \u2018recomposici\u00f3n del tejido social\u2019\" \/><\/a>eloriente.net\/CONACULTA 4 de noviembre de 2013 En el encuentro se realizar\u00e1 el 16 Seminario Internacional de Fomento de la Lectura, con destacados especialistas de Argentina, Brasil, Canad\u00e1, Colombia, Espa\u00f1a, Estados Unidos, Francia y M\u00e9xico Habr\u00e1 actividades en honor a reconocidos personajes de la cultura mexicana como Mireya Cueto y Jorge Ibarg\u00fcengoitia Se instalar\u00e1 una segunda [&#8230;]<\/p>\n<p>November 5, 2013<\/p>\n<\/div>\n<p>&nbsp;<\/p>\n\n\t\t\t  <div \n\t\t\t  \tclass = \"fb-comments\" \n\t\t\t  \tdata-href = \"http:\/\/www.eloriente.net\/home\/2013\/11\/18\/magdalena\/\"\n\t\t\t  \tdata-numposts = \"10\"\n\t\t\t\tdata-colorscheme = \"dark\"\n\t\t\t\tdata-order-by = \"social\"\n\t\t\t\tdata-mobile=true>\n\t\t\t  <\/div>\n\t\t  <style>\n\t\t\t.fb_iframe_widget_fluid_desktop iframe {\n\t\t\t    width: 100% !important;\n\t\t\t}\n\t\t  <\/style>\n\t\t  ","protected":false},"excerpt":{"rendered":"<p>eloriente.net 18 de noviembre de 2013 Por: Omar Alejandro \u00c1ngel MAGDALENA A Magdalena Lascours Siempre, sin duda, supe, supimos, que era ella, \u00e9ramos, necesariamente, juntos, solos, nosotros. Hoy, que despierto, sin ella, si, en realidad, la tuve, nos tuvimos, con el fr\u00edo, recuerdo, de su ausencia, me maravillo, est\u00fapidamente, como por vez primera, de que [&hellip;]<\/p>\n","protected":false},"author":14,"featured_media":17285,"comment_status":"open","ping_status":"open","sticky":false,"template":"","format":"standard","meta":{"_jetpack_memberships_contains_paid_content":false,"footnotes":""},"categories":[11,32,10,57],"tags":[],"class_list":["post-17518","post","type-post","status-publish","format-standard","has-post-thumbnail","hentry","category-colaboradores","category-entradas","category-lo-mas-reciente","category-omar-alejandro-angel"],"jetpack_featured_media_url":"http:\/\/www.eloriente.net\/home\/wp-content\/uploads\/2013\/11\/Atribucio\u0301n-Algunos-derechos-reservados-por-Ignorant-Walking-Horizonte.jpg","jetpack_sharing_enabled":true,"_links":{"self":[{"href":"http:\/\/www.eloriente.net\/home\/wp-json\/wp\/v2\/posts\/17518"}],"collection":[{"href":"http:\/\/www.eloriente.net\/home\/wp-json\/wp\/v2\/posts"}],"about":[{"href":"http:\/\/www.eloriente.net\/home\/wp-json\/wp\/v2\/types\/post"}],"author":[{"embeddable":true,"href":"http:\/\/www.eloriente.net\/home\/wp-json\/wp\/v2\/users\/14"}],"replies":[{"embeddable":true,"href":"http:\/\/www.eloriente.net\/home\/wp-json\/wp\/v2\/comments?post=17518"}],"version-history":[{"count":1,"href":"http:\/\/www.eloriente.net\/home\/wp-json\/wp\/v2\/posts\/17518\/revisions"}],"predecessor-version":[{"id":17519,"href":"http:\/\/www.eloriente.net\/home\/wp-json\/wp\/v2\/posts\/17518\/revisions\/17519"}],"wp:featuredmedia":[{"embeddable":true,"href":"http:\/\/www.eloriente.net\/home\/wp-json\/wp\/v2\/media\/17285"}],"wp:attachment":[{"href":"http:\/\/www.eloriente.net\/home\/wp-json\/wp\/v2\/media?parent=17518"}],"wp:term":[{"taxonomy":"category","embeddable":true,"href":"http:\/\/www.eloriente.net\/home\/wp-json\/wp\/v2\/categories?post=17518"},{"taxonomy":"post_tag","embeddable":true,"href":"http:\/\/www.eloriente.net\/home\/wp-json\/wp\/v2\/tags?post=17518"}],"curies":[{"name":"wp","href":"https:\/\/api.w.org\/{rel}","templated":true}]}}