{"id":17544,"date":"2013-11-20T10:04:01","date_gmt":"2013-11-20T16:04:01","guid":{"rendered":"http:\/\/www.eloriente.net\/home\/?p=17544"},"modified":"2013-11-21T10:26:16","modified_gmt":"2013-11-21T16:26:16","slug":"20-22nov13-930-en-vivo-seminario-leer-en-la-universidad-desde-iibi-unam","status":"publish","type":"post","link":"http:\/\/www.eloriente.net\/home\/2013\/11\/20\/20-22nov13-930-en-vivo-seminario-leer-en-la-universidad-desde-iibi-unam\/","title":{"rendered":"20-22\/Nov\/13 9:30 En Vivo: Seminario Leer en la Universidad desde IIBI-UNAM"},"content":{"rendered":"<p>eloriente.net\/Instituto de Investigaciones Bibliotecol\u00f3gicas y de la Informaci\u00f3n (IIBI)<\/p>\n<p>20 de noviembre de 2013<\/p>\n<p>ELORIENTE.NET enlaza la se\u00f1al en vivo de un Seminario de primera importancia para el pa\u00eds, pues pretende discutir los desaf\u00edos de la educaci\u00f3n superior en particular en la formaci\u00f3n y promoci\u00f3n de la lectura y la alfabetizaci\u00f3n informacional.<\/p>\n<p>Los d\u00edas de transmisi\u00f3n son 20, 21 y 22 de noviembre. El d\u00eda 20 comienza a las 9:30 la sesi\u00f3n inaugural para de all\u00ed dar paso a la Conferencia Magistral \u00abEscribir y leer, leer y escribir, del preescolar al posgrado\u00bb, del maestro Felipe Garrido. Luego, se considera un intenso programa de ponencias.<\/p>\n<p>Para el jueves 21, Juan Domingo Arg\u00fcelles, el maestro de la Universidad Iberoamericana, imparte conferencia magistral \u00abPor una universidad lectora\u00bb, a las 9:30, y luego ponencias de primer nivel tambi\u00e9n son programadas.<\/p>\n<p>Finalmente el viernes, \u00abLa Formaci\u00f3n de bibliotecarios como formadores de lectores y escritores\u00bb, es el tema de conferencia magistral de Didier \u00c1lvarez Zapata, de la Escuela Interamericana de Bibliotecolog\u00eda, Universidad de Antioqu\u00eda, Colombia.<\/p>\n<p>A continuaci\u00f3n la se\u00f1al de IIBI, agradeciendo de antemano la posibilidad de compartirla:<br \/>\n<iframe loading=\"lazy\" style=\"border: 0; outline: 0;\" src=\"http:\/\/cdn.livestream.com\/embed\/iibiunam?layout=4&amp;height=340&amp;width=560&amp;autoplay=false\" frameborder=\"0\" scrolling=\"no\" width=\"560\" height=\"340\"><\/iframe><\/p>\n<div style=\"font-size: 11px; padding-top: 10px; text-align: center; width: 560px;\">Watch <a title=\"live streaming video\" href=\"http:\/\/www.livestream.com\/?utm_source=lsplayer&amp;utm_medium=embed&amp;utm_campaign=footerlinks\">live streaming video<\/a> from <a title=\"Watch iibiunam at livestream.com\" href=\"http:\/\/www.livestream.com\/iibiunam?utm_source=lsplayer&amp;utm_medium=embed&amp;utm_campaign=footerlinks\">iibiunam<\/a> at livestream.com<\/div>\n<p><a style=\"padding: 2px 0px 4px; width: 400px; background: #ffffff; display: block; color: #000000; font-weight: normal; font-size: 10px; text-decoration: underline; text-align: center;\" href=\"http:\/\/www.ustream.tv\/\" target=\"_blank\">Live streaming video by Ustream<\/a><\/p>\n<p>Para consultar el PROGRAMA COMPLETO, <a href=\"http:\/\/iibi.unam.mx\/f\/seminario_leer_en_la_universidad.pdf\" target=\"_blank\">DA CLICK AQU\u00cd<\/a><\/p>\n<p><a href=\"http:\/\/www.eloriente.net\/home\/wp-content\/uploads\/2013\/11\/cartel_seminario_leer_en_la_universidad.jpg\"><img loading=\"lazy\" decoding=\"async\" class=\"alignnone size-medium wp-image-17545\" title=\"cartel_seminario_leer_en_la_universidad\" src=\"http:\/\/www.eloriente.net\/home\/wp-content\/uploads\/2013\/11\/cartel_seminario_leer_en_la_universidad-195x300.jpg\" alt=\"\" width=\"195\" height=\"300\" srcset=\"http:\/\/www.eloriente.net\/home\/wp-content\/uploads\/2013\/11\/cartel_seminario_leer_en_la_universidad-195x300.jpg 195w, http:\/\/www.eloriente.net\/home\/wp-content\/uploads\/2013\/11\/cartel_seminario_leer_en_la_universidad-666x1024.jpg 666w, http:\/\/www.eloriente.net\/home\/wp-content\/uploads\/2013\/11\/cartel_seminario_leer_en_la_universidad-1024x1572.jpg 1024w\" sizes=\"(max-width: 195px) 100vw, 195px\" \/><\/a><\/p>\n<p style=\"text-align: right;\"><strong>Anteriores:<\/strong><\/p>\n<div id=\"post-17497\">\n<p><a title=\"Permalink to Reformas estructurales versus organizaciones civiles: Sa\u00fal Fuentes\" href=\"http:\/\/www.eloriente.net\/home\/2013\/11\/16\/reformas-estructurales-versus-organizaciones-civiles-saul-fuentes\/\" rel=\"bookmark\">Reformas estructurales versus organizaciones civiles: Sa\u00fal Fuentes<\/a><\/p>\n<p><a href=\"http:\/\/www.eloriente.net\/home\/2013\/11\/16\/reformas-estructurales-versus-organizaciones-civiles-saul-fuentes\/\" rel=\"bookmark\"><img decoding=\"async\" title=\"Reformas estructurales versus organizaciones civiles: Sa\u00fal Fuentes\" src=\"http:\/\/www.eloriente.net\/home\/wp-content\/themes\/city-desk\/timthumb.php?src=http%3A%2F%2Fwww.eloriente.net%2Fhome%2Fwp-content%2Fuploads%2F2013%2F11%2FAtribuci%C3%B3n-Algunos-derechos-reservados-por-gerzo.gallardo-Escenarios-sillas-vac%C3%ADas.jpg&amp;q=90&amp;w=160&amp;h=106&amp;zc=1\" alt=\"Reformas estructurales versus organizaciones civiles: Sa\u00fal Fuentes\" \/><\/a>eloriente.net\/HUBOAXACA 16 de noviembre de 2013 Por: Sa\u00fal Fuentes Olivares* Dice el refr\u00e1n que si el r\u00edo suena es porque agua lleva. Y parece que s\u00ed, cuando de las reformas propuestas en materia hacendaria y de la Ley Federal para la Prevenci\u00f3n e Identificaci\u00f3n de Operaciones con Recursos de Procedencia Il\u00edcita (Ley antilavado)\u00a0se trata, acerca [&#8230;]<\/p>\n<p>November 16, 2013<\/p>\n<\/div>\n<div id=\"post-17480\">\n<p><a title=\"Permalink to Escucha a El\u00ed P\u00e9rez Matos, Carlos Luis Valle, Alejandra Larra\u00f1aga y m\u00e1s en Todo Oaxaca Radio 12\/Nov\/13\" href=\"http:\/\/www.eloriente.net\/home\/2013\/11\/15\/escucha-a-eli-perez-matos-carlos-luis-valle-alejandra-larranaga-y-mas-en-todo-oaxaca-radio-12nov13\/\" rel=\"bookmark\">Escucha a El\u00ed P\u00e9rez Matos, Carlos Luis Valle, Alejandra Larra\u00f1aga y m\u00e1s en Todo Oaxaca Radio 12\/Nov\/13<\/a><\/p>\n<p><a href=\"http:\/\/www.eloriente.net\/home\/2013\/11\/15\/escucha-a-eli-perez-matos-carlos-luis-valle-alejandra-larranaga-y-mas-en-todo-oaxaca-radio-12nov13\/\" rel=\"bookmark\"><img decoding=\"async\" title=\"Escucha a El\u00ed P\u00e9rez Matos, Carlos Luis Valle, Alejandra Larra\u00f1aga y m\u00e1s en Todo Oaxaca Radio 12\/Nov\/13\" src=\"http:\/\/www.eloriente.net\/home\/wp-content\/themes\/city-desk\/timthumb.php?src=http%3A%2F%2Fwww.eloriente.net%2Fhome%2Fwp-content%2Fuploads%2F2013%2F11%2FEl%C3%AD-P%C3%A9rez-Matos-121113.jpg&amp;q=90&amp;w=160&amp;h=106&amp;zc=1\" alt=\"Escucha a El\u00ed P\u00e9rez Matos, Carlos Luis Valle, Alejandra Larra\u00f1aga y m\u00e1s en Todo Oaxaca Radio 12\/Nov\/13\" \/><\/a>todooaxacaradio.com 12 de noviembre de 2013 Como cada martes, a las 17:00, Todo Oaxaca Radio se transmiti\u00f3 ayer completamente en vivo desde la Ciudad de Oaxaca de Ju\u00e1rez, a trav\u00e9s de las frecuencias abiertas 570AM y 94.9FM, y para todo el mundo a trav\u00e9s de www.todooaxacaradio.com. El programa es conducido por Rub\u00e9n Vasconcelos Beltr\u00e1n, Cronista [&#8230;]<\/p>\n<p>November 15, 2013<\/p>\n<\/div>\n<div id=\"post-17477\">\n<p><a title=\"Permalink to 17\/Nov\/13 19:00 M\u00e9xico Exporta abre en el MUFI\" href=\"http:\/\/www.eloriente.net\/home\/2013\/11\/15\/17nov13-1900-mexico-exporta-abre-en-el-mufi\/\" rel=\"bookmark\">17\/Nov\/13 19:00 M\u00e9xico Exporta abre en el MUFI<\/a><\/p>\n<p><a href=\"http:\/\/www.eloriente.net\/home\/2013\/11\/15\/17nov13-1900-mexico-exporta-abre-en-el-mufi\/\" rel=\"bookmark\"><img decoding=\"async\" title=\"17\/Nov\/13 19:00 M\u00e9xico Exporta abre en el MUFI\" src=\"http:\/\/www.eloriente.net\/home\/wp-content\/themes\/city-desk\/timthumb.php?src=http%3A%2F%2Fwww.eloriente.net%2Fhome%2Fwp-content%2Fuploads%2F2013%2F11%2FPromo-Mex-Esporta001.jpg&amp;q=90&amp;w=160&amp;h=106&amp;zc=1\" alt=\"17\/Nov\/13 19:00 M\u00e9xico Exporta abre en el MUFI\" \/><\/a>eloriente.net\/MUFI 15 de noviembre de 2013 Los timbres postales \u201cM\u00e9xico Exporta\u201d fueron emitidos como serie permanente entre 1975 y 1993. Estos timbres, muy coleccionados y apreciados por su particular propuesta gr\u00e1fica, cubren 28 temas distintos en 14 series, con un total de 112 variantes oficiales. A pesar de ser probablemente la serie m\u00e1s reconocida y [&#8230;]<\/p>\n<p>November 15, 2013<\/p>\n<\/div>\n<p><a title=\"Permalink to Luis Goytisolo es galardonado con Premio Nacional de las Letras Espa\u00f1olas\" href=\"http:\/\/www.eloriente.net\/home\/2013\/11\/14\/luis-goytisolo-es-galardonado-con-premio-nacional-de-las-letras-espanolas\/\" rel=\"bookmark\">Luis Goytisolo es galardonado con Premio Nacional de las Letras Espa\u00f1olas<\/a><\/p>\n<p><a href=\"http:\/\/www.eloriente.net\/home\/2013\/11\/14\/luis-goytisolo-es-galardonado-con-premio-nacional-de-las-letras-espanolas\/\" rel=\"bookmark\"><img decoding=\"async\" title=\"Luis Goytisolo es galardonado con Premio Nacional de las Letras Espa\u00f1olas\" src=\"http:\/\/www.eloriente.net\/home\/wp-content\/themes\/city-desk\/timthumb.php?src=http%3A%2F%2Fwww.eloriente.net%2Fhome%2Fwp-content%2Fuploads%2F2013%2F11%2Fgoytisolo_1-n22.jpg&amp;q=90&amp;w=160&amp;h=106&amp;zc=1\" alt=\"Luis Goytisolo es galardonado con Premio Nacional de las Letras Espa\u00f1olas\" \/><\/a><\/p>\n<p>eloriente.net\/Agencia de Noticias de Canal 22 14 de noviembre de 2013 MADRID, Espa\u00f1a, (N22\/AFP).- El escritor Luis Goytisolo, autor de t\u00edtulos como la tetralog\u00eda Antagon\u00eda, ambientada en la Espa\u00f1a de la transici\u00f3n democr\u00e1tica, fue galardonado este jueves con el Premio Nacional de las Letras Espa\u00f1olas, anunci\u00f3 el ministerio de Cultura, Educaci\u00f3n y Deportes espa\u00f1ol. El [&#8230;]<\/p>\n<p>November 14, 2013<\/p>\n\n\t\t\t  <div \n\t\t\t  \tclass = \"fb-comments\" \n\t\t\t  \tdata-href = \"http:\/\/www.eloriente.net\/home\/2013\/11\/20\/20-22nov13-930-en-vivo-seminario-leer-en-la-universidad-desde-iibi-unam\/\"\n\t\t\t  \tdata-numposts = \"10\"\n\t\t\t\tdata-colorscheme = \"dark\"\n\t\t\t\tdata-order-by = \"social\"\n\t\t\t\tdata-mobile=true>\n\t\t\t  <\/div>\n\t\t  <style>\n\t\t\t.fb_iframe_widget_fluid_desktop iframe {\n\t\t\t    width: 100% !important;\n\t\t\t}\n\t\t  <\/style>\n\t\t  ","protected":false},"excerpt":{"rendered":"<p>eloriente.net\/Instituto de Investigaciones Bibliotecol\u00f3gicas y de la Informaci\u00f3n (IIBI) 20 de noviembre de 2013 ELORIENTE.NET enlaza la se\u00f1al en vivo de un Seminario de primera importancia para el pa\u00eds, pues pretende discutir los desaf\u00edos de la educaci\u00f3n superior en particular en la formaci\u00f3n y promoci\u00f3n de la lectura y la alfabetizaci\u00f3n informacional. Los d\u00edas de [&hellip;]<\/p>\n","protected":false},"author":1,"featured_media":17545,"comment_status":"open","ping_status":"open","sticky":false,"template":"","format":"standard","meta":{"_jetpack_memberships_contains_paid_content":false,"footnotes":""},"categories":[3,18,32,10,84],"tags":[],"class_list":["post-17544","post","type-post","status-publish","format-standard","has-post-thumbnail","hentry","category-canal-1-tu-aula","category-educacion-y-cultura","category-entradas","category-lo-mas-reciente","category-universidades"],"jetpack_featured_media_url":"http:\/\/www.eloriente.net\/home\/wp-content\/uploads\/2013\/11\/cartel_seminario_leer_en_la_universidad.jpg","jetpack_sharing_enabled":true,"_links":{"self":[{"href":"http:\/\/www.eloriente.net\/home\/wp-json\/wp\/v2\/posts\/17544"}],"collection":[{"href":"http:\/\/www.eloriente.net\/home\/wp-json\/wp\/v2\/posts"}],"about":[{"href":"http:\/\/www.eloriente.net\/home\/wp-json\/wp\/v2\/types\/post"}],"author":[{"embeddable":true,"href":"http:\/\/www.eloriente.net\/home\/wp-json\/wp\/v2\/users\/1"}],"replies":[{"embeddable":true,"href":"http:\/\/www.eloriente.net\/home\/wp-json\/wp\/v2\/comments?post=17544"}],"version-history":[{"count":3,"href":"http:\/\/www.eloriente.net\/home\/wp-json\/wp\/v2\/posts\/17544\/revisions"}],"predecessor-version":[{"id":17547,"href":"http:\/\/www.eloriente.net\/home\/wp-json\/wp\/v2\/posts\/17544\/revisions\/17547"}],"wp:featuredmedia":[{"embeddable":true,"href":"http:\/\/www.eloriente.net\/home\/wp-json\/wp\/v2\/media\/17545"}],"wp:attachment":[{"href":"http:\/\/www.eloriente.net\/home\/wp-json\/wp\/v2\/media?parent=17544"}],"wp:term":[{"taxonomy":"category","embeddable":true,"href":"http:\/\/www.eloriente.net\/home\/wp-json\/wp\/v2\/categories?post=17544"},{"taxonomy":"post_tag","embeddable":true,"href":"http:\/\/www.eloriente.net\/home\/wp-json\/wp\/v2\/tags?post=17544"}],"curies":[{"name":"wp","href":"https:\/\/api.w.org\/{rel}","templated":true}]}}